{"id":16229,"date":"2023-07-21T12:00:22","date_gmt":"2023-07-21T10:00:22","guid":{"rendered":"https:\/\/www.memo-media.de\/blog\/?p=16229"},"modified":"2025-01-12T23:30:42","modified_gmt":"2025-01-12T21:30:42","slug":"vernetzung-in-der-branche-fwd-bundesvereinigung-veranstaltungswirtschaft","status":"publish","type":"post","link":"https:\/\/www.memo-media.de\/blog\/vernetzung-in-der-branche-fwd-bundesvereinigung-veranstaltungswirtschaft\/","title":{"rendered":"Die Vernetzung in der Veranstaltungswirtschaft &#8211; fwd: Bundesvereinigung Veranstaltungswirtschaft"},"content":{"rendered":"<div class=\"page\" title=\"Page 1\">\n<div class=\"section\">\n<div class=\"layoutArea\">\n<div class=\"column\">\n<p><strong>Die Coronakrise hatte nicht nur katastrophale Auswirkungen<\/strong>\u00a0auf die Veranstaltungs-\u00a0und Event-Marketing-Branche, sondern zeigte auch, dass es im Gegensatz zu anderen hochkara\u0308tigen Branchen an einer wirkungsvollen, politisch aktiven Lobbyarbeit fu\u0308r die Veranstaltungsbranche fehlte. Im Laufe der sich zuspitzenden Coronakrise setzten sich kluge Ko\u0308pfe zusammen und mischten das bis dorthin existierende Verbandsmosaik auf, um die Lobbyarbeit effektiver zu gestalten. Aus dem Wirtschaftsverband FAMAB wurde die Vereinigung \u00bb[memo_eintrag kundennummer=147256]fwd: Bundesvereinigung Veranstaltungswirtschaft[\/memo_eintrag]\u00ab \u2013 mit neuem Konzept und neuer Ausrichtung.<\/p>\n<div class=\"page\" title=\"Page 1\">\n<div class=\"section\">\n<div class=\"layoutArea\">\n<div class=\"column\">\n<p><strong>Der entscheidende Schritt fu\u0308r den neuen Weg ist,\u00a0<\/strong>dass sich der fwd: nicht als klassischer Wirtschaftsverband, sondern als Vereinigung fu\u0308r die Interessenvertretung sieht. In seinem Selbstversta\u0308ndnis steht fwd: fu\u0308r die disziplinenu\u0308bergreifende Vereinigung der gesamten deutschen Veranstaltungswirtschaft und damit auch fu\u0308r die Eventbranche. Zu den Zielen von fwd: hei\u00dft es: \u00bbMit dem Ziel der politischen und gesellschaftlichen Interessenvertretung setzt sich fwd: fu\u0308r die Zukunftssicherheit dieser Schlu\u0308sselbranche ein.\u00ab In Zahlen ausgedru\u0308ckt bedeutet dies, dass fwd: fu\u0308r die sechst- gro\u0308\u00dfte deutsche Branche steht mit u\u0308ber 100.000 Betrieben, einer Million Bescha\u0308ftigten und einem Jahresumsatz von 130 Milliarden Euro (Zahlen Ende 2019).<\/p>\n<div id=\"attachment_16239\" style=\"width: 310px\" class=\"wp-caption alignleft\"><a href=\"https:\/\/www.memo-media.de\/blog\/wp-content\/uploads\/2023\/06\/bildschirmfoto-2023-06-27-um-12.16.18.png\"><img aria-describedby=\"caption-attachment-16239\" decoding=\"async\" loading=\"lazy\" class=\"size-medium wp-image-16239\" src=\"https:\/\/www.memo-media.de\/blog\/wp-content\/uploads\/2023\/06\/bildschirmfoto-2023-06-27-um-12.16.18-300x179.png\" alt=\"Der Wandel des Verbandes \u00fcber die Jahrzehnte bildet sich auch im Logo ab\" width=\"300\" height=\"179\" srcset=\"https:\/\/www.memo-media.de\/blog\/wp-content\/uploads\/2023\/06\/bildschirmfoto-2023-06-27-um-12.16.18-300x179.png 300w, https:\/\/www.memo-media.de\/blog\/wp-content\/uploads\/2023\/06\/bildschirmfoto-2023-06-27-um-12.16.18-1024x611.png 1024w, https:\/\/www.memo-media.de\/blog\/wp-content\/uploads\/2023\/06\/bildschirmfoto-2023-06-27-um-12.16.18-768x458.png 768w, https:\/\/www.memo-media.de\/blog\/wp-content\/uploads\/2023\/06\/bildschirmfoto-2023-06-27-um-12.16.18-1536x916.png 1536w, https:\/\/www.memo-media.de\/blog\/wp-content\/uploads\/2023\/06\/bildschirmfoto-2023-06-27-um-12.16.18-335x200.png 335w, https:\/\/www.memo-media.de\/blog\/wp-content\/uploads\/2023\/06\/bildschirmfoto-2023-06-27-um-12.16.18-1050x626.png 1050w, https:\/\/www.memo-media.de\/blog\/wp-content\/uploads\/2023\/06\/bildschirmfoto-2023-06-27-um-12.16.18.png 1549w\" sizes=\"(max-width: 300px) 100vw, 300px\" \/><\/a><p id=\"caption-attachment-16239\" class=\"wp-caption-text\">Der Wandel des Verbandes \u00fcber die Jahrzehnte bildet sich auch im Logo ab<\/p><\/div>\n<p>Um die gro\u0308\u00dftmo\u0308gliche Wirkung zu erzielen und fu\u0308r die mo\u0308glichst gro\u00dfe Anzahl von Unternehmen und Bescha\u0308ftigten in der Veranstaltungsbranche zu agieren, bietet die Vereinigung ungewo\u0308hnliche Mo\u0308glichkeiten fu\u0308r eine Mitgliedschaft an: von ideellen Unterstu\u0308tzer:innen (Follower) u\u0308ber perso\u0308nliche Mitgliedschaften (Supporter, Member) bishin zu Unternehmensmitgliedschaften (Small, Medium, Large Company).<\/p>\n<p>Dieses Mitgliedsmanagement ist wesentlich effektiver als die klassische Mitgliedschaft in einem [memo_kategorie id=3877]Wirtschaftsverband[\/memo_kategorie], in dem man oft mehr konkurriert als miteinander agiert.<\/p>\n<div class=\"page\" title=\"Page 1\">\n<div class=\"section\">\n<div class=\"layoutArea\">\n<div class=\"column\">\n<p>Eine weitere Ma\u00dfnahme des fwd: tra\u0308gt zur Effektivita\u0308t bei: Man hat sich fru\u0308hzeitig dazu entschlossen, Landesverba\u0308nde zu gru\u0308nden, um Einzelpersonen und Unternehmen besser vor Ort abzuholen. Zurzeit existieren bereits fu\u0308nf Landesverba\u0308nde. Ein sechster Landesverband in Nordrhein-Westfalen steht in Aufbau. Des Weiteren ist der fwd: auf verschiedenen Social-Media-Plattformen aktiv, um die Personen der Veranstaltungsbranche zu informieren und auch politisch abzuholen.<\/p>\n<p>In puncto Organisation bilden zurzeit elf Personen aus verschiedenen Bereichen der Veranstaltungsbranche den Vorstand. Die Gescha\u0308ftsfu\u0308hrung obliegt Alex Ostermaier, vormals Gescha\u0308ftsfu\u0308hrer des etablierten Veranstaltungsdienstleisters Neumann &amp; Mu\u0308ller, und Silke Schulte, langja\u0308hrige Mitarbeiterin der FAMAB-Gescha\u0308ftsstelle. Erste Erfolge bei der Interessenvertretung stellten sich, auch wa\u0308hrend der akuten Coronazeit, schnell ein. Der fwd: verschaffte sich zielgerichtet Zugang und Geho\u0308r zu politischen Gremien, Parteien sowie Politiker:innen und konnte die fachlichen wie auch wirtschaftlichen Faktoren der Veranstaltungsbranche einbringen.<\/p>\n<div class=\"page\" title=\"Page 2\">\n<div class=\"section\">\n<div class=\"layoutArea\">\n<div class=\"column\">\n<h2>RU\u0308CKBLICK: FME IM FAMAB<\/h2>\n<div id=\"attachment_16240\" style=\"width: 236px\" class=\"wp-caption alignright\"><a href=\"https:\/\/www.memo-media.de\/blog\/wp-content\/uploads\/2023\/06\/ao-214_a.jpg\"><img aria-describedby=\"caption-attachment-16240\" decoding=\"async\" loading=\"lazy\" class=\" wp-image-16240\" src=\"https:\/\/www.memo-media.de\/blog\/wp-content\/uploads\/2023\/06\/ao-214_a-217x300.jpg\" alt=\"fwd:-Gesch\u00e4ftsf\u00fchrer ist Alex Ostermaier, vormals Gesch\u00e4ftsf\u00fchrer des etablierten Veranstaltungsdienst- leisters Neumann &amp; M\u00fcller\" width=\"226\" height=\"312\" \/><\/a><p id=\"caption-attachment-16240\" class=\"wp-caption-text\">fwd:-Gesch\u00e4ftsf\u00fchrer ist Alex Ostermaier, vormals Gesch\u00e4ftsf\u00fchrer des etablierten Veranstaltungsdienst- leisters Neumann &amp; M\u00fcller<\/p><\/div>\n<p>Mitte der 90er Jahre erkannten einige fu\u0308hrende und erfolgreiche Eventagenturen \u2013 unter ihnen [memo_eintrag kundennummer=168961]Vok Dams[\/memo_eintrag], Kogag, G&amp;D \u2013, dass man fu\u0308r die Eventagentur-Branche ein Sprachrohr beno\u0308tigte, um sich im Marketingmix gegen die dominierenden Beratungs- und Werbeagenturen durchzusetzen. Bis zu dieser Zeit respektierten sich die Eventagenturen zwar, standen aber in sta\u0308ndiger Konkurrenz. Unter dem Druck der Marketinganforderungen einigte man sich, das \u00bbForum fu\u0308r Marketing-Eventagenturen\u00ab (FME) zu gru\u0308nden. Als Dachverband wa\u0308hlte FME den FAMAB.<\/p>\n<div class=\"page\" title=\"Page 3\">\n<div class=\"section\">\n<div class=\"layoutArea\">\n<div class=\"column\">\n<p>Dieser wurde im Jahr 1963 als Fachverband Messe- und Ausstellungsbau (FAMAB) gegru\u0308ndet und hatte seinen Sitz in Rheda-Wiedenbru\u0308ck. Die Verantwortlichen des FME sahen im FAMAB eine gewisse inhaltliche Na\u0308he und hofften, dass sie durch den etablierten Verband mehr Geho\u0308r in der\u00a0Branche erhalten ko\u0308nnten. Unter Leitung von Vok Dams, der am 19. Mai 2023 im Alter von 85 Jahren unerwartet verstorben ist, und mit Hilfe der wortgewaltigen FAMAB-Gescha\u0308ftsfu\u0308hrerin Elfie Adler versuchte das FME, das Image der Eventagenturen zu verbessern sowie die Professionalita\u0308t der Eventagenturen bei Marketingstrategien, -konzeptionen und -durchfu\u0308hrungen darzustellen.<\/p>\n<div id=\"attachment_16241\" style=\"width: 138px\" class=\"wp-caption alignleft\"><a href=\"https:\/\/www.memo-media.de\/blog\/wp-content\/uploads\/2023\/06\/bbw_img_4599_lr-final-scaled-e1687861386195.jpg\"><img aria-describedby=\"caption-attachment-16241\" decoding=\"async\" loading=\"lazy\" class=\" wp-image-16241\" src=\"https:\/\/www.memo-media.de\/blog\/wp-content\/uploads\/2023\/06\/bbw_img_4599_lr-final-scaled-e1687861386195-223x300.jpg\" alt=\"Vok Dams, der am 19. Mai 2023 im Alter von 85 Jahren unerwartet verstorben ist\" width=\"128\" height=\"172\" srcset=\"https:\/\/www.memo-media.de\/blog\/wp-content\/uploads\/2023\/06\/bbw_img_4599_lr-final-scaled-e1687861386195-223x300.jpg 223w, https:\/\/www.memo-media.de\/blog\/wp-content\/uploads\/2023\/06\/bbw_img_4599_lr-final-scaled-e1687861386195-760x1024.jpg 760w, https:\/\/www.memo-media.de\/blog\/wp-content\/uploads\/2023\/06\/bbw_img_4599_lr-final-scaled-e1687861386195-768x1035.jpg 768w, https:\/\/www.memo-media.de\/blog\/wp-content\/uploads\/2023\/06\/bbw_img_4599_lr-final-scaled-e1687861386195-1139x1536.jpg 1139w, https:\/\/www.memo-media.de\/blog\/wp-content\/uploads\/2023\/06\/bbw_img_4599_lr-final-scaled-e1687861386195-335x452.jpg 335w, https:\/\/www.memo-media.de\/blog\/wp-content\/uploads\/2023\/06\/bbw_img_4599_lr-final-scaled-e1687861386195-1050x1415.jpg 1050w, https:\/\/www.memo-media.de\/blog\/wp-content\/uploads\/2023\/06\/bbw_img_4599_lr-final-scaled-e1687861386195.jpg 1267w\" sizes=\"(max-width: 128px) 100vw, 128px\" \/><\/a><p id=\"caption-attachment-16241\" class=\"wp-caption-text\">Vok Dams, der am 19.05. 2023 im Alter von 85 Jahren unerwartet verstarb<\/p><\/div>\n<p>Die Eventagentur-Szene hatte bis zu diesem Zeitpunkt ein schlechtes Image. Die Werbebranche schob auch die professionellen Eventagenturen in die Ecke von Partymachern, Hochzeitsplanern oder Hotelbuchungsagenturen. Vok Dams hatte mit seiner gleichlautenden Eventagentur allerdings schon ein gro\u00dfes Renommee in der Branche \u2013 im Inland wie auch im Ausland \u2013 erlangt, sodass er kraft seiner hoch angesehenen Perso\u0308nlichkeit sowie den Erfolgen seiner Eventagentur den FME in der Marketingbranche protegieren und auch die Rolle von professionellen Events im Marketingmix mehr Bedeutung verleihen konnte.\u00a0Auf Verbandsebene organisierte das FME u. a. den \u00bbDeutschen Eventtag\u00ab mit bedeutenden Fachvortra\u0308gen und Programmen, schuf den erfolgreichen EvA-Award sowie den Nachwuchs-Award DAVID und stellte Qualita\u0308tskriterien auf, um die Professionalita\u0308t der Eventbranche im Marketingmix zu dokumentieren.<\/p>\n<div class=\"page\" title=\"Page 3\">\n<div class=\"section\">\n<div class=\"layoutArea\">\n<div class=\"column\">\n<h2>DER NA\u0308CHSTE SCHRITT: KOMMUNIKATIONSVERBAND UND BRAND-EX<\/h2>\n<p>Anfang 2014 gab es einen Wechsel in der Gescha\u0308ftsfu\u0308hrung des FAMAB. Auf Elfie Adler folgte Jan Kalbfleisch \u2013 und damit auch ein Paradigmenwechsel. Die starre Aufteilung des Verbandes in Messe- und Eventbranche wurde aufgelo\u0308st und der Headline \u00bbKommunikation\u00ab untergeordnet. Aus \u00bbFAMAB Fachverband Messe- und Ausstellungsbau\u00ab entwickelte man \u00bbFAMAB Verband Direkte Wirtschaftskommunikation\u00ab und in einem weiteren Schritt den \u00bbFAMAB Kommunikationsverband\u00ab.<\/p>\n<p>Um besser wahrgenommen zu werden und sich besser darzustellen, stieg der Verband im Jahr 2017 bei der Fachmesse \u00bbBest of Events\u00ab (BOE) als fachlicher Tra\u0308ger ein und wandelte die FAMAB-Awards in das Format \u00bb[memo_eintrag kundennummer=167865]BrandEX[\/memo_eintrag]\u00ab um. Die Entwicklung der \u00bbBrandEX\u00ab- Veranstaltungen hat allerdings starke Abnutzungserscheinungen gezeigt. Fu\u0308r die Staffel 2024 hat man sich strukturelle Reformen u\u0308berlegt und legte eine Bewerbungsphase in drei Schritten an. Spannend und einer Eventbranche affin ist, dass die Jury-Runden transparent gestaltet und in der letzten Stufe des Award-Prozesses die besten Einreichungen wa\u0308hrend der BrandEX-Veranstaltung auf der [memo_eintrag kundennummer=123752]BOE[\/memo_eintrag] live bewertet werden sollen.<\/p>\n<div class=\"page\" title=\"Page 3\">\n<div class=\"section\">\n<div class=\"layoutArea\">\n<div class=\"column\">\n<h2>DER WANDEL: AUS FAMAB WIRD FWD:<\/h2>\n<p>Die Coronapandemie und ihre katastrophalen Auswirkungen auf die Veranstaltungswirtschaft haben gezeigt, dass die Ausrichtung eines Verbandes auf Selbstdarstellung nicht ausreicht, um Schaden von der existenzbedrohten Branche abzuwehren und fu\u0308r notwendige Unterstu\u0308tzungen zu ka\u0308mpfen \u2013 besonders auf politischer Ebene und bei Ministerien. Im Juni 2021 wurde auf einer au\u00dferordentlichen Mitgliederversammlung der FAMAB Kommunikationsverband in \u00bbfwd: Bundesvereinigung Veranstaltungswirtschaft\u00ab umbenannt und die Neuausrichtung in die Wege geleitet. Programm, Aufgaben, innere Struktur und Pra\u0308senz wurden neu festgelegt, die Gescha\u0308ftsstelle in Rheda-Wiedenbru\u0308ck u\u0308bernommen. Damit waren die Weichen fu\u0308r eine wirksame Interessenvertretung sowie eine fachlich fundierte Aufarbeitung der Kernthemen der Veranstaltungswirtschaft gestellt.<\/p>\n<\/div>\n<\/div>\n<\/div>\n<\/div>\n<\/div>\n<\/div>\n<\/div>\n<\/div>\n<\/div>\n<\/div>\n<\/div>\n<\/div>\n<\/div>\n<\/div>\n<\/div>\n<\/div>\n<\/div>\n<\/div>\n<\/div>\n<\/div>\n<\/div>\n<\/div>\n<\/div>\n<\/div>\n<\/div>\n<\/div>\n<\/div>\n<\/div>\n","protected":false},"excerpt":{"rendered":"<p>Die Coronakrise hatte nicht nur katastrophale Auswirkungen\u00a0auf die Veranstaltungs-\u00a0und Event-Marketing-Branche, sondern zeigte auch, dass es im Gegensatz zu anderen hochkara\u0308tigen&#8230;<\/p>\n","protected":false},"author":72,"featured_media":16240,"comment_status":"closed","ping_status":"open","sticky":false,"template":"","format":"standard","meta":[],"categories":[5,10],"tags":[191,2918,2920,2919],"yoast_head":"<!-- This site is optimized with the Yoast SEO Premium plugin v20.5 (Yoast SEO v20.5) - https:\/\/yoast.com\/wordpress\/plugins\/seo\/ -->\n<title>Die Vernetzung in der Veranstaltungswirtschaft - fwd: Bundesvereinigung Veranstaltungswirtschaft<\/title>\n<meta name=\"description\" content=\"Die fwd: Bundesvereinigung Veranstaltungswirtschaft hat die Weichen f\u00fcr eine Interessenvertretung der Veranstaltungswirtschaft gestellt.\" \/>\n<meta name=\"robots\" content=\"index, follow, max-snippet:-1, max-image-preview:large, max-video-preview:-1\" \/>\n<link rel=\"canonical\" href=\"https:\/\/www.memo-media.de\/blog\/vernetzung-in-der-branche-fwd-bundesvereinigung-veranstaltungswirtschaft\/\" \/>\n<meta property=\"og:locale\" content=\"de_DE\" \/>\n<meta property=\"og:type\" content=\"article\" \/>\n<meta property=\"og:title\" content=\"Die Vernetzung in der Veranstaltungswirtschaft - fwd: Bundesvereinigung Veranstaltungswirtschaft\" \/>\n<meta property=\"og:description\" content=\"Die fwd: Bundesvereinigung Veranstaltungswirtschaft hat die Weichen f\u00fcr eine Interessenvertretung der Veranstaltungswirtschaft gestellt.\" \/>\n<meta property=\"og:url\" content=\"https:\/\/www.memo-media.de\/blog\/vernetzung-in-der-branche-fwd-bundesvereinigung-veranstaltungswirtschaft\/\" \/>\n<meta property=\"og:site_name\" content=\"memo-media Blog f\u00fcr die Eventplanung\" \/>\n<meta property=\"article:published_time\" content=\"2023-07-21T10:00:22+00:00\" \/>\n<meta property=\"article:modified_time\" content=\"2025-01-12T21:30:42+00:00\" \/>\n<meta property=\"og:image\" content=\"https:\/\/www.memo-media.de\/blog\/wp-content\/uploads\/2023\/06\/ao-214_a-e1687865926920.jpg\" \/>\n\t<meta property=\"og:image:width\" content=\"1536\" \/>\n\t<meta property=\"og:image:height\" content=\"1536\" \/>\n\t<meta property=\"og:image:type\" content=\"image\/jpeg\" \/>\n<meta name=\"author\" content=\"Walter Wehrhan\" \/>\n<meta name=\"twitter:label1\" content=\"Verfasst von\" \/>\n\t<meta name=\"twitter:data1\" content=\"Walter Wehrhan\" \/>\n\t<meta name=\"twitter:label2\" content=\"Gesch\u00e4tzte Lesezeit\" \/>\n\t<meta name=\"twitter:data2\" content=\"6\u00a0Minuten\" \/>\n<script type=\"application\/ld+json\" class=\"yoast-schema-graph\">{\"@context\":\"https:\/\/schema.org\",\"@graph\":[{\"@type\":\"WebPage\",\"@id\":\"https:\/\/www.memo-media.de\/blog\/vernetzung-in-der-branche-fwd-bundesvereinigung-veranstaltungswirtschaft\/\",\"url\":\"https:\/\/www.memo-media.de\/blog\/vernetzung-in-der-branche-fwd-bundesvereinigung-veranstaltungswirtschaft\/\",\"name\":\"Die Vernetzung in der Veranstaltungswirtschaft - fwd: Bundesvereinigung Veranstaltungswirtschaft\",\"isPartOf\":{\"@id\":\"https:\/\/www.memo-media.de\/blog\/#website\"},\"datePublished\":\"2023-07-21T10:00:22+00:00\",\"dateModified\":\"2025-01-12T21:30:42+00:00\",\"author\":{\"@id\":\"https:\/\/www.memo-media.de\/blog\/#\/schema\/person\/de6299976f8f9c756af57b9815605e95\"},\"description\":\"Die fwd: Bundesvereinigung Veranstaltungswirtschaft hat die Weichen f\u00fcr eine Interessenvertretung der Veranstaltungswirtschaft gestellt.\",\"breadcrumb\":{\"@id\":\"https:\/\/www.memo-media.de\/blog\/vernetzung-in-der-branche-fwd-bundesvereinigung-veranstaltungswirtschaft\/#breadcrumb\"},\"inLanguage\":\"de\",\"potentialAction\":[{\"@type\":\"ReadAction\",\"target\":[\"https:\/\/www.memo-media.de\/blog\/vernetzung-in-der-branche-fwd-bundesvereinigung-veranstaltungswirtschaft\/\"]}]},{\"@type\":\"BreadcrumbList\",\"@id\":\"https:\/\/www.memo-media.de\/blog\/vernetzung-in-der-branche-fwd-bundesvereinigung-veranstaltungswirtschaft\/#breadcrumb\",\"itemListElement\":[{\"@type\":\"ListItem\",\"position\":1,\"name\":\"Home\",\"item\":\"https:\/\/www.memo-media.de\/blog\/\"},{\"@type\":\"ListItem\",\"position\":2,\"name\":\"Die Vernetzung in der Veranstaltungswirtschaft &#8211; fwd: Bundesvereinigung Veranstaltungswirtschaft\"}]},{\"@type\":\"WebSite\",\"@id\":\"https:\/\/www.memo-media.de\/blog\/#website\",\"url\":\"https:\/\/www.memo-media.de\/blog\/\",\"name\":\"memo-media Blog f\u00fcr die Eventplanung\",\"description\":\"News und Facts aus der Eventbranche f\u00fcr die Eventbranche\",\"potentialAction\":[{\"@type\":\"SearchAction\",\"target\":{\"@type\":\"EntryPoint\",\"urlTemplate\":\"https:\/\/www.memo-media.de\/blog\/?s={search_term_string}\"},\"query-input\":\"required name=search_term_string\"}],\"inLanguage\":\"de\"},{\"@type\":\"Person\",\"@id\":\"https:\/\/www.memo-media.de\/blog\/#\/schema\/person\/de6299976f8f9c756af57b9815605e95\",\"name\":\"Walter Wehrhan\",\"image\":{\"@type\":\"ImageObject\",\"inLanguage\":\"de\",\"@id\":\"https:\/\/www.memo-media.de\/blog\/#\/schema\/person\/image\/\",\"url\":\"https:\/\/www.memo-media.de\/blog\/wp-content\/uploads\/2022\/07\/hsf_0593-scaled-e1687856447419-150x150.jpg\",\"contentUrl\":\"https:\/\/www.memo-media.de\/blog\/wp-content\/uploads\/2022\/07\/hsf_0593-scaled-e1687856447419-150x150.jpg\",\"caption\":\"Walter Wehrhan\"},\"description\":\"Dr. Walter Wehrhan ist freier Dozent der Fachhochschule des Mittelstands K\u00f6ln in den Bereichen Event-Management und Crossmedialer Journalismus. Als Bassist spielt er aktiv in der Retro-Band \u00bbBlow Up Reunion\u00ab, die er mit zwei Freunden im Jahr 1966 als Sch\u00fclerband gegr\u00fcndet hatte. Zudem unterst\u00fctzt er als Gastmusiker zahlreiche Bands im K\u00f6ln-Bonner-Raum. In der Event- und Veranstaltungsbranche wurde Dr. Walter Wehrhan bekannt, da er in den 90er-Jahren im damaligen K\u00f6lner MM-Musik-Media-Verlag u. a. die Fachmagazine \u00bbProduction Partner\u00ab, \u00bbEvent Partner\u00ab und \u00bbProfessional System\u00ab gr\u00fcndete und diese langj\u00e4hrig als Publisher und Chefredakteur leitete. Seit 2019 schreibt er auch f\u00fcr die showcases und ist bei weiteren Projekten bei memo-media mit an Bord.\",\"url\":\"https:\/\/www.memo-media.de\/blog\/author\/walter-wehrhan\/\"}]}<\/script>\n<!-- \/ Yoast SEO Premium plugin. -->","yoast_head_json":{"title":"Die Vernetzung in der Veranstaltungswirtschaft - fwd: Bundesvereinigung Veranstaltungswirtschaft","description":"Die fwd: Bundesvereinigung Veranstaltungswirtschaft hat die Weichen f\u00fcr eine Interessenvertretung der Veranstaltungswirtschaft gestellt.","robots":{"index":"index","follow":"follow","max-snippet":"max-snippet:-1","max-image-preview":"max-image-preview:large","max-video-preview":"max-video-preview:-1"},"canonical":"https:\/\/www.memo-media.de\/blog\/vernetzung-in-der-branche-fwd-bundesvereinigung-veranstaltungswirtschaft\/","og_locale":"de_DE","og_type":"article","og_title":"Die Vernetzung in der Veranstaltungswirtschaft - fwd: Bundesvereinigung Veranstaltungswirtschaft","og_description":"Die fwd: Bundesvereinigung Veranstaltungswirtschaft hat die Weichen f\u00fcr eine Interessenvertretung der Veranstaltungswirtschaft gestellt.","og_url":"https:\/\/www.memo-media.de\/blog\/vernetzung-in-der-branche-fwd-bundesvereinigung-veranstaltungswirtschaft\/","og_site_name":"memo-media Blog f\u00fcr die Eventplanung","article_published_time":"2023-07-21T10:00:22+00:00","article_modified_time":"2025-01-12T21:30:42+00:00","og_image":[{"width":1536,"height":1536,"url":"https:\/\/www.memo-media.de\/blog\/wp-content\/uploads\/2023\/06\/ao-214_a-e1687865926920.jpg","type":"image\/jpeg"}],"author":"Walter Wehrhan","twitter_misc":{"Verfasst von":"Walter Wehrhan","Gesch\u00e4tzte Lesezeit":"6\u00a0Minuten"},"schema":{"@context":"https:\/\/schema.org","@graph":[{"@type":"WebPage","@id":"https:\/\/www.memo-media.de\/blog\/vernetzung-in-der-branche-fwd-bundesvereinigung-veranstaltungswirtschaft\/","url":"https:\/\/www.memo-media.de\/blog\/vernetzung-in-der-branche-fwd-bundesvereinigung-veranstaltungswirtschaft\/","name":"Die Vernetzung in der Veranstaltungswirtschaft - fwd: Bundesvereinigung Veranstaltungswirtschaft","isPartOf":{"@id":"https:\/\/www.memo-media.de\/blog\/#website"},"datePublished":"2023-07-21T10:00:22+00:00","dateModified":"2025-01-12T21:30:42+00:00","author":{"@id":"https:\/\/www.memo-media.de\/blog\/#\/schema\/person\/de6299976f8f9c756af57b9815605e95"},"description":"Die fwd: Bundesvereinigung Veranstaltungswirtschaft hat die Weichen f\u00fcr eine Interessenvertretung der Veranstaltungswirtschaft gestellt.","breadcrumb":{"@id":"https:\/\/www.memo-media.de\/blog\/vernetzung-in-der-branche-fwd-bundesvereinigung-veranstaltungswirtschaft\/#breadcrumb"},"inLanguage":"de","potentialAction":[{"@type":"ReadAction","target":["https:\/\/www.memo-media.de\/blog\/vernetzung-in-der-branche-fwd-bundesvereinigung-veranstaltungswirtschaft\/"]}]},{"@type":"BreadcrumbList","@id":"https:\/\/www.memo-media.de\/blog\/vernetzung-in-der-branche-fwd-bundesvereinigung-veranstaltungswirtschaft\/#breadcrumb","itemListElement":[{"@type":"ListItem","position":1,"name":"Home","item":"https:\/\/www.memo-media.de\/blog\/"},{"@type":"ListItem","position":2,"name":"Die Vernetzung in der Veranstaltungswirtschaft &#8211; fwd: Bundesvereinigung Veranstaltungswirtschaft"}]},{"@type":"WebSite","@id":"https:\/\/www.memo-media.de\/blog\/#website","url":"https:\/\/www.memo-media.de\/blog\/","name":"memo-media Blog f\u00fcr die Eventplanung","description":"News und Facts aus der Eventbranche f\u00fcr die Eventbranche","potentialAction":[{"@type":"SearchAction","target":{"@type":"EntryPoint","urlTemplate":"https:\/\/www.memo-media.de\/blog\/?s={search_term_string}"},"query-input":"required name=search_term_string"}],"inLanguage":"de"},{"@type":"Person","@id":"https:\/\/www.memo-media.de\/blog\/#\/schema\/person\/de6299976f8f9c756af57b9815605e95","name":"Walter Wehrhan","image":{"@type":"ImageObject","inLanguage":"de","@id":"https:\/\/www.memo-media.de\/blog\/#\/schema\/person\/image\/","url":"https:\/\/www.memo-media.de\/blog\/wp-content\/uploads\/2022\/07\/hsf_0593-scaled-e1687856447419-150x150.jpg","contentUrl":"https:\/\/www.memo-media.de\/blog\/wp-content\/uploads\/2022\/07\/hsf_0593-scaled-e1687856447419-150x150.jpg","caption":"Walter Wehrhan"},"description":"Dr. Walter Wehrhan ist freier Dozent der Fachhochschule des Mittelstands K\u00f6ln in den Bereichen Event-Management und Crossmedialer Journalismus. Als Bassist spielt er aktiv in der Retro-Band \u00bbBlow Up Reunion\u00ab, die er mit zwei Freunden im Jahr 1966 als Sch\u00fclerband gegr\u00fcndet hatte. Zudem unterst\u00fctzt er als Gastmusiker zahlreiche Bands im K\u00f6ln-Bonner-Raum. In der Event- und Veranstaltungsbranche wurde Dr. Walter Wehrhan bekannt, da er in den 90er-Jahren im damaligen K\u00f6lner MM-Musik-Media-Verlag u. a. die Fachmagazine \u00bbProduction Partner\u00ab, \u00bbEvent Partner\u00ab und \u00bbProfessional System\u00ab gr\u00fcndete und diese langj\u00e4hrig als Publisher und Chefredakteur leitete. Seit 2019 schreibt er auch f\u00fcr die showcases und ist bei weiteren Projekten bei memo-media mit an Bord.","url":"https:\/\/www.memo-media.de\/blog\/author\/walter-wehrhan\/"}]}},"_links":{"self":[{"href":"https:\/\/www.memo-media.de\/blog\/wp-json\/wp\/v2\/posts\/16229"}],"collection":[{"href":"https:\/\/www.memo-media.de\/blog\/wp-json\/wp\/v2\/posts"}],"about":[{"href":"https:\/\/www.memo-media.de\/blog\/wp-json\/wp\/v2\/types\/post"}],"author":[{"embeddable":true,"href":"https:\/\/www.memo-media.de\/blog\/wp-json\/wp\/v2\/users\/72"}],"replies":[{"embeddable":true,"href":"https:\/\/www.memo-media.de\/blog\/wp-json\/wp\/v2\/comments?post=16229"}],"version-history":[{"count":24,"href":"https:\/\/www.memo-media.de\/blog\/wp-json\/wp\/v2\/posts\/16229\/revisions"}],"predecessor-version":[{"id":17944,"href":"https:\/\/www.memo-media.de\/blog\/wp-json\/wp\/v2\/posts\/16229\/revisions\/17944"}],"wp:featuredmedia":[{"embeddable":true,"href":"https:\/\/www.memo-media.de\/blog\/wp-json\/wp\/v2\/media\/16240"}],"wp:attachment":[{"href":"https:\/\/www.memo-media.de\/blog\/wp-json\/wp\/v2\/media?parent=16229"}],"wp:term":[{"taxonomy":"category","embeddable":true,"href":"https:\/\/www.memo-media.de\/blog\/wp-json\/wp\/v2\/categories?post=16229"},{"taxonomy":"post_tag","embeddable":true,"href":"https:\/\/www.memo-media.de\/blog\/wp-json\/wp\/v2\/tags?post=16229"}],"curies":[{"name":"wp","href":"https:\/\/api.w.org\/{rel}","templated":true}]}}