{"id":16183,"date":"2023-08-29T10:30:03","date_gmt":"2023-08-29T08:30:03","guid":{"rendered":"https:\/\/www.memo-media.de\/blog\/?p=16183"},"modified":"2025-02-28T14:57:38","modified_gmt":"2025-02-28T12:57:38","slug":"eventueberdachungen-fuer-outdoor-events-von-skyliner-viel-mehr-als-ein-wetterschutz-beim-sommerfest-der-giesinger-brauerei","status":"publish","type":"post","link":"https:\/\/www.memo-media.de\/blog\/eventueberdachungen-fuer-outdoor-events-von-skyliner-viel-mehr-als-ein-wetterschutz-beim-sommerfest-der-giesinger-brauerei\/","title":{"rendered":"Event\u00fcberdachungen f\u00fcr Outdoor-Events von skyliner \u2013 Viel mehr als ein Wetterschutz beim Sommerfest der Giesinger Brauerei"},"content":{"rendered":"<p>Erinnert ihr euch an skyliner? Vor einiger Zeit habe ich <a href=\"https:\/\/www.memo-media.de\/blog\/eventueberdachungen-von-skyliner\/\" target=\"_blank\" rel=\"noopener\">hier im Blog<\/a> schon mal \u00fcber Felix Lenz garagengestartetes Unternehmen berichtet. Seitdem schaue ich bei jeder Veranstaltung mit gesch\u00e4rftem Blick auf \u00dcberdachungen und Co. Und da sieht man so einiges: von improvisierten Notfalll\u00f6sungen \u00fcber ein Meer an Schirmen bis hin zu den klassischen Festzelten. Oft ist es so, dass man ein irgendwie gutes Gef\u00fchl hat, wenn man eine \u00fcberdachte Eventlocation betritt. Aber warum? Was macht eine gute \u00dcberdachung f\u00fcr Open Air-Events aus und was eben nicht? Die Frage habe ich Felix gestellt \u2013 er muss es schlie\u00dflich wissen.<\/p>\n<p>&nbsp;<\/p>\n<h3>Eindrucksvolle Event\u00fcberdachungen f\u00fcr Outdoor-Events von skyliner<\/h3>\n<div id=\"attachment_16450\" style=\"width: 310px\" class=\"wp-caption alignleft\"><a href=\"https:\/\/www.memo-media.de\/blog\/wp-content\/uploads\/2023\/08\/skyliner_giesinger-3.jpg\"><img aria-describedby=\"caption-attachment-16450\" decoding=\"async\" loading=\"lazy\" class=\"wp-image-16450 size-medium\" src=\"https:\/\/www.memo-media.de\/blog\/wp-content\/uploads\/2023\/08\/skyliner_giesinger-3-300x180.jpg\" alt=\"Ideale Event\u00fcberdachungen f\u00fcr Outdoor-Events m\u00fcssen viele Kriterien erf\u00fcllen - skyliner schafft das!(c) skyliner GmbH\" width=\"300\" height=\"180\" srcset=\"https:\/\/www.memo-media.de\/blog\/wp-content\/uploads\/2023\/08\/skyliner_giesinger-3-300x180.jpg 300w, https:\/\/www.memo-media.de\/blog\/wp-content\/uploads\/2023\/08\/skyliner_giesinger-3-768x462.jpg 768w, https:\/\/www.memo-media.de\/blog\/wp-content\/uploads\/2023\/08\/skyliner_giesinger-3-335x201.jpg 335w, https:\/\/www.memo-media.de\/blog\/wp-content\/uploads\/2023\/08\/skyliner_giesinger-3.jpg 1000w\" sizes=\"(max-width: 300px) 100vw, 300px\" \/><\/a><p id=\"caption-attachment-16450\" class=\"wp-caption-text\">Ideale Event\u00fcberdachungen f\u00fcr Outdoor-Events m\u00fcssen viele Kriterien erf\u00fcllen &#8211; skyliner schafft das! (c) skyliner GmbH<\/p><\/div>\n<p>Vor 13 Jahren hat Felix mit Kreativit\u00e4t und Knowhow den ersten skyliner konstruiert. Heute \u00fcberdachen er und sein Team Open-Air-Events aller Art. Die besondere Form der <a href=\"https:\/\/www.skyliner.tv\/systeme\" target=\"_blank\" rel=\"noopener\">Schirme <\/a>spricht dabei f\u00fcr sich: \u00c4hnlich einem Zirkuszelt wird bei einem skyliner riesiges Kunstfasergewebe an einem von Towern gest\u00fctzten polygonalen Traversenring \u00fcber der Location aufgespannt. Die Tower sind dabei am Rand positioniert, so dass die Sicht unterm skyliner immer unverstellt ist. Ideal f\u00fcr fast jede Art von Open Air-Event. \u201eUnd damit haben wir auch schon die erste Antwort auf deine Frage nach dem perfekten Dach: Es muss die Veranstaltung optimal in Szene setzen. Der Blick, zum Beispiel Richtung B\u00fchne, muss m\u00f6glichst von allen Seiten frei sein. Es geht ja nicht ums Dach, sondern darum, was sich darunter abspielt\u201c erkl\u00e4rt Felix. Um mir noch genauer zu beschreiben, was Event\u00fcberdachungen f\u00fcr Outdoor-Events leisten m\u00fcssen, erz\u00e4hlt mir Felix von einem Kunden, f\u00fcr den sie das diesj\u00e4hrige Sommerfest \u00fcberdachen werden: die Giesinger Brauerei in M\u00fcnchen.<\/p>\n<p>&nbsp;<\/p>\n<h3>Perfekt be-dacht \u2013 skyliner beim Sommerfest der Giesinger Brauerei<\/h3>\n<div id=\"attachment_16449\" style=\"width: 310px\" class=\"wp-caption alignright\"><a href=\"https:\/\/www.memo-media.de\/blog\/wp-content\/uploads\/2023\/08\/skyliner_giesinger-1.jpg\"><img aria-describedby=\"caption-attachment-16449\" decoding=\"async\" loading=\"lazy\" class=\"wp-image-16449 size-medium\" src=\"https:\/\/www.memo-media.de\/blog\/wp-content\/uploads\/2023\/08\/skyliner_giesinger-1-300x180.jpg\" alt=\"Hereinspaziert! Giesinger l\u00e4dt zum Sommerfest unterm skyliner(c) skyliner GmbH\" width=\"300\" height=\"180\" srcset=\"https:\/\/www.memo-media.de\/blog\/wp-content\/uploads\/2023\/08\/skyliner_giesinger-1-300x180.jpg 300w, https:\/\/www.memo-media.de\/blog\/wp-content\/uploads\/2023\/08\/skyliner_giesinger-1-768x462.jpg 768w, https:\/\/www.memo-media.de\/blog\/wp-content\/uploads\/2023\/08\/skyliner_giesinger-1-335x201.jpg 335w, https:\/\/www.memo-media.de\/blog\/wp-content\/uploads\/2023\/08\/skyliner_giesinger-1.jpg 1000w\" sizes=\"(max-width: 300px) 100vw, 300px\" \/><\/a><p id=\"caption-attachment-16449\" class=\"wp-caption-text\">Hereinspaziert! Giesinger l\u00e4dt zum Sommerfest unterm skyliner (c) skyliner GmbH<\/p><\/div>\n<p><a href=\"https:\/\/www.giesinger-braeu.de\/\" target=\"_blank\" rel=\"noopener\">Giesinger <\/a>ist die j\u00fcngste M\u00fcnchner Brauerei. Handfest und kreativ haben Steffen Marx und sein Team es geschafft, frischen Wind in die bayerische Brauereiszene zu bringen. Neben Klassikern \u2013 wie Helles oder Wei\u00dfbier \u2013 brauen sie jahreszeitlich typische Spezialbiere und auch eine Craftbier-Linie. Sie bringen damit Traditionalisten ebenso an die Theken wie experimentierfreudige Genie\u00dfer.\u00a0 Kleiner Funfact am Rande: Wie Felix hat auch Steffen in einer Garage begonnen!<br \/>\nskyliner wird im Juli das <a href=\"https:\/\/events.giesinger-shop.de\/Events\/\" target=\"_blank\" rel=\"noopener\">Sommerfest der Giesinger Brauerei<\/a> in M\u00fcnchen \u00fcberdachen.\u00a0 Auf einem fast 400 Quadratmeter gro\u00dfen Areal wird ein Biergarten entstehen, der keine W\u00fcnsche offenl\u00e4sst: Musik, Essen und nat\u00fcrlich erstklassiges Bier. W\u00e4hrend mir Felix das geplante Event beschreibt, wird klar, was die Event\u00fcberdachungen f\u00fcr Outdoor-Events dieser Art k\u00f6nnen muss&#8230; Und er best\u00e4tigt es mir auch prompt: \u201eSowohl Regen als auch brennende Sonne k\u00f6nnen dem Biervergn\u00fcgen schnell ein Ende bereiten. Bei fr\u00fcheren Veranstaltungen hat Giesinger daher meist auf klassische Sonnenschirme etc. zur\u00fcckgegriffen. Aber da sitzt jeder an seinem Tisch, unter seinem Schirm. Ein Gef\u00fchl der Zusammengeh\u00f6rigkeit kommt da nicht auf.\u201c<\/p>\n<h3>Eine Veranstaltung, ein Dach \u2013 skyliner schaffen ein Wir-Gef\u00fchl<\/h3>\n<div id=\"attachment_16452\" style=\"width: 190px\" class=\"wp-caption alignleft\"><a href=\"https:\/\/www.memo-media.de\/blog\/wp-content\/uploads\/2023\/08\/skyliner_giesinger-5.jpg\"><img aria-describedby=\"caption-attachment-16452\" decoding=\"async\" loading=\"lazy\" class=\"wp-image-16452 size-medium\" src=\"https:\/\/www.memo-media.de\/blog\/wp-content\/uploads\/2023\/08\/skyliner_giesinger-5-180x300.jpg\" alt=\"Perfekte Stimmung mit skyliner: Das Wir-Gef\u00fchl wird unterm gemeinsamen Dach sp\u00fcrbar.(c) skyliner GmbH\" width=\"180\" height=\"300\" srcset=\"https:\/\/www.memo-media.de\/blog\/wp-content\/uploads\/2023\/08\/skyliner_giesinger-5-180x300.jpg 180w, https:\/\/www.memo-media.de\/blog\/wp-content\/uploads\/2023\/08\/skyliner_giesinger-5-335x557.jpg 335w, https:\/\/www.memo-media.de\/blog\/wp-content\/uploads\/2023\/08\/skyliner_giesinger-5.jpg 601w\" sizes=\"(max-width: 180px) 100vw, 180px\" \/><\/a><p id=\"caption-attachment-16452\" class=\"wp-caption-text\">Perfekte Stimmung mit skyliner: Das Wir-Gef\u00fchl wird unterm gemeinsamen Dach sp\u00fcrbar. (c) skyliner GmbH<\/p><\/div>\n<p>Das ist zugegebenerma\u00dfen nicht das erste, woran ich bei der Event\u00fcberdachungen f\u00fcr Outdoor-Events gedacht h\u00e4tte. Aber je mehr ich dar\u00fcber nachdenke, desto klarer wird es. Ein Dach gibt Schutz und vermittelt Gem\u00fctlichkeit. Wo wird das deutlicher als im Biergarten? Nicht nur, dass Wind und Wetter einem nichts anhaben k\u00f6nnen, auch das herrlich entspannte Miteinander der Menschen, mit denen man gemeinsam unterm Schirm sitzt, spricht f\u00fcr sich. Dass diese Rechnung auch bei einem gro\u00dfen Schirm aufgeht, kann ich mir voll und ganz vorstellen: Unter einem gro\u00dfen Schirm entsteht quasi ein noch gr\u00f6\u00dferes Wir-Gef\u00fchl. Felix konkretisiert dies so: \u201eEvent\u00fcberdachungen f\u00fcr Outdoor-Events m\u00fcssen zum <a href=\"https:\/\/www.skyliner.tv\/projekte\" target=\"_blank\" rel=\"noopener\">Kunden <\/a>passen und die Stimmung vermitteln, die der Kunde sich w\u00fcnscht.\u201c F\u00fcr ein Sommerfest wie das der Giesinger Brauerei ist der skyliner perfekt; unterm gemeinsamen Schirm entsteht dieses Biergarten-typische Gef\u00fchl der Zusammengeh\u00f6rigkeit und Gemeinsamkeit.<\/p>\n<p>Als ich abends nach diesem Gespr\u00e4ch mit Freunden auf unserer Terrasse sitze, das Sonnensegel \u00fcber uns aufgespannt und wir gemeinsam das Wochenende einl\u00e4uten, muss ich in mich hineingrinsen \u2013 Im Kleinen ist genau das das Gef\u00fchl, was skyliner mit seinen Event\u00fcberdachungen f\u00fcr Outdoor-Events liefert.<\/p>\n<p>Wer f\u00fcr seinen Event ebenfalls die perfekte Mischung von Wetterschutz und Ambiente m\u00f6chte, klickt sich schnell r\u00fcber zu <a  class=\"pixcode  pixcode--btn  btn  btn--large  btn--beta\" href=\"https:\/\/www.eventbranchenverzeichnis.de\/details\/skyliner-die-eventuberdachung-41487.html\" target=\"_blank\">skyliner<\/a>!<\/p>\n<p>&nbsp;<\/p>\n<p>&nbsp;<\/p>\n","protected":false},"excerpt":{"rendered":"<p>Erinnert ihr euch an skyliner? Vor einiger Zeit habe ich hier im Blog schon mal \u00fcber Felix Lenz garagengestartetes Unternehmen&#8230;<\/p>\n","protected":false},"author":39,"featured_media":16451,"comment_status":"closed","ping_status":"open","sticky":false,"template":"","format":"standard","meta":[],"categories":[4,454,10],"tags":[2911,2385,664,2670,2682,1481,1539,1692],"yoast_head":"<!-- This site is optimized with the Yoast SEO Premium plugin v20.5 (Yoast SEO v20.5) - https:\/\/yoast.com\/wordpress\/plugins\/seo\/ -->\n<title>Event\u00fcberdachungen f\u00fcr Outdoor-Events von skyliner \u2013 Viel mehr als ein Wetterschutz beim Sommerfest der Giesinger Brauerei<\/title>\n<meta name=\"description\" content=\"Event\u00fcberdachungen f\u00fcr Outdoor-Events sind mehr als Wetterschutz, sie zaubern auch ein besonderes Ambiente! skyliner und die Giesinger Brauerei machen es vor!\" \/>\n<meta name=\"robots\" content=\"index, follow, max-snippet:-1, max-image-preview:large, max-video-preview:-1\" \/>\n<link rel=\"canonical\" href=\"https:\/\/www.memo-media.de\/blog\/eventueberdachungen-fuer-outdoor-events-von-skyliner-viel-mehr-als-ein-wetterschutz-beim-sommerfest-der-giesinger-brauerei\/\" \/>\n<meta property=\"og:locale\" content=\"de_DE\" \/>\n<meta property=\"og:type\" content=\"article\" \/>\n<meta property=\"og:title\" content=\"Event\u00fcberdachungen f\u00fcr Outdoor-Events von skyliner \u2013 Viel mehr als ein Wetterschutz beim Sommerfest der Giesinger Brauerei\" \/>\n<meta property=\"og:description\" content=\"Event\u00fcberdachungen f\u00fcr Outdoor-Events sind mehr als Wetterschutz, sie zaubern auch ein besonderes Ambiente! skyliner und die Giesinger Brauerei machen es vor!\" \/>\n<meta property=\"og:url\" content=\"https:\/\/www.memo-media.de\/blog\/eventueberdachungen-fuer-outdoor-events-von-skyliner-viel-mehr-als-ein-wetterschutz-beim-sommerfest-der-giesinger-brauerei\/\" \/>\n<meta property=\"og:site_name\" content=\"memo-media Blog f\u00fcr die Eventplanung\" \/>\n<meta property=\"article:published_time\" content=\"2023-08-29T08:30:03+00:00\" \/>\n<meta property=\"article:modified_time\" content=\"2025-02-28T12:57:38+00:00\" \/>\n<meta property=\"og:image\" content=\"https:\/\/www.memo-media.de\/blog\/wp-content\/uploads\/2023\/08\/skyliner_giesinger-4.jpg\" \/>\n\t<meta property=\"og:image:width\" content=\"1050\" \/>\n\t<meta property=\"og:image:height\" content=\"804\" \/>\n\t<meta property=\"og:image:type\" content=\"image\/jpeg\" \/>\n<meta name=\"author\" content=\"Sandra Thiele\" \/>\n<meta name=\"twitter:label1\" content=\"Verfasst von\" \/>\n\t<meta name=\"twitter:data1\" content=\"Sandra Thiele\" \/>\n\t<meta name=\"twitter:label2\" content=\"Gesch\u00e4tzte Lesezeit\" \/>\n\t<meta name=\"twitter:data2\" content=\"5\u00a0Minuten\" \/>\n<script type=\"application\/ld+json\" class=\"yoast-schema-graph\">{\"@context\":\"https:\/\/schema.org\",\"@graph\":[{\"@type\":\"WebPage\",\"@id\":\"https:\/\/www.memo-media.de\/blog\/eventueberdachungen-fuer-outdoor-events-von-skyliner-viel-mehr-als-ein-wetterschutz-beim-sommerfest-der-giesinger-brauerei\/\",\"url\":\"https:\/\/www.memo-media.de\/blog\/eventueberdachungen-fuer-outdoor-events-von-skyliner-viel-mehr-als-ein-wetterschutz-beim-sommerfest-der-giesinger-brauerei\/\",\"name\":\"Event\u00fcberdachungen f\u00fcr Outdoor-Events von skyliner \u2013 Viel mehr als ein Wetterschutz beim Sommerfest der Giesinger Brauerei\",\"isPartOf\":{\"@id\":\"https:\/\/www.memo-media.de\/blog\/#website\"},\"datePublished\":\"2023-08-29T08:30:03+00:00\",\"dateModified\":\"2025-02-28T12:57:38+00:00\",\"author\":{\"@id\":\"https:\/\/www.memo-media.de\/blog\/#\/schema\/person\/dfcd1b3e0325726c5ce8071885f462a8\"},\"description\":\"Event\u00fcberdachungen f\u00fcr Outdoor-Events sind mehr als Wetterschutz, sie zaubern auch ein besonderes Ambiente! skyliner und die Giesinger Brauerei machen es vor!\",\"breadcrumb\":{\"@id\":\"https:\/\/www.memo-media.de\/blog\/eventueberdachungen-fuer-outdoor-events-von-skyliner-viel-mehr-als-ein-wetterschutz-beim-sommerfest-der-giesinger-brauerei\/#breadcrumb\"},\"inLanguage\":\"de\",\"potentialAction\":[{\"@type\":\"ReadAction\",\"target\":[\"https:\/\/www.memo-media.de\/blog\/eventueberdachungen-fuer-outdoor-events-von-skyliner-viel-mehr-als-ein-wetterschutz-beim-sommerfest-der-giesinger-brauerei\/\"]}]},{\"@type\":\"BreadcrumbList\",\"@id\":\"https:\/\/www.memo-media.de\/blog\/eventueberdachungen-fuer-outdoor-events-von-skyliner-viel-mehr-als-ein-wetterschutz-beim-sommerfest-der-giesinger-brauerei\/#breadcrumb\",\"itemListElement\":[{\"@type\":\"ListItem\",\"position\":1,\"name\":\"Home\",\"item\":\"https:\/\/www.memo-media.de\/blog\/\"},{\"@type\":\"ListItem\",\"position\":2,\"name\":\"Event\u00fcberdachungen f\u00fcr Outdoor-Events von skyliner \u2013 Viel mehr als ein Wetterschutz beim Sommerfest der Giesinger Brauerei\"}]},{\"@type\":\"WebSite\",\"@id\":\"https:\/\/www.memo-media.de\/blog\/#website\",\"url\":\"https:\/\/www.memo-media.de\/blog\/\",\"name\":\"memo-media Blog f\u00fcr die Eventplanung\",\"description\":\"News und Facts aus der Eventbranche f\u00fcr die Eventbranche\",\"potentialAction\":[{\"@type\":\"SearchAction\",\"target\":{\"@type\":\"EntryPoint\",\"urlTemplate\":\"https:\/\/www.memo-media.de\/blog\/?s={search_term_string}\"},\"query-input\":\"required name=search_term_string\"}],\"inLanguage\":\"de\"},{\"@type\":\"Person\",\"@id\":\"https:\/\/www.memo-media.de\/blog\/#\/schema\/person\/dfcd1b3e0325726c5ce8071885f462a8\",\"name\":\"Sandra Thiele\",\"image\":{\"@type\":\"ImageObject\",\"inLanguage\":\"de\",\"@id\":\"https:\/\/www.memo-media.de\/blog\/#\/schema\/person\/image\/\",\"url\":\"https:\/\/www.memo-media.de\/blog\/wp-content\/uploads\/2023\/07\/htd750-20230303-91083-150x150.jpg\",\"contentUrl\":\"https:\/\/www.memo-media.de\/blog\/wp-content\/uploads\/2023\/07\/htd750-20230303-91083-150x150.jpg\",\"caption\":\"Sandra Thiele\"},\"description\":\"Sandra Thiele ist freiberufliche Autorin und Redakteurin. Als diplomierte Oecotrophologin sind Themen aus Ern\u00e4hrung und Landwirtschaft ihr eigentliches Fachgebiet. So ist sie nicht nur verantwortlich f\u00fcr diverse Ver\u00f6ffentlichungen f\u00fcr Verbraucher, sondern vor allem auch f\u00fcr Bildungsmaterialien f\u00fcr Kinder und Jugendliche. Seit 2019 ist Sandra f\u00fcr memo-media als Bloggerin und Autorin unterwegs. Jedes Mal aufs Neue ist sie dabei \u00fcber die unglaubliche Vielfalt der Eventbranche und das damit verbundene Aufgabengebiet begeistert und l\u00e4sst dies in jedem Wort durchklingen, das sie f\u00fcr uns schreibt.\",\"sameAs\":[\"http:\/\/www.sandra-thiele.de\"],\"url\":\"https:\/\/www.memo-media.de\/blog\/author\/sandra-thiele\/\"}]}<\/script>\n<!-- \/ Yoast SEO Premium plugin. -->","yoast_head_json":{"title":"Event\u00fcberdachungen f\u00fcr Outdoor-Events von skyliner \u2013 Viel mehr als ein Wetterschutz beim Sommerfest der Giesinger Brauerei","description":"Event\u00fcberdachungen f\u00fcr Outdoor-Events sind mehr als Wetterschutz, sie zaubern auch ein besonderes Ambiente! skyliner und die Giesinger Brauerei machen es vor!","robots":{"index":"index","follow":"follow","max-snippet":"max-snippet:-1","max-image-preview":"max-image-preview:large","max-video-preview":"max-video-preview:-1"},"canonical":"https:\/\/www.memo-media.de\/blog\/eventueberdachungen-fuer-outdoor-events-von-skyliner-viel-mehr-als-ein-wetterschutz-beim-sommerfest-der-giesinger-brauerei\/","og_locale":"de_DE","og_type":"article","og_title":"Event\u00fcberdachungen f\u00fcr Outdoor-Events von skyliner \u2013 Viel mehr als ein Wetterschutz beim Sommerfest der Giesinger Brauerei","og_description":"Event\u00fcberdachungen f\u00fcr Outdoor-Events sind mehr als Wetterschutz, sie zaubern auch ein besonderes Ambiente! skyliner und die Giesinger Brauerei machen es vor!","og_url":"https:\/\/www.memo-media.de\/blog\/eventueberdachungen-fuer-outdoor-events-von-skyliner-viel-mehr-als-ein-wetterschutz-beim-sommerfest-der-giesinger-brauerei\/","og_site_name":"memo-media Blog f\u00fcr die Eventplanung","article_published_time":"2023-08-29T08:30:03+00:00","article_modified_time":"2025-02-28T12:57:38+00:00","og_image":[{"width":1050,"height":804,"url":"https:\/\/www.memo-media.de\/blog\/wp-content\/uploads\/2023\/08\/skyliner_giesinger-4.jpg","type":"image\/jpeg"}],"author":"Sandra Thiele","twitter_misc":{"Verfasst von":"Sandra Thiele","Gesch\u00e4tzte Lesezeit":"5\u00a0Minuten"},"schema":{"@context":"https:\/\/schema.org","@graph":[{"@type":"WebPage","@id":"https:\/\/www.memo-media.de\/blog\/eventueberdachungen-fuer-outdoor-events-von-skyliner-viel-mehr-als-ein-wetterschutz-beim-sommerfest-der-giesinger-brauerei\/","url":"https:\/\/www.memo-media.de\/blog\/eventueberdachungen-fuer-outdoor-events-von-skyliner-viel-mehr-als-ein-wetterschutz-beim-sommerfest-der-giesinger-brauerei\/","name":"Event\u00fcberdachungen f\u00fcr Outdoor-Events von skyliner \u2013 Viel mehr als ein Wetterschutz beim Sommerfest der Giesinger Brauerei","isPartOf":{"@id":"https:\/\/www.memo-media.de\/blog\/#website"},"datePublished":"2023-08-29T08:30:03+00:00","dateModified":"2025-02-28T12:57:38+00:00","author":{"@id":"https:\/\/www.memo-media.de\/blog\/#\/schema\/person\/dfcd1b3e0325726c5ce8071885f462a8"},"description":"Event\u00fcberdachungen f\u00fcr Outdoor-Events sind mehr als Wetterschutz, sie zaubern auch ein besonderes Ambiente! skyliner und die Giesinger Brauerei machen es vor!","breadcrumb":{"@id":"https:\/\/www.memo-media.de\/blog\/eventueberdachungen-fuer-outdoor-events-von-skyliner-viel-mehr-als-ein-wetterschutz-beim-sommerfest-der-giesinger-brauerei\/#breadcrumb"},"inLanguage":"de","potentialAction":[{"@type":"ReadAction","target":["https:\/\/www.memo-media.de\/blog\/eventueberdachungen-fuer-outdoor-events-von-skyliner-viel-mehr-als-ein-wetterschutz-beim-sommerfest-der-giesinger-brauerei\/"]}]},{"@type":"BreadcrumbList","@id":"https:\/\/www.memo-media.de\/blog\/eventueberdachungen-fuer-outdoor-events-von-skyliner-viel-mehr-als-ein-wetterschutz-beim-sommerfest-der-giesinger-brauerei\/#breadcrumb","itemListElement":[{"@type":"ListItem","position":1,"name":"Home","item":"https:\/\/www.memo-media.de\/blog\/"},{"@type":"ListItem","position":2,"name":"Event\u00fcberdachungen f\u00fcr Outdoor-Events von skyliner \u2013 Viel mehr als ein Wetterschutz beim Sommerfest der Giesinger Brauerei"}]},{"@type":"WebSite","@id":"https:\/\/www.memo-media.de\/blog\/#website","url":"https:\/\/www.memo-media.de\/blog\/","name":"memo-media Blog f\u00fcr die Eventplanung","description":"News und Facts aus der Eventbranche f\u00fcr die Eventbranche","potentialAction":[{"@type":"SearchAction","target":{"@type":"EntryPoint","urlTemplate":"https:\/\/www.memo-media.de\/blog\/?s={search_term_string}"},"query-input":"required name=search_term_string"}],"inLanguage":"de"},{"@type":"Person","@id":"https:\/\/www.memo-media.de\/blog\/#\/schema\/person\/dfcd1b3e0325726c5ce8071885f462a8","name":"Sandra Thiele","image":{"@type":"ImageObject","inLanguage":"de","@id":"https:\/\/www.memo-media.de\/blog\/#\/schema\/person\/image\/","url":"https:\/\/www.memo-media.de\/blog\/wp-content\/uploads\/2023\/07\/htd750-20230303-91083-150x150.jpg","contentUrl":"https:\/\/www.memo-media.de\/blog\/wp-content\/uploads\/2023\/07\/htd750-20230303-91083-150x150.jpg","caption":"Sandra Thiele"},"description":"Sandra Thiele ist freiberufliche Autorin und Redakteurin. Als diplomierte Oecotrophologin sind Themen aus Ern\u00e4hrung und Landwirtschaft ihr eigentliches Fachgebiet. So ist sie nicht nur verantwortlich f\u00fcr diverse Ver\u00f6ffentlichungen f\u00fcr Verbraucher, sondern vor allem auch f\u00fcr Bildungsmaterialien f\u00fcr Kinder und Jugendliche. Seit 2019 ist Sandra f\u00fcr memo-media als Bloggerin und Autorin unterwegs. Jedes Mal aufs Neue ist sie dabei \u00fcber die unglaubliche Vielfalt der Eventbranche und das damit verbundene Aufgabengebiet begeistert und l\u00e4sst dies in jedem Wort durchklingen, das sie f\u00fcr uns schreibt.","sameAs":["http:\/\/www.sandra-thiele.de"],"url":"https:\/\/www.memo-media.de\/blog\/author\/sandra-thiele\/"}]}},"_links":{"self":[{"href":"https:\/\/www.memo-media.de\/blog\/wp-json\/wp\/v2\/posts\/16183"}],"collection":[{"href":"https:\/\/www.memo-media.de\/blog\/wp-json\/wp\/v2\/posts"}],"about":[{"href":"https:\/\/www.memo-media.de\/blog\/wp-json\/wp\/v2\/types\/post"}],"author":[{"embeddable":true,"href":"https:\/\/www.memo-media.de\/blog\/wp-json\/wp\/v2\/users\/39"}],"replies":[{"embeddable":true,"href":"https:\/\/www.memo-media.de\/blog\/wp-json\/wp\/v2\/comments?post=16183"}],"version-history":[{"count":4,"href":"https:\/\/www.memo-media.de\/blog\/wp-json\/wp\/v2\/posts\/16183\/revisions"}],"predecessor-version":[{"id":18072,"href":"https:\/\/www.memo-media.de\/blog\/wp-json\/wp\/v2\/posts\/16183\/revisions\/18072"}],"wp:featuredmedia":[{"embeddable":true,"href":"https:\/\/www.memo-media.de\/blog\/wp-json\/wp\/v2\/media\/16451"}],"wp:attachment":[{"href":"https:\/\/www.memo-media.de\/blog\/wp-json\/wp\/v2\/media?parent=16183"}],"wp:term":[{"taxonomy":"category","embeddable":true,"href":"https:\/\/www.memo-media.de\/blog\/wp-json\/wp\/v2\/categories?post=16183"},{"taxonomy":"post_tag","embeddable":true,"href":"https:\/\/www.memo-media.de\/blog\/wp-json\/wp\/v2\/tags?post=16183"}],"curies":[{"name":"wp","href":"https:\/\/api.w.org\/{rel}","templated":true}]}}