{"id":16162,"date":"2023-06-06T11:00:48","date_gmt":"2023-06-06T09:00:48","guid":{"rendered":"https:\/\/www.memo-media.de\/blog\/?p=16162"},"modified":"2024-08-19T13:54:48","modified_gmt":"2024-08-19T11:54:48","slug":"kickern-als-teamevent-emotionen-garantiert","status":"publish","type":"post","link":"https:\/\/www.memo-media.de\/blog\/kickern-als-teamevent-emotionen-garantiert\/","title":{"rendered":"Kickern als Teamevent \u2013 Emotionen garantiert!"},"content":{"rendered":"<p>Kickern ist fernab von jeglicher Kompetenz, die ich mobilisieren kann. Wenn man mir aber sagt, dass Frauen ja eh nicht kickern k\u00f6nnen, ist mein Ehrgeiz geweckt. So geschehen am letzten Wochenende. Challenge accepted: N\u00e4chstes Wochenende geht\u2019s zum Kneipenmatch.<br \/>\nWas mein \u00fcberheblicher Kontrahent nicht wei\u00df: Ich treffe diese Woche Oktay Mann, seines Zeichens Tischfu\u00dfball-Weltmeister.<\/p>\n<h3>Fu\u00dfballfeeling im Foyer<\/h3>\n<div id=\"attachment_16170\" style=\"width: 310px\" class=\"wp-caption alignright\"><a href=\"https:\/\/www.memo-media.de\/blog\/wp-content\/uploads\/2023\/06\/kickern-als-teamevent_2.jpg\"><img aria-describedby=\"caption-attachment-16170\" decoding=\"async\" loading=\"lazy\" class=\"wp-image-16170 size-medium\" src=\"https:\/\/www.memo-media.de\/blog\/wp-content\/uploads\/2023\/06\/kickern-als-teamevent_2-300x200.jpg\" alt=\"Alles bereit f\u00fcr die Kicker-WM! Das Kickerk\u00f6nig-Team schafft Stadionatmosph\u00e4re in jedem Raum!\" width=\"300\" height=\"200\" srcset=\"https:\/\/www.memo-media.de\/blog\/wp-content\/uploads\/2023\/06\/kickern-als-teamevent_2-300x200.jpg 300w, https:\/\/www.memo-media.de\/blog\/wp-content\/uploads\/2023\/06\/kickern-als-teamevent_2-1024x683.jpg 1024w, https:\/\/www.memo-media.de\/blog\/wp-content\/uploads\/2023\/06\/kickern-als-teamevent_2-768x512.jpg 768w, https:\/\/www.memo-media.de\/blog\/wp-content\/uploads\/2023\/06\/kickern-als-teamevent_2-1536x1024.jpg 1536w, https:\/\/www.memo-media.de\/blog\/wp-content\/uploads\/2023\/06\/kickern-als-teamevent_2-335x223.jpg 335w, https:\/\/www.memo-media.de\/blog\/wp-content\/uploads\/2023\/06\/kickern-als-teamevent_2-1050x700.jpg 1050w, https:\/\/www.memo-media.de\/blog\/wp-content\/uploads\/2023\/06\/kickern-als-teamevent_2.jpg 1914w\" sizes=\"(max-width: 300px) 100vw, 300px\" \/><\/a><p id=\"caption-attachment-16170\" class=\"wp-caption-text\">Alles bereit f\u00fcr die Kicker-WM! Das Kickerk\u00f6nig-Team schafft Stadionatmosph\u00e4re in jedem Raum!<\/p><\/div>\n<p>Ein Kunde hat mich eingeladen, am <a href=\"http:\/\/www.kickerk\u00f6nig.de\" target=\"_blank\" rel=\"noopener\">Teamevent <\/a>seiner Firma teilzunehmen: Kickern mit dem Kickerk\u00f6nig. Und ich bin voller Vorfreude. Zum einen freue ich mich darauf, gemeinsam mit den Kolleginnen und Kollegen einen tollen Abend zu erleben, zum anderen, nutze ich die Gelegenheit, um f\u00fcr den Blog \u00fcber Kickern als Teamevent zu recherchieren. \u00a0Als I-T\u00fcpfelchen erhoffe ich mir, den einen oder anderen Move beim Profi abgucken zu k\u00f6nnen. Doch dazu kommt es erst deutlich sp\u00e4ter.<\/p>\n<p>Mit dem \u00d6ffnen der T\u00fcr zur Veranstaltungslocation \u2013 es ist das Foyer der Firma \u2013 betrete ich eine ungeahnte Welt. Mich umf\u00e4ngt Stadionstimmung wie bei einer Weltmeisterschaft. Fahnen, Leinw\u00e4nde, Musik. Der Kickerk\u00f6nig und sein Team haben ganze Arbeit geleistet. Alles ist abgestimmt auf unsere ganz pers\u00f6nliche Tischfu\u00dfball-Meisterschaft.<\/p>\n<p>Die ersten Kolleginnen und Kollegen sind schon da und stimmungsm\u00e4\u00dfig voll im\u00a0 \u00a0WM-Fieber. Zwischen den Kickertischen, die in der Mitte des Foyers aufgebaut sind, ersp\u00e4he ich Oktay. In Schiedsrichtermontur k\u00fcmmert er sich gerade noch um die letzten Feinjustierungen an den Tischen.<\/p>\n<h3>So wird Kickern zum Teamevent<\/h3>\n<p>Ich nutze die Zeit, bevor es losgeht, um mit ihm ein wenig \u00fcber Kickern als Teamevent zu Plaudern und bahne mir den Weg zu ihm. Dabei f\u00e4llt mein Blick auf die Kickertische. Diese sind viel gr\u00f6\u00dfer als die Tische, die man sonst so kennt. Was es damit auf sich hat, lasse ich mir von Oktay erkl\u00e4ren. \u201eBeim Kickern als Teamevent wollen wir eine <a href=\"http:\/\/www.kickerk\u00f6nig.de\" target=\"_blank\" rel=\"noopener\">Weltmeisterschaft <\/a>spielen, daf\u00fcr brauchen wir XL-Tische. Hier spielen pro Nationalteam vier Leute gleichzeitig.\u201c Mir dr\u00e4ngt sich die Frage auf, wie das gehen soll. Steht dann nicht immer mindestens die H\u00e4lfte des Teams gelangweilt herum? Vehement sch\u00fcttelt Oktay den Kopf: \u201eDer Trick ist, wir spielen mit f\u00fcnf B\u00e4llen gleichzeitig. \u00a0und Abgerechnet wird, wenn alle B\u00e4lle versenkt sind. Wenn einer um den einen Ball herumt\u00e4nzelt, fliegen ihm die anderen schnell um die Ohren. Da ist jeder gefragt! Richtiges Teamplay eben!\u201c Mitten im Gespr\u00e4ch werden wir unterbrochen: Der Sportkommentator ruft zur Auslosung der Teams und Bekanntgabe des Spielplans. Ich spiele im Nationalteam von Frankreich, gemeinsam mit der Chefcontrollerin, dem Azubi aus der Marketingabteilung und einem Kollegen aus der Druckerei. Ahnung vom Kickern haben wir alle nicht, aber hochmotiviert sind wir allemal.<\/p>\n<h3>Mitrei\u00dfende Emotionen beim Kickern als Teamevent<\/h3>\n<div id=\"attachment_16168\" style=\"width: 210px\" class=\"wp-caption alignleft\"><a href=\"https:\/\/www.memo-media.de\/blog\/wp-content\/uploads\/2023\/06\/kickern-als-teamevent_4-scaled.jpg\"><img aria-describedby=\"caption-attachment-16168\" decoding=\"async\" loading=\"lazy\" class=\"wp-image-16168 size-medium\" src=\"https:\/\/www.memo-media.de\/blog\/wp-content\/uploads\/2023\/06\/kickern-als-teamevent_4-200x300.jpg\" alt=\"Kickern als Teamevent hei\u00dft vor allem eins: Emotionen pur!\" width=\"200\" height=\"300\" srcset=\"https:\/\/www.memo-media.de\/blog\/wp-content\/uploads\/2023\/06\/kickern-als-teamevent_4-200x300.jpg 200w, https:\/\/www.memo-media.de\/blog\/wp-content\/uploads\/2023\/06\/kickern-als-teamevent_4-683x1024.jpg 683w, https:\/\/www.memo-media.de\/blog\/wp-content\/uploads\/2023\/06\/kickern-als-teamevent_4-768x1152.jpg 768w, https:\/\/www.memo-media.de\/blog\/wp-content\/uploads\/2023\/06\/kickern-als-teamevent_4-1024x1536.jpg 1024w, https:\/\/www.memo-media.de\/blog\/wp-content\/uploads\/2023\/06\/kickern-als-teamevent_4-1365x2048.jpg 1365w, https:\/\/www.memo-media.de\/blog\/wp-content\/uploads\/2023\/06\/kickern-als-teamevent_4-335x502.jpg 335w, https:\/\/www.memo-media.de\/blog\/wp-content\/uploads\/2023\/06\/kickern-als-teamevent_4-1050x1575.jpg 1050w, https:\/\/www.memo-media.de\/blog\/wp-content\/uploads\/2023\/06\/kickern-als-teamevent_4-scaled.jpg 1707w\" sizes=\"(max-width: 200px) 100vw, 200px\" \/><\/a><p id=\"caption-attachment-16168\" class=\"wp-caption-text\">Kickern als Teamevent hei\u00dft vor allem eins: Emotionen pur!<\/p><\/div>\n<p>Die Gruppenphase beginnt. Wir spielen zun\u00e4chst gegen Argentinien. Ein Team aus perfekt harmonierenden Spielern, die alle nicht zum ersten Mal am Tisch stehen. Der Sportkommentator von Kickerk\u00f6nig \u00fcberschl\u00e4gt sich regelrecht vor Begeisterung, wenn die Argentinier wieder ein Kunstst\u00fcck am Ball vollf\u00fchren. In der Halbzeitpause wird \u00fcber die Leinw\u00e4nde ein Interview eingespielt. Diego Maradonna berichtet \u00fcber die gro\u00dfartige Vorbereitung des argentinischen Teams und lobt deren Kampfgeist. Dass es sich hierbei um Videosequenzen handelt, die zu einem ganz anderen Event aufgenommen wurden, bemerkt man gar nicht, so tief sind wir dank Oktay und seinem Kickerk\u00f6nig-Team in die WM eingetaucht, die sich hier gerade live abspielt. Unser Team kickert sich ungebremst durch die Gruppen- und Hauptrunde, im Halbfinale fliegen wir gegen Nigeria raus. Und auf den Leinw\u00e4nden jubeln tausende Nigerianer mit Nationalflaggen und Ges\u00e4ngen ihrem Nationalteam zu.<br \/>\nAls das Finale beginnt, bin ich nicht nur traurig, dass das Ganze fast zu Ende ist, sondern auch, dass ich nicht textsicher die Nationalhymnen von Spanien und Nigeria mitsingen kann, die durch die Lautsprecher ins Foyer schallen. W\u00e4hrend dem Finalspiel schwankt die Stimmung zwischen euphorischer Eskalation und spannungsgeladenem Schweigen. Als Spanien den letzten der f\u00fcnf B\u00e4lle ins Tor zimmert, flippt nicht nur der Sportkommentator aus, sondern auch die Zuschauerinnen und Zuschauer liegen sich jubelnd in den Armen. Fu\u00dfballfeeling pur!<\/p>\n<h3>Tische, Technik und Trib\u00fcnen<\/h3>\n<div id=\"attachment_16171\" style=\"width: 210px\" class=\"wp-caption alignright\"><a href=\"https:\/\/www.memo-media.de\/blog\/wp-content\/uploads\/2023\/06\/kickern-als-teamevent_3.jpg\"><img aria-describedby=\"caption-attachment-16171\" decoding=\"async\" loading=\"lazy\" class=\"wp-image-16171 size-medium\" src=\"https:\/\/www.memo-media.de\/blog\/wp-content\/uploads\/2023\/06\/kickern-als-teamevent_3-200x300.jpg\" alt=\"Wer h\u00e4lt am Ende den Meisterschaftspokal in den H\u00e4nden beim Kickern als Teamevent?\" width=\"200\" height=\"300\" srcset=\"https:\/\/www.memo-media.de\/blog\/wp-content\/uploads\/2023\/06\/kickern-als-teamevent_3-200x300.jpg 200w, https:\/\/www.memo-media.de\/blog\/wp-content\/uploads\/2023\/06\/kickern-als-teamevent_3-682x1024.jpg 682w, https:\/\/www.memo-media.de\/blog\/wp-content\/uploads\/2023\/06\/kickern-als-teamevent_3-335x503.jpg 335w, https:\/\/www.memo-media.de\/blog\/wp-content\/uploads\/2023\/06\/kickern-als-teamevent_3.jpg 691w\" sizes=\"(max-width: 200px) 100vw, 200px\" \/><\/a><p id=\"caption-attachment-16171\" class=\"wp-caption-text\">Wer h\u00e4lt am Ende den Meisterschaftspokal in den H\u00e4nden beim Kickern als Teamevent?<\/p><\/div>\n<p>Als die WM-Party steigt, habe ich wieder Zeit, um von Oktay mehr \u00fcbers Kickern als Teamevent zu erfahren. \u201eMir geht es darum ein B\u00c4\u00c4HM-Moment zu gestalten. Zwei, drei Stunden Emotionen wie im Stadion. So eine Kicker-WM ist dann wie ein Reset-Knopf im Kopf, der das Alltagsgesch\u00e4ft einfach mal l\u00f6scht.\u201c Um das zu erreichen, macht Kickerk\u00f6nig einfach alles: Hier k\u00f6nnen Kicker-Events aller Art gebucht werden. Ob Kickern am vorhergebauten DIY-Tisch aus Weinkisten oder eine WM mit bis zu 2000 Menschen. \u201eWir stellen die XL-Tische, Technik, Kommentatoren und sogar Trib\u00fcnen, Trikots und Cheerleader-Equipment \u2013 alles, was es braucht, um so richtig ins Kickerfieber einzutauchen\u201c, z\u00e4hlt Oktay auf und man sp\u00fcrt, dass er die Begeisterung f\u00fcr diesen Sport lebt, \u201eund wer nicht das Gesamtpaket buchen m\u00f6chte, kann bei uns zum Beispiel auch einfach nur die Tische mieten, nat\u00fcrlich auch mit passendem Firmenlogo!\u201c<\/p>\n<p>Zum Schluss frage ich Oktay dann noch nach ein paar Geheimtricks, mit denen ich mein pers\u00f6nliches Derby meistern kann. Lachend nimmt er mich mit zum Kickertisch \u201eEine Stunde mit mir und du verlierst kein einziges Match mehr!\u201c<\/p>\n<p>&nbsp;<\/p>\n<p>Wer den Zauber einer WM im eignen Team erleben will \u2013 vielleicht passend zur diesj\u00e4hrigen Frauen-Fu\u00dfball-WM \u2013 klickt sich am besten schnell r\u00fcber zum <a  class=\"pixcode  pixcode--btn  btn  btn--large  btn--beta\" href=\"https:\/\/www.eventbranchenverzeichnis.de\/details\/kickerkoenig-47007.html\" target=\"_blank\">Kickerk\u00f6nig<\/a>\n<p>Nachtrag: Das Kneipenmatch habe ich souver\u00e4n gewonnen und konnte zudem gro\u00dfm\u00fctig l\u00e4chelnd meinem Gegner noch den einen oder anderen Taktiktipp mit auf den Weg geben. Es kommt n\u00e4mlich drauf an, die Spielfiguren so zu positionieren, dass der Ball gestoppt wird \u2026<\/p>\n","protected":false},"excerpt":{"rendered":"<p>Kickern ist fernab von jeglicher Kompetenz, die ich mobilisieren kann. Wenn man mir aber sagt, dass Frauen ja eh nicht&#8230;<\/p>\n","protected":false},"author":39,"featured_media":16169,"comment_status":"closed","ping_status":"open","sticky":false,"template":"","format":"standard","meta":[],"categories":[1,4],"tags":[1005,1006,2910,581,408,1003,2909],"yoast_head":"<!-- This site is optimized with the Yoast SEO Premium plugin v20.5 (Yoast SEO v20.5) - https:\/\/yoast.com\/wordpress\/plugins\/seo\/ -->\n<title>Kickern als Teamevent \u2013 Emotionen garantiert!<\/title>\n<meta name=\"description\" content=\"WM-Feeling, mitrei\u00dfende Emotionen und jede Menge Spa\u00df sind garantiert beim Kickern als Teamevent mit dem Kickerk\u00f6nig!\" \/>\n<meta name=\"robots\" content=\"index, follow, max-snippet:-1, max-image-preview:large, max-video-preview:-1\" \/>\n<link rel=\"canonical\" href=\"https:\/\/www.memo-media.de\/blog\/kickern-als-teamevent-emotionen-garantiert\/\" \/>\n<meta property=\"og:locale\" content=\"de_DE\" \/>\n<meta property=\"og:type\" content=\"article\" \/>\n<meta property=\"og:title\" content=\"Kickern als Teamevent \u2013 Emotionen garantiert!\" \/>\n<meta property=\"og:description\" content=\"WM-Feeling, mitrei\u00dfende Emotionen und jede Menge Spa\u00df sind garantiert beim Kickern als Teamevent mit dem Kickerk\u00f6nig!\" \/>\n<meta property=\"og:url\" content=\"https:\/\/www.memo-media.de\/blog\/kickern-als-teamevent-emotionen-garantiert\/\" \/>\n<meta property=\"og:site_name\" content=\"memo-media Blog f\u00fcr die Eventplanung\" \/>\n<meta property=\"article:published_time\" content=\"2023-06-06T09:00:48+00:00\" \/>\n<meta property=\"article:modified_time\" content=\"2024-08-19T11:54:48+00:00\" \/>\n<meta property=\"og:image\" content=\"https:\/\/www.memo-media.de\/blog\/wp-content\/uploads\/2023\/06\/kickern-als-teamevent_1-scaled.jpg\" \/>\n\t<meta property=\"og:image:width\" content=\"2560\" \/>\n\t<meta property=\"og:image:height\" content=\"1960\" \/>\n\t<meta property=\"og:image:type\" content=\"image\/jpeg\" \/>\n<meta name=\"author\" content=\"Sandra Thiele\" \/>\n<meta name=\"twitter:label1\" content=\"Verfasst von\" \/>\n\t<meta name=\"twitter:data1\" content=\"Sandra Thiele\" \/>\n\t<meta name=\"twitter:label2\" content=\"Gesch\u00e4tzte Lesezeit\" \/>\n\t<meta name=\"twitter:data2\" content=\"6\u00a0Minuten\" \/>\n<script type=\"application\/ld+json\" class=\"yoast-schema-graph\">{\"@context\":\"https:\/\/schema.org\",\"@graph\":[{\"@type\":\"WebPage\",\"@id\":\"https:\/\/www.memo-media.de\/blog\/kickern-als-teamevent-emotionen-garantiert\/\",\"url\":\"https:\/\/www.memo-media.de\/blog\/kickern-als-teamevent-emotionen-garantiert\/\",\"name\":\"Kickern als Teamevent \u2013 Emotionen garantiert!\",\"isPartOf\":{\"@id\":\"https:\/\/www.memo-media.de\/blog\/#website\"},\"datePublished\":\"2023-06-06T09:00:48+00:00\",\"dateModified\":\"2024-08-19T11:54:48+00:00\",\"author\":{\"@id\":\"https:\/\/www.memo-media.de\/blog\/#\/schema\/person\/dfcd1b3e0325726c5ce8071885f462a8\"},\"description\":\"WM-Feeling, mitrei\u00dfende Emotionen und jede Menge Spa\u00df sind garantiert beim Kickern als Teamevent mit dem Kickerk\u00f6nig!\",\"breadcrumb\":{\"@id\":\"https:\/\/www.memo-media.de\/blog\/kickern-als-teamevent-emotionen-garantiert\/#breadcrumb\"},\"inLanguage\":\"de\",\"potentialAction\":[{\"@type\":\"ReadAction\",\"target\":[\"https:\/\/www.memo-media.de\/blog\/kickern-als-teamevent-emotionen-garantiert\/\"]}]},{\"@type\":\"BreadcrumbList\",\"@id\":\"https:\/\/www.memo-media.de\/blog\/kickern-als-teamevent-emotionen-garantiert\/#breadcrumb\",\"itemListElement\":[{\"@type\":\"ListItem\",\"position\":1,\"name\":\"Home\",\"item\":\"https:\/\/www.memo-media.de\/blog\/\"},{\"@type\":\"ListItem\",\"position\":2,\"name\":\"Kickern als Teamevent \u2013 Emotionen garantiert!\"}]},{\"@type\":\"WebSite\",\"@id\":\"https:\/\/www.memo-media.de\/blog\/#website\",\"url\":\"https:\/\/www.memo-media.de\/blog\/\",\"name\":\"memo-media Blog f\u00fcr die Eventplanung\",\"description\":\"News und Facts aus der Eventbranche f\u00fcr die Eventbranche\",\"potentialAction\":[{\"@type\":\"SearchAction\",\"target\":{\"@type\":\"EntryPoint\",\"urlTemplate\":\"https:\/\/www.memo-media.de\/blog\/?s={search_term_string}\"},\"query-input\":\"required name=search_term_string\"}],\"inLanguage\":\"de\"},{\"@type\":\"Person\",\"@id\":\"https:\/\/www.memo-media.de\/blog\/#\/schema\/person\/dfcd1b3e0325726c5ce8071885f462a8\",\"name\":\"Sandra Thiele\",\"image\":{\"@type\":\"ImageObject\",\"inLanguage\":\"de\",\"@id\":\"https:\/\/www.memo-media.de\/blog\/#\/schema\/person\/image\/\",\"url\":\"https:\/\/www.memo-media.de\/blog\/wp-content\/uploads\/2023\/07\/htd750-20230303-91083-150x150.jpg\",\"contentUrl\":\"https:\/\/www.memo-media.de\/blog\/wp-content\/uploads\/2023\/07\/htd750-20230303-91083-150x150.jpg\",\"caption\":\"Sandra Thiele\"},\"description\":\"Sandra Thiele ist freiberufliche Autorin und Redakteurin. Als diplomierte Oecotrophologin sind Themen aus Ern\u00e4hrung und Landwirtschaft ihr eigentliches Fachgebiet. So ist sie nicht nur verantwortlich f\u00fcr diverse Ver\u00f6ffentlichungen f\u00fcr Verbraucher, sondern vor allem auch f\u00fcr Bildungsmaterialien f\u00fcr Kinder und Jugendliche. Seit 2019 ist Sandra f\u00fcr memo-media als Bloggerin und Autorin unterwegs. Jedes Mal aufs Neue ist sie dabei \u00fcber die unglaubliche Vielfalt der Eventbranche und das damit verbundene Aufgabengebiet begeistert und l\u00e4sst dies in jedem Wort durchklingen, das sie f\u00fcr uns schreibt.\",\"sameAs\":[\"http:\/\/www.sandra-thiele.de\"],\"url\":\"https:\/\/www.memo-media.de\/blog\/author\/sandra-thiele\/\"}]}<\/script>\n<!-- \/ Yoast SEO Premium plugin. -->","yoast_head_json":{"title":"Kickern als Teamevent \u2013 Emotionen garantiert!","description":"WM-Feeling, mitrei\u00dfende Emotionen und jede Menge Spa\u00df sind garantiert beim Kickern als Teamevent mit dem Kickerk\u00f6nig!","robots":{"index":"index","follow":"follow","max-snippet":"max-snippet:-1","max-image-preview":"max-image-preview:large","max-video-preview":"max-video-preview:-1"},"canonical":"https:\/\/www.memo-media.de\/blog\/kickern-als-teamevent-emotionen-garantiert\/","og_locale":"de_DE","og_type":"article","og_title":"Kickern als Teamevent \u2013 Emotionen garantiert!","og_description":"WM-Feeling, mitrei\u00dfende Emotionen und jede Menge Spa\u00df sind garantiert beim Kickern als Teamevent mit dem Kickerk\u00f6nig!","og_url":"https:\/\/www.memo-media.de\/blog\/kickern-als-teamevent-emotionen-garantiert\/","og_site_name":"memo-media Blog f\u00fcr die Eventplanung","article_published_time":"2023-06-06T09:00:48+00:00","article_modified_time":"2024-08-19T11:54:48+00:00","og_image":[{"width":2560,"height":1960,"url":"https:\/\/www.memo-media.de\/blog\/wp-content\/uploads\/2023\/06\/kickern-als-teamevent_1-scaled.jpg","type":"image\/jpeg"}],"author":"Sandra Thiele","twitter_misc":{"Verfasst von":"Sandra Thiele","Gesch\u00e4tzte Lesezeit":"6\u00a0Minuten"},"schema":{"@context":"https:\/\/schema.org","@graph":[{"@type":"WebPage","@id":"https:\/\/www.memo-media.de\/blog\/kickern-als-teamevent-emotionen-garantiert\/","url":"https:\/\/www.memo-media.de\/blog\/kickern-als-teamevent-emotionen-garantiert\/","name":"Kickern als Teamevent \u2013 Emotionen garantiert!","isPartOf":{"@id":"https:\/\/www.memo-media.de\/blog\/#website"},"datePublished":"2023-06-06T09:00:48+00:00","dateModified":"2024-08-19T11:54:48+00:00","author":{"@id":"https:\/\/www.memo-media.de\/blog\/#\/schema\/person\/dfcd1b3e0325726c5ce8071885f462a8"},"description":"WM-Feeling, mitrei\u00dfende Emotionen und jede Menge Spa\u00df sind garantiert beim Kickern als Teamevent mit dem Kickerk\u00f6nig!","breadcrumb":{"@id":"https:\/\/www.memo-media.de\/blog\/kickern-als-teamevent-emotionen-garantiert\/#breadcrumb"},"inLanguage":"de","potentialAction":[{"@type":"ReadAction","target":["https:\/\/www.memo-media.de\/blog\/kickern-als-teamevent-emotionen-garantiert\/"]}]},{"@type":"BreadcrumbList","@id":"https:\/\/www.memo-media.de\/blog\/kickern-als-teamevent-emotionen-garantiert\/#breadcrumb","itemListElement":[{"@type":"ListItem","position":1,"name":"Home","item":"https:\/\/www.memo-media.de\/blog\/"},{"@type":"ListItem","position":2,"name":"Kickern als Teamevent \u2013 Emotionen garantiert!"}]},{"@type":"WebSite","@id":"https:\/\/www.memo-media.de\/blog\/#website","url":"https:\/\/www.memo-media.de\/blog\/","name":"memo-media Blog f\u00fcr die Eventplanung","description":"News und Facts aus der Eventbranche f\u00fcr die Eventbranche","potentialAction":[{"@type":"SearchAction","target":{"@type":"EntryPoint","urlTemplate":"https:\/\/www.memo-media.de\/blog\/?s={search_term_string}"},"query-input":"required name=search_term_string"}],"inLanguage":"de"},{"@type":"Person","@id":"https:\/\/www.memo-media.de\/blog\/#\/schema\/person\/dfcd1b3e0325726c5ce8071885f462a8","name":"Sandra Thiele","image":{"@type":"ImageObject","inLanguage":"de","@id":"https:\/\/www.memo-media.de\/blog\/#\/schema\/person\/image\/","url":"https:\/\/www.memo-media.de\/blog\/wp-content\/uploads\/2023\/07\/htd750-20230303-91083-150x150.jpg","contentUrl":"https:\/\/www.memo-media.de\/blog\/wp-content\/uploads\/2023\/07\/htd750-20230303-91083-150x150.jpg","caption":"Sandra Thiele"},"description":"Sandra Thiele ist freiberufliche Autorin und Redakteurin. Als diplomierte Oecotrophologin sind Themen aus Ern\u00e4hrung und Landwirtschaft ihr eigentliches Fachgebiet. So ist sie nicht nur verantwortlich f\u00fcr diverse Ver\u00f6ffentlichungen f\u00fcr Verbraucher, sondern vor allem auch f\u00fcr Bildungsmaterialien f\u00fcr Kinder und Jugendliche. Seit 2019 ist Sandra f\u00fcr memo-media als Bloggerin und Autorin unterwegs. Jedes Mal aufs Neue ist sie dabei \u00fcber die unglaubliche Vielfalt der Eventbranche und das damit verbundene Aufgabengebiet begeistert und l\u00e4sst dies in jedem Wort durchklingen, das sie f\u00fcr uns schreibt.","sameAs":["http:\/\/www.sandra-thiele.de"],"url":"https:\/\/www.memo-media.de\/blog\/author\/sandra-thiele\/"}]}},"_links":{"self":[{"href":"https:\/\/www.memo-media.de\/blog\/wp-json\/wp\/v2\/posts\/16162"}],"collection":[{"href":"https:\/\/www.memo-media.de\/blog\/wp-json\/wp\/v2\/posts"}],"about":[{"href":"https:\/\/www.memo-media.de\/blog\/wp-json\/wp\/v2\/types\/post"}],"author":[{"embeddable":true,"href":"https:\/\/www.memo-media.de\/blog\/wp-json\/wp\/v2\/users\/39"}],"replies":[{"embeddable":true,"href":"https:\/\/www.memo-media.de\/blog\/wp-json\/wp\/v2\/comments?post=16162"}],"version-history":[{"count":9,"href":"https:\/\/www.memo-media.de\/blog\/wp-json\/wp\/v2\/posts\/16162\/revisions"}],"predecessor-version":[{"id":17720,"href":"https:\/\/www.memo-media.de\/blog\/wp-json\/wp\/v2\/posts\/16162\/revisions\/17720"}],"wp:featuredmedia":[{"embeddable":true,"href":"https:\/\/www.memo-media.de\/blog\/wp-json\/wp\/v2\/media\/16169"}],"wp:attachment":[{"href":"https:\/\/www.memo-media.de\/blog\/wp-json\/wp\/v2\/media?parent=16162"}],"wp:term":[{"taxonomy":"category","embeddable":true,"href":"https:\/\/www.memo-media.de\/blog\/wp-json\/wp\/v2\/categories?post=16162"},{"taxonomy":"post_tag","embeddable":true,"href":"https:\/\/www.memo-media.de\/blog\/wp-json\/wp\/v2\/tags?post=16162"}],"curies":[{"name":"wp","href":"https:\/\/api.w.org\/{rel}","templated":true}]}}