{"id":15765,"date":"2023-03-03T10:03:13","date_gmt":"2023-03-03T08:03:13","guid":{"rendered":"https:\/\/www.memo-media.de\/blog\/?p=15765"},"modified":"2023-04-03T12:45:08","modified_gmt":"2023-04-03T10:45:08","slug":"10-gruende-fuer-dein-all-for-events-abo","status":"publish","type":"post","link":"https:\/\/www.memo-media.de\/blog\/10-gruende-fuer-dein-all-for-events-abo\/","title":{"rendered":"10 Gr\u00fcnde f\u00fcr ALL! FOR EVENTS"},"content":{"rendered":"<p>Wenn du als Eventplaner:in t\u00e4tig bist, wei\u00dft du: Die Auswahl an Angeboten, Ideen und Trends gleicht einem Meer an M\u00f6glichkeiten. Und es wird von Jahr zu Jahr kreativer, innovativer und umfangreicher. Wenn du den Blick \u00fcber den Tellerrand nicht hinauswagst, verpasst du somit einiges, was die Branche zu bieten hat. Genau hier kommt ALL! FOR EVENTS ins Spiel: <a href=\"https:\/\/www.digistore24.com\/product\/437783\" target=\"_blank\" rel=\"noopener\">dein ALL! FOR EVENTS-Abo<\/a> als Sammlung<span style=\"font-size: xx-small;\"><!-- Lustiger Vergleich, aber irgendwie hinkt er noch... --><\/span> voller Event-Inspirationen und -Wissen.<\/p>\n<p>Warum das ALL! FOR EVENTS-Abo f\u00fcr dich unverzichtbar ist? Wir verraten dir 10 gute Gr\u00fcnde f\u00fcr deine Event-Inspiration mit ALL! FOR EVENTS:<\/p>\n<h3><\/h3>\n<ol>\n<li>Du bekommst mit den memoPapers <b>monatlich 5 hochwertige Event-Ideen plus einer Checkliste<\/b> f\u00fcr deine Orga direkt auf den Schreibtisch zugeschickt \u2013 <b>und musst nichts daf\u00fcr tun. <\/b>Welche neuen Event-Trends und -Inspirationen dich monatlich erwarten, ist jedes Mal eine \u00dcberraschung. Und immer wieder mal ist ein witziges Goodie dabei.<\/li>\n<li>Du wirst auf Ideen aufmerksam, auf die du ohne die memoPapers wohl nicht gesto\u00dfen w\u00e4rst. Denn sei ehrlich: Wie sucht man im Allgemeinen? Nach nichts, was man nicht kennt \u2013 geht ja nicht. <strong>Alle<\/strong> <b>vorgestellten Event-Ideen<\/b> sind erprobt und stammen <strong>von<\/strong> <b>professionellen<\/b> <b>Anbietern<\/b>. Darauf legen wir bei memo-media schon immer viel Wert.<\/li>\n<li>Zum Auftakt deines Event-Ideen-Abos bekommst du den <b>stylischen Ordner samt Orga-System<\/b> zur perfekten Sortierung deiner Projekte! Der Ordner wurde wie alle Produkte von memo-media <strong>nachhaltig produziert.<\/strong><\/li>\n<li><b>Sortiere<\/b> <b>die Ideen und Infos<\/b> <b>ganz individuell<\/b><strong>!<\/strong> Es bleibt dir \u00fcberlassen, ob du die Ideen nach Themen oder Genres sortierst oder vielleicht nach Projekten. Deiner Arbeitsstruktur und Kreativit\u00e4t sind keine Grenzen gesetzt. Die Trennstreifen f\u00fcr deine individuelle Sortierung liegen dem Starter-Paket ebenfalls kostenfrei bei.<\/li>\n<li>Zudem darfst du dich auf <span style=\"color: #000080;\"><span lang=\"zxx\"><u><a class=\"western\" href=\"https:\/\/dcegte85.sibpages.com\/\" target=\"_blank\" rel=\"noopener\">das Eventbranchenbuch mit mehr als 5.000 Kontakten<\/a><\/u><\/span><\/span><i> <\/i>zu Event-Anbietern aller Art freuen. Es umfasst elf gro\u00dfe Bereiche, die wiederum <strong>in rund 1.370 Kategorien unterteilt<\/strong> sind. Das erm\u00f6glicht dir, so detailliert und zielgenau wie m\u00f6glich zu suchen oder dich zu inspirieren. Durch die \u00fcbersichtliche Sortierung nach Postleitzahl sind auch regionale Kontakte schnell gefunden.<\/li>\n<li>On top erh\u00e4ltst du jedes Quartal das <b>Fachmagazin f\u00fcr die Unternehmenskommunikation showcases<\/b> mit Best Cases und Experten-Wissen rund um die Eventplanung. Im <a href=\"https:\/\/www.memo-media.de\/showcases\/order\" target=\"_blank\" rel=\"noopener\">Einzel-Abo<\/a> betr\u00e4gt der showcases-Jahrespreis 66,- \u20ac j\u00e4hrlich \u2013 <b>du bekommst es automatisch dazu<\/b>!<\/li>\n<li>Du bist auf der richtigen Spur und suchst noch mehr Ideen und weitere Unterst\u00fctzung, um deine Veranstaltung \u201erund\u201c zu machen? Nutze unseren <span style=\"color: #000080;\"><span lang=\"zxx\"><u><a class=\"western\" href=\"https:\/\/www.eventbranchenverzeichnis.de\/rechercheservice\" target=\"_blank\" rel=\"noopener\">kostenfreien Recherche-Service<\/a><\/u><\/span><\/span><b>.<\/b> W\u00e4hrend der B\u00fcrozeiten hast du <b>exklusive Ansprechpartner:innen<\/b> in unserem Team, deren umfangreiches Wissen du \u201eanzapfen\u201c kannst und die dir gerne weiterhelfen.<\/li>\n<li>Auf <span style=\"color: #000080;\"><span lang=\"zxx\"><u><a class=\"western\" href=\"http:\/\/www.eventbranchenverzeichnis.de\/\" target=\"_blank\" rel=\"noopener\">eventbranchenverzeichnis.de<\/a><\/u><\/span><\/span> kannst du dir <b>Projektlisten<\/b><strong> anlegen<\/strong> und dort die Daten deiner favorisierten Anbieter sammeln. Du kannst sie direkt aus dem Tool kontaktieren und mit Notizen versehen. Arbeitest du im Team, kannst du die Projektlisten zudem teilen und delegieren. Und sobald uns die Anbieter neue Kontaktdaten mitteilen, werden deine Listen automatisch von uns aktualisiert. Du bist also <b>immer up-to-date<\/b>.<\/li>\n<li>Auch <b>Networking<\/b> wird beim Event-Ideen-Abo gro\u00dfgeschrieben. Bei vielen <b>wichtigen<\/b> <b>Branchenmessen<\/b> <strong>versorgen wir dich mit Eintrittstickets<\/strong>. Und wir freuen uns, wenn wir dich dort pers\u00f6nlich kennenlernen und mit anderen Event-Planer:innen und -Dienstleistenden und K\u00fcnstler:innen in Kontakt bringen.<\/li>\n<li>Sorge vor <b>Abo-Falle und lange Bindungsvertr\u00e4ge<\/b> \u00e0 la Fitness-Studio? Nein, nicht mit uns! Nach den ersten drei Monaten ist dein ALL! FOR EVENTS-Abo monatlich k\u00fcndbar.<\/li>\n<\/ol>\n<p>\u00dcberzeugt? Dann freu dich schon jetzt auf dein kostenfreies Starter-Paket und deine ersten Event-Inspirationen f\u00fcr deine n\u00e4chste Veranstaltung: <span style=\"color: #000080;\"><span lang=\"zxx\"><u><a class=\"western\" href=\"https:\/\/www.digistore24.com\/product\/437783\" target=\"_blank\" rel=\"noopener\">Hier zur Bestellseite<\/a><\/u><\/span><\/span><\/p>\n","protected":false},"excerpt":{"rendered":"<p>Wenn du als Eventplaner:in t\u00e4tig bist, wei\u00dft du: Die Auswahl an Angeboten, Ideen und Trends gleicht einem Meer an M\u00f6glichkeiten&#8230;.<\/p>\n","protected":false},"author":21,"featured_media":15768,"comment_status":"closed","ping_status":"open","sticky":false,"template":"","format":"standard","meta":[],"categories":[5,7],"tags":[2858,2861,2860,856,2859,656,2857,682],"yoast_head":"<!-- This site is optimized with the Yoast SEO Premium plugin v20.5 (Yoast SEO v20.5) - https:\/\/yoast.com\/wordpress\/plugins\/seo\/ -->\n<title>10 Gr\u00fcnde f\u00fcr ALL! FOR EVENTS<\/title>\n<meta name=\"description\" content=\"ALL! FOR % EVENTS ist deine monatliche Sammlung voller Event-Inspirationen. Bleibe \u00fcber Trends &amp; Neuheiten f\u00fcr deine Events up to date.\" \/>\n<meta name=\"robots\" content=\"index, follow, max-snippet:-1, max-image-preview:large, max-video-preview:-1\" \/>\n<link rel=\"canonical\" href=\"https:\/\/www.memo-media.de\/blog\/10-gruende-fuer-dein-all-for-events-abo\/\" \/>\n<meta property=\"og:locale\" content=\"de_DE\" \/>\n<meta property=\"og:type\" content=\"article\" \/>\n<meta property=\"og:title\" content=\"10 Gr\u00fcnde f\u00fcr ALL! FOR EVENTS\" \/>\n<meta property=\"og:description\" content=\"ALL! FOR % EVENTS ist deine monatliche Sammlung voller Event-Inspirationen. Bleibe \u00fcber Trends &amp; Neuheiten f\u00fcr deine Events up to date.\" \/>\n<meta property=\"og:url\" content=\"https:\/\/www.memo-media.de\/blog\/10-gruende-fuer-dein-all-for-events-abo\/\" \/>\n<meta property=\"og:site_name\" content=\"memo-media Blog f\u00fcr die Eventplanung\" \/>\n<meta property=\"article:published_time\" content=\"2023-03-03T08:03:13+00:00\" \/>\n<meta property=\"article:modified_time\" content=\"2023-04-03T10:45:08+00:00\" \/>\n<meta property=\"og:image\" content=\"https:\/\/www.memo-media.de\/blog\/wp-content\/uploads\/2023\/02\/event-ideen-abo_memopapers_memo-media.jpg\" \/>\n\t<meta property=\"og:image:width\" content=\"1050\" \/>\n\t<meta property=\"og:image:height\" content=\"804\" \/>\n\t<meta property=\"og:image:type\" content=\"image\/jpeg\" \/>\n<meta name=\"author\" content=\"Tabea Lettau\" \/>\n<meta name=\"twitter:label1\" content=\"Verfasst von\" \/>\n\t<meta name=\"twitter:data1\" content=\"Tabea Lettau\" \/>\n\t<meta name=\"twitter:label2\" content=\"Gesch\u00e4tzte Lesezeit\" \/>\n\t<meta name=\"twitter:data2\" content=\"3\u00a0Minuten\" \/>\n<script type=\"application\/ld+json\" class=\"yoast-schema-graph\">{\"@context\":\"https:\/\/schema.org\",\"@graph\":[{\"@type\":\"WebPage\",\"@id\":\"https:\/\/www.memo-media.de\/blog\/10-gruende-fuer-dein-all-for-events-abo\/\",\"url\":\"https:\/\/www.memo-media.de\/blog\/10-gruende-fuer-dein-all-for-events-abo\/\",\"name\":\"10 Gr\u00fcnde f\u00fcr ALL! FOR EVENTS\",\"isPartOf\":{\"@id\":\"https:\/\/www.memo-media.de\/blog\/#website\"},\"datePublished\":\"2023-03-03T08:03:13+00:00\",\"dateModified\":\"2023-04-03T10:45:08+00:00\",\"author\":{\"@id\":\"https:\/\/www.memo-media.de\/blog\/#\/schema\/person\/b2be3eb5c595160c885d721d60aba2b3\"},\"description\":\"ALL! FOR % EVENTS ist deine monatliche Sammlung voller Event-Inspirationen. Bleibe \u00fcber Trends & Neuheiten f\u00fcr deine Events up to date.\",\"breadcrumb\":{\"@id\":\"https:\/\/www.memo-media.de\/blog\/10-gruende-fuer-dein-all-for-events-abo\/#breadcrumb\"},\"inLanguage\":\"de\",\"potentialAction\":[{\"@type\":\"ReadAction\",\"target\":[\"https:\/\/www.memo-media.de\/blog\/10-gruende-fuer-dein-all-for-events-abo\/\"]}]},{\"@type\":\"BreadcrumbList\",\"@id\":\"https:\/\/www.memo-media.de\/blog\/10-gruende-fuer-dein-all-for-events-abo\/#breadcrumb\",\"itemListElement\":[{\"@type\":\"ListItem\",\"position\":1,\"name\":\"Home\",\"item\":\"https:\/\/www.memo-media.de\/blog\/\"},{\"@type\":\"ListItem\",\"position\":2,\"name\":\"10 Gr\u00fcnde f\u00fcr ALL! FOR EVENTS\"}]},{\"@type\":\"WebSite\",\"@id\":\"https:\/\/www.memo-media.de\/blog\/#website\",\"url\":\"https:\/\/www.memo-media.de\/blog\/\",\"name\":\"memo-media Blog f\u00fcr die Eventplanung\",\"description\":\"News und Facts aus der Eventbranche f\u00fcr die Eventbranche\",\"potentialAction\":[{\"@type\":\"SearchAction\",\"target\":{\"@type\":\"EntryPoint\",\"urlTemplate\":\"https:\/\/www.memo-media.de\/blog\/?s={search_term_string}\"},\"query-input\":\"required name=search_term_string\"}],\"inLanguage\":\"de\"},{\"@type\":\"Person\",\"@id\":\"https:\/\/www.memo-media.de\/blog\/#\/schema\/person\/b2be3eb5c595160c885d721d60aba2b3\",\"name\":\"Tabea Lettau\",\"image\":{\"@type\":\"ImageObject\",\"inLanguage\":\"de\",\"@id\":\"https:\/\/www.memo-media.de\/blog\/#\/schema\/person\/image\/\",\"url\":\"https:\/\/www.memo-media.de\/blog\/wp-content\/uploads\/2024\/02\/tabea_lettau_redakteurin_memo-media-150x150.jpg\",\"contentUrl\":\"https:\/\/www.memo-media.de\/blog\/wp-content\/uploads\/2024\/02\/tabea_lettau_redakteurin_memo-media-150x150.jpg\",\"caption\":\"Tabea Lettau\"},\"description\":\"Tabea Lettau hat an der Universit\u00e4t Siegen Kommunikations- und Wirtschaftswissenschaften studiert. Bereits w\u00e4hrend ihres Studiums machte sie sich als Redakteurin und Content-Managerin selbstst\u00e4ndig. Seit 2015 ist sie als Freiberuflerin Teil des memo-media-Teams und schreibt u. a. f\u00fcr den Blog, das Magazin showcases und den monatlichen memoLetter. Die inspirierenden Geschichten und Visionen der Menschen in der Eventbranche zu erfahren, erf\u00fcllt sie daran ganz besonders. Neben ihrer freiberuflichen T\u00e4tigkeit realisiert sie auch eigene Online-Projekte und hat zwei B\u00fccher geschrieben.\",\"url\":\"https:\/\/www.memo-media.de\/blog\/author\/tabea-lettau\/\"}]}<\/script>\n<!-- \/ Yoast SEO Premium plugin. -->","yoast_head_json":{"title":"10 Gr\u00fcnde f\u00fcr ALL! FOR EVENTS","description":"ALL! FOR % EVENTS ist deine monatliche Sammlung voller Event-Inspirationen. Bleibe \u00fcber Trends & Neuheiten f\u00fcr deine Events up to date.","robots":{"index":"index","follow":"follow","max-snippet":"max-snippet:-1","max-image-preview":"max-image-preview:large","max-video-preview":"max-video-preview:-1"},"canonical":"https:\/\/www.memo-media.de\/blog\/10-gruende-fuer-dein-all-for-events-abo\/","og_locale":"de_DE","og_type":"article","og_title":"10 Gr\u00fcnde f\u00fcr ALL! FOR EVENTS","og_description":"ALL! FOR % EVENTS ist deine monatliche Sammlung voller Event-Inspirationen. Bleibe \u00fcber Trends & Neuheiten f\u00fcr deine Events up to date.","og_url":"https:\/\/www.memo-media.de\/blog\/10-gruende-fuer-dein-all-for-events-abo\/","og_site_name":"memo-media Blog f\u00fcr die Eventplanung","article_published_time":"2023-03-03T08:03:13+00:00","article_modified_time":"2023-04-03T10:45:08+00:00","og_image":[{"width":1050,"height":804,"url":"https:\/\/www.memo-media.de\/blog\/wp-content\/uploads\/2023\/02\/event-ideen-abo_memopapers_memo-media.jpg","type":"image\/jpeg"}],"author":"Tabea Lettau","twitter_misc":{"Verfasst von":"Tabea Lettau","Gesch\u00e4tzte Lesezeit":"3\u00a0Minuten"},"schema":{"@context":"https:\/\/schema.org","@graph":[{"@type":"WebPage","@id":"https:\/\/www.memo-media.de\/blog\/10-gruende-fuer-dein-all-for-events-abo\/","url":"https:\/\/www.memo-media.de\/blog\/10-gruende-fuer-dein-all-for-events-abo\/","name":"10 Gr\u00fcnde f\u00fcr ALL! FOR EVENTS","isPartOf":{"@id":"https:\/\/www.memo-media.de\/blog\/#website"},"datePublished":"2023-03-03T08:03:13+00:00","dateModified":"2023-04-03T10:45:08+00:00","author":{"@id":"https:\/\/www.memo-media.de\/blog\/#\/schema\/person\/b2be3eb5c595160c885d721d60aba2b3"},"description":"ALL! FOR % EVENTS ist deine monatliche Sammlung voller Event-Inspirationen. Bleibe \u00fcber Trends & Neuheiten f\u00fcr deine Events up to date.","breadcrumb":{"@id":"https:\/\/www.memo-media.de\/blog\/10-gruende-fuer-dein-all-for-events-abo\/#breadcrumb"},"inLanguage":"de","potentialAction":[{"@type":"ReadAction","target":["https:\/\/www.memo-media.de\/blog\/10-gruende-fuer-dein-all-for-events-abo\/"]}]},{"@type":"BreadcrumbList","@id":"https:\/\/www.memo-media.de\/blog\/10-gruende-fuer-dein-all-for-events-abo\/#breadcrumb","itemListElement":[{"@type":"ListItem","position":1,"name":"Home","item":"https:\/\/www.memo-media.de\/blog\/"},{"@type":"ListItem","position":2,"name":"10 Gr\u00fcnde f\u00fcr ALL! FOR EVENTS"}]},{"@type":"WebSite","@id":"https:\/\/www.memo-media.de\/blog\/#website","url":"https:\/\/www.memo-media.de\/blog\/","name":"memo-media Blog f\u00fcr die Eventplanung","description":"News und Facts aus der Eventbranche f\u00fcr die Eventbranche","potentialAction":[{"@type":"SearchAction","target":{"@type":"EntryPoint","urlTemplate":"https:\/\/www.memo-media.de\/blog\/?s={search_term_string}"},"query-input":"required name=search_term_string"}],"inLanguage":"de"},{"@type":"Person","@id":"https:\/\/www.memo-media.de\/blog\/#\/schema\/person\/b2be3eb5c595160c885d721d60aba2b3","name":"Tabea Lettau","image":{"@type":"ImageObject","inLanguage":"de","@id":"https:\/\/www.memo-media.de\/blog\/#\/schema\/person\/image\/","url":"https:\/\/www.memo-media.de\/blog\/wp-content\/uploads\/2024\/02\/tabea_lettau_redakteurin_memo-media-150x150.jpg","contentUrl":"https:\/\/www.memo-media.de\/blog\/wp-content\/uploads\/2024\/02\/tabea_lettau_redakteurin_memo-media-150x150.jpg","caption":"Tabea Lettau"},"description":"Tabea Lettau hat an der Universit\u00e4t Siegen Kommunikations- und Wirtschaftswissenschaften studiert. Bereits w\u00e4hrend ihres Studiums machte sie sich als Redakteurin und Content-Managerin selbstst\u00e4ndig. Seit 2015 ist sie als Freiberuflerin Teil des memo-media-Teams und schreibt u. a. f\u00fcr den Blog, das Magazin showcases und den monatlichen memoLetter. Die inspirierenden Geschichten und Visionen der Menschen in der Eventbranche zu erfahren, erf\u00fcllt sie daran ganz besonders. Neben ihrer freiberuflichen T\u00e4tigkeit realisiert sie auch eigene Online-Projekte und hat zwei B\u00fccher geschrieben.","url":"https:\/\/www.memo-media.de\/blog\/author\/tabea-lettau\/"}]}},"_links":{"self":[{"href":"https:\/\/www.memo-media.de\/blog\/wp-json\/wp\/v2\/posts\/15765"}],"collection":[{"href":"https:\/\/www.memo-media.de\/blog\/wp-json\/wp\/v2\/posts"}],"about":[{"href":"https:\/\/www.memo-media.de\/blog\/wp-json\/wp\/v2\/types\/post"}],"author":[{"embeddable":true,"href":"https:\/\/www.memo-media.de\/blog\/wp-json\/wp\/v2\/users\/21"}],"replies":[{"embeddable":true,"href":"https:\/\/www.memo-media.de\/blog\/wp-json\/wp\/v2\/comments?post=15765"}],"version-history":[{"count":9,"href":"https:\/\/www.memo-media.de\/blog\/wp-json\/wp\/v2\/posts\/15765\/revisions"}],"predecessor-version":[{"id":15872,"href":"https:\/\/www.memo-media.de\/blog\/wp-json\/wp\/v2\/posts\/15765\/revisions\/15872"}],"wp:featuredmedia":[{"embeddable":true,"href":"https:\/\/www.memo-media.de\/blog\/wp-json\/wp\/v2\/media\/15768"}],"wp:attachment":[{"href":"https:\/\/www.memo-media.de\/blog\/wp-json\/wp\/v2\/media?parent=15765"}],"wp:term":[{"taxonomy":"category","embeddable":true,"href":"https:\/\/www.memo-media.de\/blog\/wp-json\/wp\/v2\/categories?post=15765"},{"taxonomy":"post_tag","embeddable":true,"href":"https:\/\/www.memo-media.de\/blog\/wp-json\/wp\/v2\/tags?post=15765"}],"curies":[{"name":"wp","href":"https:\/\/api.w.org\/{rel}","templated":true}]}}