{"id":15427,"date":"2022-12-13T10:41:03","date_gmt":"2022-12-13T08:41:03","guid":{"rendered":"https:\/\/www.memo-media.de\/blog\/?p=15427"},"modified":"2023-03-10T14:39:57","modified_gmt":"2023-03-10T12:39:57","slug":"mentalmagier-alexander-schelle-faszinierende-show-fuer-firmenfeiern","status":"publish","type":"post","link":"https:\/\/www.memo-media.de\/blog\/mentalmagier-alexander-schelle-faszinierende-show-fuer-firmenfeiern\/","title":{"rendered":"Mentalmagier Alexander Schelle: Faszinierende Show f\u00fcr Firmenfeiern"},"content":{"rendered":"<p>Als Redakteurin des Blogs f\u00fcr die Eventbranche ist man, w\u00fcrde ich mal behaupten, ziemlich verw\u00f6hnt, was das Besuchen von Veranstaltungen und das Erleben von Shows geht. Es geh\u00f6rt nun mal zu Job, viel unterwegs zu sein, informiert zu bleiben \u00fcber das, was neu ist und Bescheid zu wissen, was die Besucher m\u00f6gen. Aber obwohl es eigentlich eine uralte Technik ist, haben wir k\u00fcrzlich etwas komplett Neues entdeckt, das wir so noch nie gesehen hatten: eine Show des Mentalmagiers, Mentalisten und <a href=\"https:\/\/www.alexander-schelle.de\/Kontakt\" target=\"_blank\" rel=\"noopener\">Hypnotiseurs Alexander Schelle<\/a>.<\/p>\n<h3>Alle machen mit!<\/h3>\n<div id=\"attachment_15434\" style=\"width: 310px\" class=\"wp-caption alignleft\"><a href=\"https:\/\/www.memo-media.de\/blog\/wp-content\/uploads\/2022\/12\/mentalmagier3.jpg\"><img aria-describedby=\"caption-attachment-15434\" decoding=\"async\" loading=\"lazy\" class=\"wp-image-15434 size-medium\" src=\"https:\/\/www.memo-media.de\/blog\/wp-content\/uploads\/2022\/12\/mentalmagier3-300x200.jpg\" alt=\"\u201eMeine Leidenschaft ist das Unterbewusstsein.\u201c Mentalmagier Alexander Schelle. \" width=\"300\" height=\"200\" srcset=\"https:\/\/www.memo-media.de\/blog\/wp-content\/uploads\/2022\/12\/mentalmagier3-300x200.jpg 300w, https:\/\/www.memo-media.de\/blog\/wp-content\/uploads\/2022\/12\/mentalmagier3-1024x683.jpg 1024w, https:\/\/www.memo-media.de\/blog\/wp-content\/uploads\/2022\/12\/mentalmagier3-768x512.jpg 768w, https:\/\/www.memo-media.de\/blog\/wp-content\/uploads\/2022\/12\/mentalmagier3-335x223.jpg 335w, https:\/\/www.memo-media.de\/blog\/wp-content\/uploads\/2022\/12\/mentalmagier3-1050x700.jpg 1050w, https:\/\/www.memo-media.de\/blog\/wp-content\/uploads\/2022\/12\/mentalmagier3.jpg 1200w\" sizes=\"(max-width: 300px) 100vw, 300px\" \/><\/a><p id=\"caption-attachment-15434\" class=\"wp-caption-text\">\u201eMeine Leidenschaft ist das Unterbewusstsein.\u201c Mentalmagier Alexander Schelle.<\/p><\/div>\n<p>Und zugegeben: Anfangs waren wir schon ein bisschen unsicher, was da auf uns zukommt. Werden wir hypnotisiert auf der B\u00fchne irgendwelche Geheimnisse ausplaudern? Steht ein dunkler Magier mit schwarzem Umhang vor uns, der unsere Gedanken lesen kann? Schlie\u00dflich sagt Alexander Schelle von sich: \u201eMeine Leidenschaft ist das Unterbewusstsein.\u201c Auch wenn wir nat\u00fcrlich nichts zu verbergen haben: Das Gef\u00fchl, vor dem Team oder auf der gro\u00dfen B\u00fchne etwas preiszugeben, das wir nicht m\u00f6chten, ist ungewohnt.<\/p>\n<p>Und dann kam es ganz anders! Statt dunkler Magie haben wir gestaunt, mitgespielt \u2013 und vor allem: herzhaft gelacht. <a href=\"https:\/\/www.alexander-schelle.de\/mentalist-buchen\/\" target=\"_blank\" rel=\"noopener\">Denn die Show von Alexander Schelle<\/a> ist nicht nur ungew\u00f6hnlich und faszinierend, sondern vor allem sehr lustig. Auf der B\u00fchne vorgef\u00fchrt oder blo\u00dfgestellt wird hier niemand, daf\u00fcr kann jeder mitmachen und etwas \u00fcber sich selbst lernen: n\u00e4mlich, wie viel Kraft die eigene Vorstellung hat und wie das Unterbewusstsein funktioniert.<\/p>\n<h3>Der Mentalmagier wei\u00df, wer l\u00fcgt<\/h3>\n<div id=\"attachment_15433\" style=\"width: 310px\" class=\"wp-caption alignleft\"><a href=\"https:\/\/www.memo-media.de\/blog\/wp-content\/uploads\/2022\/12\/mentalmagier2.jpg\"><img aria-describedby=\"caption-attachment-15433\" decoding=\"async\" loading=\"lazy\" class=\"wp-image-15433 size-medium\" src=\"https:\/\/www.memo-media.de\/blog\/wp-content\/uploads\/2022\/12\/mentalmagier2-300x225.jpg\" alt=\"Eine Traumreise - und Schelle err\u00e4t, wo wir waren. \" width=\"300\" height=\"225\" srcset=\"https:\/\/www.memo-media.de\/blog\/wp-content\/uploads\/2022\/12\/mentalmagier2-300x225.jpg 300w, https:\/\/www.memo-media.de\/blog\/wp-content\/uploads\/2022\/12\/mentalmagier2-1024x768.jpg 1024w, https:\/\/www.memo-media.de\/blog\/wp-content\/uploads\/2022\/12\/mentalmagier2-768x576.jpg 768w, https:\/\/www.memo-media.de\/blog\/wp-content\/uploads\/2022\/12\/mentalmagier2-72x54.jpg 72w, https:\/\/www.memo-media.de\/blog\/wp-content\/uploads\/2022\/12\/mentalmagier2-335x251.jpg 335w, https:\/\/www.memo-media.de\/blog\/wp-content\/uploads\/2022\/12\/mentalmagier2-1050x788.jpg 1050w, https:\/\/www.memo-media.de\/blog\/wp-content\/uploads\/2022\/12\/mentalmagier2.jpg 1200w\" sizes=\"(max-width: 300px) 100vw, 300px\" \/><\/a><p id=\"caption-attachment-15433\" class=\"wp-caption-text\">Eine Traumreise &#8211; und Schelle err\u00e4t, wo wir waren.<\/p><\/div>\n<p>Nachdem Mentalmagier und Hypnotiseur Alexander Schelle gut gelaunt durchs Publikum spazierte und die G\u00e4ste begr\u00fc\u00dfte, stellte er klar: \u201eIn meiner Show gibt es keine unsichtbare Wand zwischen der B\u00fchne und dem Publikum. Denn der wichtigste Bestandteil der Show bin nicht ich, sondern das seid ihr.\u201c Und deswegen lud er die G\u00e4ste auch alle gleich zum Mitmachen ein: F\u00fcnf \u201eFreiwillige\u201c sollten sich aus <a href=\"https:\/\/www.alexander-schelle.de\/tour_mentalist\/\" target=\"_blank\" rel=\"noopener\">Alexander Schelles<\/a> Portemonnaie eine M\u00fcnze nehmen \u2013 vier bekamen einen Euro, einer einen Penny. \u201eJetzt d\u00fcrft ihr mich alle mal ganz frech anl\u00fcgen\u201c, sagte der Mentalmagier lachend. Gesagt, getan \u2013 alle versicherten: Ich habe den Euro. Was Schelle wusste: Einer l\u00fcgt, denn einer hat den Penny. Aber wer? Dar\u00fcber haben wir in der Redaktion jedenfalls angeregt beratschlagt und glaubten eigentlich allen! Schelle stellte Fragen (die teilweise gar nichts mit dem Inhalt des Portemonnaies zu tun hatten!), beobachtete die K\u00f6rpersprache, sah ganz genau hin \u2013 und entlarvte den L\u00fcgner nach wenigen Minuten. Daf\u00fcr gab es tosenden Applaus.<\/p>\n<h3>Der Mentalist bricht das Eis mit Humor<\/h3>\n<div id=\"attachment_15432\" style=\"width: 310px\" class=\"wp-caption alignleft\"><a href=\"https:\/\/www.memo-media.de\/blog\/wp-content\/uploads\/2022\/12\/mentalmagier1.jpg\"><img aria-describedby=\"caption-attachment-15432\" decoding=\"async\" loading=\"lazy\" class=\"wp-image-15432 size-medium\" src=\"https:\/\/www.memo-media.de\/blog\/wp-content\/uploads\/2022\/12\/mentalmagier1-300x200.jpg\" alt=\"In der faszinierenden Show lernen wir auch viel \u00fcber uns selbst. \" width=\"300\" height=\"200\" srcset=\"https:\/\/www.memo-media.de\/blog\/wp-content\/uploads\/2022\/12\/mentalmagier1-300x200.jpg 300w, https:\/\/www.memo-media.de\/blog\/wp-content\/uploads\/2022\/12\/mentalmagier1-768x513.jpg 768w, https:\/\/www.memo-media.de\/blog\/wp-content\/uploads\/2022\/12\/mentalmagier1-335x224.jpg 335w, https:\/\/www.memo-media.de\/blog\/wp-content\/uploads\/2022\/12\/mentalmagier1.jpg 1000w\" sizes=\"(max-width: 300px) 100vw, 300px\" \/><\/a><p id=\"caption-attachment-15432\" class=\"wp-caption-text\">In der faszinierenden Show lernen wir auch viel \u00fcber uns selbst.<\/p><\/div>\n<p>Und auch die n\u00e4chsten beiden Experimente waren einfach unglaublich. Wir sollten eine Traumreise in unseren Gedanken unternehmen und Alexander eine Postkarte \u201eschicken\u201c. Und er wusste, wo wir waren! Nat\u00fcrlich wollten wir danach unbedingt wissen, wie er das macht. Ist eine \u00fcbernat\u00fcrliche Gabe im Spiel? Alexander lacht: \u201eIch interessiere mich eben sehr f\u00fcr Menschen, wie sie denken und ticken\u201c, erkl\u00e4rt er. Erfahrung gesammelt hat er schon w\u00e4hrend seines Berufs als Vertriebsmitarbeiter und Key Account Manager in gro\u00dfen Firmen. \u201eDa habe ich 30 Jahre lang Menschen beobachtet und viel dar\u00fcber gelernt, wie das Unterbewusstsein funktioniert.\u201c Seit f\u00fcnf Jahren ist Schelle hauptberuflich als Mentalmagier unterwegs \u2013 seine Erfahrung aus dem Business hilft ihm dabei immer noch. Gerade bei gro\u00dfen Firmenfeiern kommt ihm zugute, dass er genau wei\u00df, wie alle Ebenen, vom Mitarbeiter bis zur Gesch\u00e4ftsf\u00fchrung, ticken. Ber\u00fchrungs\u00e4ngste hat er nicht \u2013 im Gegenteil: Viele, erz\u00e4hlt er, erwarten bei einem Mentalmagier dunkle unheimliche Gestalten. So wie wir anfangs ja auch. Mit seiner humorvollen Art und seinem Programm, das vor allem aus Lachen und Staunen besteht, ist das Eis aber schnell gebrochen und Vertrauen ist aufgebaut. Und damit auch jede Menge Gespr\u00e4chsstoff. Bei uns gab es jedenfalls an dem Abend vor allem ein Thema: Wie hat er den L\u00fcgner entlarvt? Und wie ging das mit den Postkarten? Ganz genau wissen wir es nicht. Aber das macht es ja auch so spannend.<\/p>\n<p>&nbsp;<\/p>\n<p>Hier geht es zum <a href=\"https:\/\/www.eventbranchenverzeichnis.de\/details\/mentalist-alexander-schelle-psychic-entertainment-36371.html\" target=\"_blank\" rel=\"noopener\">Kontakt<\/a>.<\/p>\n","protected":false},"excerpt":{"rendered":"<p>Als Redakteurin des Blogs f\u00fcr die Eventbranche ist man, w\u00fcrde ich mal behaupten, ziemlich verw\u00f6hnt, was das Besuchen von Veranstaltungen&#8230;<\/p>\n","protected":false},"author":29,"featured_media":15431,"comment_status":"closed","ping_status":"open","sticky":false,"template":"","format":"standard","meta":[],"categories":[9],"tags":[2874,2801,507,509,1728,508],"yoast_head":"<!-- This site is optimized with the Yoast SEO Premium plugin v20.5 (Yoast SEO v20.5) - https:\/\/yoast.com\/wordpress\/plugins\/seo\/ -->\n<title>Mentalmagier Alexander Schelle: Faszinierende Show f\u00fcr Firmenfeiern<\/title>\n<meta name=\"description\" content=\"Mit dem Mentalmagier Alexander Schelle auf Firmenfeiern \u00fcberraschen. Diese Show ist nicht nur faszinierend, sondern lustig!\" \/>\n<meta name=\"robots\" content=\"index, follow, max-snippet:-1, max-image-preview:large, max-video-preview:-1\" \/>\n<link rel=\"canonical\" href=\"https:\/\/www.memo-media.de\/blog\/mentalmagier-alexander-schelle-faszinierende-show-fuer-firmenfeiern\/\" \/>\n<meta property=\"og:locale\" content=\"de_DE\" \/>\n<meta property=\"og:type\" content=\"article\" \/>\n<meta property=\"og:title\" content=\"Mentalmagier Alexander Schelle: Faszinierende Show f\u00fcr Firmenfeiern\" \/>\n<meta property=\"og:description\" content=\"Mit dem Mentalmagier Alexander Schelle auf Firmenfeiern \u00fcberraschen. Diese Show ist nicht nur faszinierend, sondern lustig!\" \/>\n<meta property=\"og:url\" content=\"https:\/\/www.memo-media.de\/blog\/mentalmagier-alexander-schelle-faszinierende-show-fuer-firmenfeiern\/\" \/>\n<meta property=\"og:site_name\" content=\"memo-media Blog f\u00fcr die Eventplanung\" \/>\n<meta property=\"article:published_time\" content=\"2022-12-13T08:41:03+00:00\" \/>\n<meta property=\"article:modified_time\" content=\"2023-03-10T12:39:57+00:00\" \/>\n<meta property=\"og:image\" content=\"https:\/\/www.memo-media.de\/blog\/wp-content\/uploads\/2022\/12\/design-ohne-titel-1.jpg\" \/>\n\t<meta property=\"og:image:width\" content=\"1050\" \/>\n\t<meta property=\"og:image:height\" content=\"804\" \/>\n\t<meta property=\"og:image:type\" content=\"image\/jpeg\" \/>\n<meta name=\"author\" content=\"Julia Gundelach\" \/>\n<meta name=\"twitter:label1\" content=\"Verfasst von\" \/>\n\t<meta name=\"twitter:data1\" content=\"Julia Gundelach\" \/>\n\t<meta name=\"twitter:label2\" content=\"Gesch\u00e4tzte Lesezeit\" \/>\n\t<meta name=\"twitter:data2\" content=\"5\u00a0Minuten\" \/>\n<script type=\"application\/ld+json\" class=\"yoast-schema-graph\">{\"@context\":\"https:\/\/schema.org\",\"@graph\":[{\"@type\":\"WebPage\",\"@id\":\"https:\/\/www.memo-media.de\/blog\/mentalmagier-alexander-schelle-faszinierende-show-fuer-firmenfeiern\/\",\"url\":\"https:\/\/www.memo-media.de\/blog\/mentalmagier-alexander-schelle-faszinierende-show-fuer-firmenfeiern\/\",\"name\":\"Mentalmagier Alexander Schelle: Faszinierende Show f\u00fcr Firmenfeiern\",\"isPartOf\":{\"@id\":\"https:\/\/www.memo-media.de\/blog\/#website\"},\"datePublished\":\"2022-12-13T08:41:03+00:00\",\"dateModified\":\"2023-03-10T12:39:57+00:00\",\"author\":{\"@id\":\"https:\/\/www.memo-media.de\/blog\/#\/schema\/person\/b01cd365604b7a1226e889d3e8e6f56d\"},\"description\":\"Mit dem Mentalmagier Alexander Schelle auf Firmenfeiern \u00fcberraschen. Diese Show ist nicht nur faszinierend, sondern lustig!\",\"breadcrumb\":{\"@id\":\"https:\/\/www.memo-media.de\/blog\/mentalmagier-alexander-schelle-faszinierende-show-fuer-firmenfeiern\/#breadcrumb\"},\"inLanguage\":\"de\",\"potentialAction\":[{\"@type\":\"ReadAction\",\"target\":[\"https:\/\/www.memo-media.de\/blog\/mentalmagier-alexander-schelle-faszinierende-show-fuer-firmenfeiern\/\"]}]},{\"@type\":\"BreadcrumbList\",\"@id\":\"https:\/\/www.memo-media.de\/blog\/mentalmagier-alexander-schelle-faszinierende-show-fuer-firmenfeiern\/#breadcrumb\",\"itemListElement\":[{\"@type\":\"ListItem\",\"position\":1,\"name\":\"Home\",\"item\":\"https:\/\/www.memo-media.de\/blog\/\"},{\"@type\":\"ListItem\",\"position\":2,\"name\":\"Mentalmagier Alexander Schelle: Faszinierende Show f\u00fcr Firmenfeiern\"}]},{\"@type\":\"WebSite\",\"@id\":\"https:\/\/www.memo-media.de\/blog\/#website\",\"url\":\"https:\/\/www.memo-media.de\/blog\/\",\"name\":\"memo-media Blog f\u00fcr die Eventplanung\",\"description\":\"News und Facts aus der Eventbranche f\u00fcr die Eventbranche\",\"potentialAction\":[{\"@type\":\"SearchAction\",\"target\":{\"@type\":\"EntryPoint\",\"urlTemplate\":\"https:\/\/www.memo-media.de\/blog\/?s={search_term_string}\"},\"query-input\":\"required name=search_term_string\"}],\"inLanguage\":\"de\"},{\"@type\":\"Person\",\"@id\":\"https:\/\/www.memo-media.de\/blog\/#\/schema\/person\/b01cd365604b7a1226e889d3e8e6f56d\",\"name\":\"Julia Gundelach\",\"image\":{\"@type\":\"ImageObject\",\"inLanguage\":\"de\",\"@id\":\"https:\/\/www.memo-media.de\/blog\/#\/schema\/person\/image\/\",\"url\":\"https:\/\/www.memo-media.de\/blog\/wp-content\/uploads\/2021\/05\/julia-gundelach-150x150.jpg\",\"contentUrl\":\"https:\/\/www.memo-media.de\/blog\/wp-content\/uploads\/2021\/05\/julia-gundelach-150x150.jpg\",\"caption\":\"Julia Gundelach\"},\"description\":\"Julia Gundelach ist seit 2016 Teil des memo-media-Teams und bloggt am liebsten \u00fcber actionreiche Eventformate, die sie auch selbst mal testen darf. Als freie Redakteurin ist sie spezialisiert auf die Bereiche Marketing, PR und Werbung, aber auch auf neue Themen in der Veranstaltungswirtschaft. Zum Gl\u00fcck, denn eine buntere, vielf\u00e4ltigere und \u00fcberraschendere Welt, als das Event-Business kann sie sich nicht vorstellen!\",\"url\":\"https:\/\/www.memo-media.de\/blog\/author\/anna-steinberg\/\"}]}<\/script>\n<!-- \/ Yoast SEO Premium plugin. -->","yoast_head_json":{"title":"Mentalmagier Alexander Schelle: Faszinierende Show f\u00fcr Firmenfeiern","description":"Mit dem Mentalmagier Alexander Schelle auf Firmenfeiern \u00fcberraschen. Diese Show ist nicht nur faszinierend, sondern lustig!","robots":{"index":"index","follow":"follow","max-snippet":"max-snippet:-1","max-image-preview":"max-image-preview:large","max-video-preview":"max-video-preview:-1"},"canonical":"https:\/\/www.memo-media.de\/blog\/mentalmagier-alexander-schelle-faszinierende-show-fuer-firmenfeiern\/","og_locale":"de_DE","og_type":"article","og_title":"Mentalmagier Alexander Schelle: Faszinierende Show f\u00fcr Firmenfeiern","og_description":"Mit dem Mentalmagier Alexander Schelle auf Firmenfeiern \u00fcberraschen. Diese Show ist nicht nur faszinierend, sondern lustig!","og_url":"https:\/\/www.memo-media.de\/blog\/mentalmagier-alexander-schelle-faszinierende-show-fuer-firmenfeiern\/","og_site_name":"memo-media Blog f\u00fcr die Eventplanung","article_published_time":"2022-12-13T08:41:03+00:00","article_modified_time":"2023-03-10T12:39:57+00:00","og_image":[{"width":1050,"height":804,"url":"https:\/\/www.memo-media.de\/blog\/wp-content\/uploads\/2022\/12\/design-ohne-titel-1.jpg","type":"image\/jpeg"}],"author":"Julia Gundelach","twitter_misc":{"Verfasst von":"Julia Gundelach","Gesch\u00e4tzte Lesezeit":"5\u00a0Minuten"},"schema":{"@context":"https:\/\/schema.org","@graph":[{"@type":"WebPage","@id":"https:\/\/www.memo-media.de\/blog\/mentalmagier-alexander-schelle-faszinierende-show-fuer-firmenfeiern\/","url":"https:\/\/www.memo-media.de\/blog\/mentalmagier-alexander-schelle-faszinierende-show-fuer-firmenfeiern\/","name":"Mentalmagier Alexander Schelle: Faszinierende Show f\u00fcr Firmenfeiern","isPartOf":{"@id":"https:\/\/www.memo-media.de\/blog\/#website"},"datePublished":"2022-12-13T08:41:03+00:00","dateModified":"2023-03-10T12:39:57+00:00","author":{"@id":"https:\/\/www.memo-media.de\/blog\/#\/schema\/person\/b01cd365604b7a1226e889d3e8e6f56d"},"description":"Mit dem Mentalmagier Alexander Schelle auf Firmenfeiern \u00fcberraschen. Diese Show ist nicht nur faszinierend, sondern lustig!","breadcrumb":{"@id":"https:\/\/www.memo-media.de\/blog\/mentalmagier-alexander-schelle-faszinierende-show-fuer-firmenfeiern\/#breadcrumb"},"inLanguage":"de","potentialAction":[{"@type":"ReadAction","target":["https:\/\/www.memo-media.de\/blog\/mentalmagier-alexander-schelle-faszinierende-show-fuer-firmenfeiern\/"]}]},{"@type":"BreadcrumbList","@id":"https:\/\/www.memo-media.de\/blog\/mentalmagier-alexander-schelle-faszinierende-show-fuer-firmenfeiern\/#breadcrumb","itemListElement":[{"@type":"ListItem","position":1,"name":"Home","item":"https:\/\/www.memo-media.de\/blog\/"},{"@type":"ListItem","position":2,"name":"Mentalmagier Alexander Schelle: Faszinierende Show f\u00fcr Firmenfeiern"}]},{"@type":"WebSite","@id":"https:\/\/www.memo-media.de\/blog\/#website","url":"https:\/\/www.memo-media.de\/blog\/","name":"memo-media Blog f\u00fcr die Eventplanung","description":"News und Facts aus der Eventbranche f\u00fcr die Eventbranche","potentialAction":[{"@type":"SearchAction","target":{"@type":"EntryPoint","urlTemplate":"https:\/\/www.memo-media.de\/blog\/?s={search_term_string}"},"query-input":"required name=search_term_string"}],"inLanguage":"de"},{"@type":"Person","@id":"https:\/\/www.memo-media.de\/blog\/#\/schema\/person\/b01cd365604b7a1226e889d3e8e6f56d","name":"Julia Gundelach","image":{"@type":"ImageObject","inLanguage":"de","@id":"https:\/\/www.memo-media.de\/blog\/#\/schema\/person\/image\/","url":"https:\/\/www.memo-media.de\/blog\/wp-content\/uploads\/2021\/05\/julia-gundelach-150x150.jpg","contentUrl":"https:\/\/www.memo-media.de\/blog\/wp-content\/uploads\/2021\/05\/julia-gundelach-150x150.jpg","caption":"Julia Gundelach"},"description":"Julia Gundelach ist seit 2016 Teil des memo-media-Teams und bloggt am liebsten \u00fcber actionreiche Eventformate, die sie auch selbst mal testen darf. Als freie Redakteurin ist sie spezialisiert auf die Bereiche Marketing, PR und Werbung, aber auch auf neue Themen in der Veranstaltungswirtschaft. Zum Gl\u00fcck, denn eine buntere, vielf\u00e4ltigere und \u00fcberraschendere Welt, als das Event-Business kann sie sich nicht vorstellen!","url":"https:\/\/www.memo-media.de\/blog\/author\/anna-steinberg\/"}]}},"_links":{"self":[{"href":"https:\/\/www.memo-media.de\/blog\/wp-json\/wp\/v2\/posts\/15427"}],"collection":[{"href":"https:\/\/www.memo-media.de\/blog\/wp-json\/wp\/v2\/posts"}],"about":[{"href":"https:\/\/www.memo-media.de\/blog\/wp-json\/wp\/v2\/types\/post"}],"author":[{"embeddable":true,"href":"https:\/\/www.memo-media.de\/blog\/wp-json\/wp\/v2\/users\/29"}],"replies":[{"embeddable":true,"href":"https:\/\/www.memo-media.de\/blog\/wp-json\/wp\/v2\/comments?post=15427"}],"version-history":[{"count":4,"href":"https:\/\/www.memo-media.de\/blog\/wp-json\/wp\/v2\/posts\/15427\/revisions"}],"predecessor-version":[{"id":15435,"href":"https:\/\/www.memo-media.de\/blog\/wp-json\/wp\/v2\/posts\/15427\/revisions\/15435"}],"wp:featuredmedia":[{"embeddable":true,"href":"https:\/\/www.memo-media.de\/blog\/wp-json\/wp\/v2\/media\/15431"}],"wp:attachment":[{"href":"https:\/\/www.memo-media.de\/blog\/wp-json\/wp\/v2\/media?parent=15427"}],"wp:term":[{"taxonomy":"category","embeddable":true,"href":"https:\/\/www.memo-media.de\/blog\/wp-json\/wp\/v2\/categories?post=15427"},{"taxonomy":"post_tag","embeddable":true,"href":"https:\/\/www.memo-media.de\/blog\/wp-json\/wp\/v2\/tags?post=15427"}],"curies":[{"name":"wp","href":"https:\/\/api.w.org\/{rel}","templated":true}]}}