{"id":15162,"date":"2022-09-14T11:00:04","date_gmt":"2022-09-14T09:00:04","guid":{"rendered":"https:\/\/www.memo-media.de\/blog\/?p=15162"},"modified":"2024-05-02T12:04:33","modified_gmt":"2024-05-02T10:04:33","slug":"10-gruende-boe-fuer-kuenstler","status":"publish","type":"post","link":"https:\/\/www.memo-media.de\/blog\/10-gruende-boe-fuer-kuenstler\/","title":{"rendered":"10 Gr\u00fcnde, warum sich die BOE f\u00fcr K\u00fcnstler lohnt"},"content":{"rendered":"<p class=\"p1\">Glattgeb\u00fcgelte Hemden, Designer-<strong>Messest\u00e4nde<\/strong>, Visitenkarten-Schlagabtausch und eine recht k\u00fchle Atmosph\u00e4re \u2013 schie\u00dfen dir auch solche Bilder durch den Kopf bei dem Gedanken an Business-Messen? So ging es mir auch lange. Und ganz ehrlich? Das entspricht nicht gerade dem Umfeld, in dem sich meine innere <strong>K\u00fcnstlerin<\/strong> wohlf\u00fchlt.<\/p>\n<p class=\"p1\">Ich erinnere mich daher noch gut an den Moment, als mich Kerstin im Herbst 2018 anrief und fragte: \u201eTabea, w\u00fcrdest du uns im Januar auf der BOE in Dortmund aushelfen?\u201c W\u00e4hrend meine innere K\u00fcnstlerin einen kleinen Schwei\u00dfausbruch erlitt, antwortete die Selbstst\u00e4ndige in mir: \u201eKlar!\u201c Und wenige Wochen sp\u00e4ter, als ich dann das erste Mal die <a href=\"https:\/\/www.eventbranchenverzeichnis.de\/details\/boe-9615.html\" target=\"_blank\" rel=\"noopener\">BOE INTERNATIONAL<\/a> miterlebte, drehte sich meine Vorstellung von Business-Messen f\u00fcr <strong>K\u00fcnstlerinnen<\/strong> und [memo_kategorie id=1]<strong>K\u00fcnstler<\/strong>[\/memo_kategorie] um 180 Grad. Denn was memo-media und die BOE K\u00fcnstlerinnen und K\u00fcnstlern zur Selbstvermarktung bietet, ist weit, weit weg von der klischeehaften Messe-Atmosph\u00e4re.<\/p>\n<h3 class=\"p1\">Eine eigene Performance-Halle f\u00fcr K\u00fcnstlerinnen und K\u00fcnstler auf der BOE<\/h3>\n<div id=\"attachment_15166\" style=\"width: 210px\" class=\"wp-caption alignleft\"><a href=\"https:\/\/www.memo-media.de\/blog\/wp-content\/uploads\/2022\/09\/boe-business-messe-fuer-kuenstlerinnen2.jpeg\"><img aria-describedby=\"caption-attachment-15166\" decoding=\"async\" loading=\"lazy\" class=\"wp-image-15166 size-medium\" src=\"https:\/\/www.memo-media.de\/blog\/wp-content\/uploads\/2022\/09\/boe-business-messe-fuer-kuenstlerinnen2-200x300.jpeg\" alt=\"BOE Business-Messe f\u00fcr K\u00fcnstler:innen\" width=\"200\" height=\"300\" srcset=\"https:\/\/www.memo-media.de\/blog\/wp-content\/uploads\/2022\/09\/boe-business-messe-fuer-kuenstlerinnen2-200x300.jpeg 200w, https:\/\/www.memo-media.de\/blog\/wp-content\/uploads\/2022\/09\/boe-business-messe-fuer-kuenstlerinnen2-335x502.jpeg 335w, https:\/\/www.memo-media.de\/blog\/wp-content\/uploads\/2022\/09\/boe-business-messe-fuer-kuenstlerinnen2.jpeg 683w\" sizes=\"(max-width: 200px) 100vw, 200px\" \/><\/a><p id=\"caption-attachment-15166\" class=\"wp-caption-text\">Joshville an seinem Stern in der Performance-Halle der BOE INTERNATIONAL<\/p><\/div>\n<p class=\"p1\">Es f\u00e4ngt bereits damit an, dass K\u00fcnstlerinnen und K\u00fcnstler nicht etwa irgendwo zwischen den gro\u00dfen und oft technisch extrem aufw\u00e4ndigen [memo_kategorie id=3369]Messe-St\u00e4nden[\/memo_kategorie] dazwischen gequetscht werden. Nein, uns wird auf der <strong>BOE INTERNATIONAL<\/strong> eine eigene Performance-Halle gewidmet. Schon beim Betreten f\u00fchlt man sich irgendwie \u2026 Zuhause. Bunte [memo_kategorie id=3049]Kost\u00fcme[\/memo_kategorie], die kreativsten Bauten und verr\u00fcckte Pers\u00f6nlichkeiten an jeder Ecke. Das Besondere ist, dass die Halle aber nicht sich selbst \u00fcberlassen, sondern gut koordiniert und betreut wird.<\/p>\n<p class=\"p1\">Seit 2017 sorgt das Team von <a href=\"http:\/\/www.eventbranchenverzeichnis.de\">memo-media<\/a> daf\u00fcr, dass die Performance-Halle der BOE nicht in ein k\u00fcnstlerisches Chaos ausbricht. Grund der Kooperation mit der [memo_eintrag kundennummer=123752]BOE International[\/memo_eintrag] war damals n\u00e4mlich genau dieser Status-Quo: \u201eDie Halle der K\u00fcnstlerinnen und K\u00fcnstler wurde jahrelang kaum reglementiert, was dazu f\u00fchrte, dass Absprachen und Ablauf-Organisation kaum eingehalten wurden. Die Halle war sehr laut, ziemlich chaotisch und durch die vielen Aktionen \u00fcberfordernd. Und das war f\u00fcr die ausstellenden K\u00fcnstlerinnen und K\u00fcnstler nat\u00fcrlich nicht zielf\u00fchrend, sie konnten die auch f\u00fcr sie so wichtigen Vertriebsgespr\u00e4che kaum f\u00fchren und wurden zu selten gebucht\u201c, so Kerstin. Nach vielen intensiven Gespr\u00e4chen mit dem Messe-Team erkl\u00e4rte sich memo-media damals dazu bereit, fortan die Orga der Halle 8 \u2013 inklusive der <strong>K\u00fcnstler-Betreuung<\/strong> &#8211; zu \u00fcbernehmen. Seitdem ist Kerstin gef\u00fchlt f\u00fcr alle die Mama der Halle, misst die Lautst\u00e4rke der einzelnen Acts, findet f\u00fcr alles eine L\u00f6sung und ist das Sprachrohr zum offiziellen Messe-Veranstalter.<\/p>\n<h3 class=\"p1\">Normaler Messestand vs. K\u00fcnstlervillage \u2013 f\u00fcr jedes Budget eine Option!<\/h3>\n<div id=\"attachment_15165\" style=\"width: 310px\" class=\"wp-caption alignright\"><a href=\"https:\/\/www.memo-media.de\/blog\/wp-content\/uploads\/2022\/09\/boe-business-messe-fuer-kuenstlerinnen6.jpeg\"><img aria-describedby=\"caption-attachment-15165\" decoding=\"async\" loading=\"lazy\" class=\"wp-image-15165 size-medium\" src=\"https:\/\/www.memo-media.de\/blog\/wp-content\/uploads\/2022\/09\/boe-business-messe-fuer-kuenstlerinnen6-300x200.jpeg\" alt=\"BOE Business-Messe f\u00fcr K\u00fcnstler:innen\" width=\"300\" height=\"200\" srcset=\"https:\/\/www.memo-media.de\/blog\/wp-content\/uploads\/2022\/09\/boe-business-messe-fuer-kuenstlerinnen6-300x200.jpeg 300w, https:\/\/www.memo-media.de\/blog\/wp-content\/uploads\/2022\/09\/boe-business-messe-fuer-kuenstlerinnen6-768x512.jpeg 768w, https:\/\/www.memo-media.de\/blog\/wp-content\/uploads\/2022\/09\/boe-business-messe-fuer-kuenstlerinnen6-335x223.jpeg 335w, https:\/\/www.memo-media.de\/blog\/wp-content\/uploads\/2022\/09\/boe-business-messe-fuer-kuenstlerinnen6.jpeg 1000w\" sizes=\"(max-width: 300px) 100vw, 300px\" \/><\/a><p id=\"caption-attachment-15165\" class=\"wp-caption-text\">Das K\u00fcnstlervillage gibt auch dem Nachwuchs und Newcomer:innen die Chance, dabei zu sein.<\/p><\/div>\n<p class=\"p1\">Das Besondere ist, dass es in der Performance-Halle f\u00fcr jedes Budget M\u00f6glichkeiten gibt, um sich als K\u00fcnstler oder K\u00fcnstlerin zu pr\u00e4sentieren. Neben den <a href=\"https:\/\/www.boe-international.de\/startseite-aussteller#Anmeldung\" target=\"_blank\" rel=\"noopener\">typischen Messe-St\u00e4nden<\/a> in verschiedenen Gr\u00f6\u00dfen gibt es auch das so genannte K\u00fcnstlervillage. Dieses besteht aus mehreren runden Fl\u00e4chen, auf denen sich rund 30 K\u00fcnstler und K\u00fcnstlerinnen <span class=\"Apple-converted-space\">\u00a0 <\/span>an einzelnen Theken pr\u00e4sentieren. Hintergrundgedanke des K\u00fcnstlervillages ist, durch seinen Einstiegspreis auch dem Nachwuchs und Newcomer:innen eine Messe-Pr\u00e4senz zu erm\u00f6glichen. Dar\u00fcber hinaus gibt es seit 2020 zudem die <strong>Walk-Act-Area<\/strong>, in der aufwendige Kost\u00fcme und Bauten pr\u00e4sentieren werden k\u00f6nnen.<\/p>\n<p><strong>Anmeldeformulare:<\/strong><\/p>\n<p>HIER findest du das Formular, um dich f\u00fcr das K\u00fcnstlervillage 2023 anzumelden.<br \/>\n<a href=\"https:\/\/osc.westfalenhallen.de\/whdo\/servlet\/rubin.osc.IndexServlet?ishop_id2=&amp;spr=D&amp;FWD_spr=D&amp;null&amp;ishop_id=UNILOGIN&amp;vs=null&amp;t=0821111526\" target=\"_blank\" rel=\"noopener\">HIER<\/a> findest du das Formular f\u00fcr einen Messe-Stand, wenn du schon mal auf der BOE ausgestellt hast.<br \/>\n<a href=\"https:\/\/osc.messe-dortmund.de\/whdo\/servlet\/rubin.osc.ausstan.NewHaStandServlet?ishop_id=BOE23_SA_OL&amp;vs=a3kh3&amp;t=0821111502\" target=\"_blank\" rel=\"noopener\">HIER<\/a> finden alle, die zum ersten Mal auf der BOE ausstellen wollen, das Formular f\u00fcr einen Messe-Stand.<\/p>\n<p><a href=\"https:\/\/www.memo-media.de\/download\/call-for-acts-boe-2023-331.html\">HIER<\/a> finden alle, die auf der Show-B\u00fchne auftreten wollen, das Bewerbungs-Formular f\u00fcr die Auftritte.<\/p>\n<h3 class=\"p1\">Live-Shows auf der ACTS ON STAGE<\/h3>\n<div id=\"attachment_15167\" style=\"width: 310px\" class=\"wp-caption alignleft\"><a href=\"https:\/\/www.memo-media.de\/blog\/wp-content\/uploads\/2022\/09\/boe-business-messe-fuer-kuenstlerinnen4.jpeg\"><img aria-describedby=\"caption-attachment-15167\" decoding=\"async\" loading=\"lazy\" class=\"wp-image-15167 size-medium\" src=\"https:\/\/www.memo-media.de\/blog\/wp-content\/uploads\/2022\/09\/boe-business-messe-fuer-kuenstlerinnen4-300x200.jpeg\" alt=\"BOE Business-Messe f\u00fcr K\u00fcnstler:innen\" width=\"300\" height=\"200\" srcset=\"https:\/\/www.memo-media.de\/blog\/wp-content\/uploads\/2022\/09\/boe-business-messe-fuer-kuenstlerinnen4-300x200.jpeg 300w, https:\/\/www.memo-media.de\/blog\/wp-content\/uploads\/2022\/09\/boe-business-messe-fuer-kuenstlerinnen4-768x512.jpeg 768w, https:\/\/www.memo-media.de\/blog\/wp-content\/uploads\/2022\/09\/boe-business-messe-fuer-kuenstlerinnen4-335x223.jpeg 335w, https:\/\/www.memo-media.de\/blog\/wp-content\/uploads\/2022\/09\/boe-business-messe-fuer-kuenstlerinnen4.jpeg 1024w\" sizes=\"(max-width: 300px) 100vw, 300px\" \/><\/a><p id=\"caption-attachment-15167\" class=\"wp-caption-text\">Hochkar\u00e4tiges Show-Programm auf der ACTS ON STAGE lockt zahlreiche Besuchende und Booker:innen an!<\/p><\/div>\n<p class=\"p1\">Und was w\u00e4re eine K\u00fcnstler:innen-Halle ohne Shows? Denn nat\u00fcrlich offenbart sich das wahre Angebot f\u00fcr Veranstalter:innen und Booker:innen erst im Erlebnis. Deswegen organisiert das memo-Team jedes Jahr ein umfangreiches B\u00fchnenprogramm auf der ACTS ON STAGE. Dabei handelt es sich um eine Hallen-interne B\u00fchne, deren Programm als Silent-Shows \u00fcber Kopfh\u00f6rer umgesetzt wird. Das bedeutet: Das Publikum kommt akustisch in den vollen Genuss der Show, ohne dass die Lautst\u00e4rke die Verkaufsgespr\u00e4che an den Messest\u00e4nden beeintr\u00e4chtigt.<\/p>\n<p class=\"p1\"><em><strong>Aktueller Hinweis:<\/strong><\/em> <strong>K\u00fcnstlerinnen<\/strong>, <strong>K\u00fcnstler<\/strong> und <strong>K\u00fcnstlergruppen<\/strong>, die ihr K\u00f6nnen im B\u00fchnenprogramm der BOE INTERNATIONAL 2023 zeigen wollen, k\u00f6nnen sich jetzt noch \u00fcber ein <a href=\"https:\/\/www.memo-media.de\/download\/call-for-acts-boe-2023-331.html\" target=\"_blank\" rel=\"noopener\">gesondertes Formular f\u00fcr einen Act<\/a> bewerben.<\/p>\n<h3 class=\"p1\">Walk-Act-Performance zu bestimmten Zeiten<\/h3>\n<p class=\"p1\">Und auch f\u00fcr die <strong>Walk-Acts<\/strong> hat sich das Team von memo-media etwas ausgedacht: Zu festgelegten Zeiten und Zusammenstellungen d\u00fcrfen Walk-Acts durch die Halle ziehen und die Besuchenden in Aktion begeistern. Damit alles nach Plan l\u00e4uft, kannst du deine Walk-Act-Performance einfach mit memo-media absprechen und bekommst dann genau Bescheid, zu welchen Zeiten du dich live pr\u00e4sentieren kannst. So kannst du auch G\u00e4ste, die dich einmal live erleben wollen, sehr gezielt zu deinem Auftritt einladen.<\/p>\n<h3 class=\"p1\">Workshops mit Expert:innen im Pavillon<\/h3>\n<div id=\"attachment_15168\" style=\"width: 310px\" class=\"wp-caption alignright\"><a href=\"https:\/\/www.memo-media.de\/blog\/wp-content\/uploads\/2022\/09\/boe-business-messe-fuer-kuenstlerinnen5.jpeg\"><img aria-describedby=\"caption-attachment-15168\" decoding=\"async\" loading=\"lazy\" class=\"wp-image-15168 size-medium\" src=\"https:\/\/www.memo-media.de\/blog\/wp-content\/uploads\/2022\/09\/boe-business-messe-fuer-kuenstlerinnen5-300x200.jpeg\" alt=\"BOE Business-Messe f\u00fcr K\u00fcnstler:innen\" width=\"300\" height=\"200\" srcset=\"https:\/\/www.memo-media.de\/blog\/wp-content\/uploads\/2022\/09\/boe-business-messe-fuer-kuenstlerinnen5-300x200.jpeg 300w, https:\/\/www.memo-media.de\/blog\/wp-content\/uploads\/2022\/09\/boe-business-messe-fuer-kuenstlerinnen5-768x512.jpeg 768w, https:\/\/www.memo-media.de\/blog\/wp-content\/uploads\/2022\/09\/boe-business-messe-fuer-kuenstlerinnen5-335x223.jpeg 335w, https:\/\/www.memo-media.de\/blog\/wp-content\/uploads\/2022\/09\/boe-business-messe-fuer-kuenstlerinnen5.jpeg 1000w\" sizes=\"(max-width: 300px) 100vw, 300px\" \/><\/a><p id=\"caption-attachment-15168\" class=\"wp-caption-text\">Im Pavillon finden spannende Workshops, Keynotes und Diskussionen zu aktuellen Themen statt.<\/p><\/div>\n<p class=\"p1\">Ein echter Magnet ist neben der ACTS ON STAGE der Workshop-Pavillon \u2013 sowohl f\u00fcr die Messe-Besuchenden als auch uns K\u00fcnstler und K\u00fcnstlerinnen selbst. Denn hier finden an beiden Tagen spannende Workshops, Diskussionsrunden und Keynotes zu aktuellen Branchenthemen statt \u2013 wie z. B. zu den neuesten <strong>Social-Media-Tipps<\/strong> oder innovativen Vermarktungsm\u00f6glichkeiten. Da f\u00e4llt es manchmal wirklich schwer, sich f\u00fcr einen Programmpunkt zu entscheiden. Apropos: Damit die Messe-Besuchenden und du selbst einen \u00dcberblick dar\u00fcber behalten, wann was wo stattfindet, gibt es sogar f\u00fcr die Performance-Halle ein <strong>eigenes Programmheft<\/strong>.<\/p>\n<h3>Video: memo-media auf der BOE 2020<\/h3>\n<p>Im Jahr 2020, in dem die letzte &#8220;richtige&#8221; BOE stattgefunden hat, ist memo-media 20 Jahre alt geworden. Zu diesem Anlass, den wir leider alle nicht geb\u00fchrend feiern konnten, haben wir auf der BOE Eindr\u00fccke zu unserem Engagement mit den K\u00fcnstlern und K\u00fcnstlerinnen per Video eingefangen: <a href=\"https:\/\/www.youtube.com\/watch?v=Qsd93zmy9kI\">Hier geht es zum Video von memo-media auf der BOE 2020.<\/a><\/p>\n<h3 class=\"p1\">Werde Teil unserer \u201eBOE-K\u00fcnstler:innen-Familie\u201c<\/h3>\n<p class=\"p1\">Vielleicht sp\u00fcrst du es: Schon beim Schreiben dieses Textes werden sch\u00f6ne Erinnerungen und vor allem die Vorfreude auf die n\u00e4chste BOE in mir wach. Nachdem Corona f\u00fcr eine zweij\u00e4hrige Zwangspause sorgte, ist es am <strong>11. und 12. Januar 2023 in der Messe Dortmund<\/strong> endlich wieder so weit. Unser gesamtes memo-media-Team freut sich schon jetzt wie Bolle auf zwei tolle und erfolgreiche Messetage und steckt mit den K\u00f6pfen tief in den Planungen der Performance-Halle.<\/p>\n<p class=\"p1\">Wenn auch du als Aussteller:in Teil unserer \u201eBOE-K\u00fcnstler:innen-Familie\u201c werden m\u00f6chtest, dann hast du jetzt noch die Chance dazu. Aktuell gibt es sowohl im K\u00fcnstlervillage als auch auf der Messestand-Fl\u00e4che noch ein paar freie Pl\u00e4tze. F\u00fcr das vielbesuchte Showprogramm kannst du dich jetzt bei uns mit deinem Act bewerben! <a href=\"mailto:info@memo-media.de\" target=\"_blank\" rel=\"noopener\">Melde dich gerne<\/a>, wenn du Fragen hast.<\/p>\n<h3>10 Gr\u00fcnde, warum es sich f\u00fcr K\u00fcnstler und K\u00fcnstlerinnen lohnt, auf der BOE dabei zu sein:<\/h3>\n<ol>\n<li>An zwei Tagen werden rund 10.000 Besuchende, also professionelle Eventplaner:innen, erwartet.<\/li>\n<li>Die BOE International pr\u00e4sentiert alle Gewerke rund um das Thema Event \u2013 Locations, Veranstaltungstechnik, Catering, Mietm\u00f6beln, Ticketing und und und. In diesen Potpourri geh\u00f6ren K\u00fcnstler und K\u00fcnstlerinnen einfach dazu.<\/li>\n<li>Die Messe ist umfangreich, aber auch nicht zu gro\u00df. Erfahrungsgem\u00e4\u00df gehen die Eventplaner:innen alle Hallen einmal ab und sehen so alle St\u00e4nde.<\/li>\n<li>Die Performance-Halle ist lebendig, quirlig und macht einfach Spa\u00df. Die Messe-Besuchenden halten sich hier gerne auf.<\/li>\n<li>Das Showprogramm mit vier Shows t\u00e4glich zieht viele Besuchende in die Performance-Halle.<\/li>\n<li>Die Verweildauer der Eventplaner:innen in der Performance-Halle ist \u00fcberdurchschnittlich hoch.<\/li>\n<li>Die Messe-Umfragen der BOE intern hatten in den letzten drei Messe-Jahren das Ergebnis, dass die Aussteller:innen in der Perfomance-Halle \u00fcberdurchschnittlich zufrieden waren.<\/li>\n<li>Es macht auch Spa\u00df, sich mit den Kolleg:innen auszutauschen und zu netzwerken.<\/li>\n<li>Wir von memo-media featuren die Performance-Halle, wo es nur geht und stellen sie in all unseren Medien vor.<\/li>\n<li>Viele Eventplaner:innen kommen mit konkreten Anfragen, f\u00fcr die sie K\u00fcnstler und K\u00fcnstlerinnen suchen.<\/li>\n<\/ol>\n<p class=\"p1\">Also: Bist du dabei?<\/p>\n","protected":false},"excerpt":{"rendered":"<p>Glattgeb\u00fcgelte Hemden, Designer-Messest\u00e4nde, Visitenkarten-Schlagabtausch und eine recht k\u00fchle Atmosph\u00e4re \u2013 schie\u00dfen dir auch solche Bilder durch den Kopf bei dem&#8230;<\/p>\n","protected":false},"author":21,"featured_media":15182,"comment_status":"closed","ping_status":"open","sticky":false,"template":"","format":"standard","meta":[],"categories":[5,7,22,4],"tags":[256,2770,2768,955,2769,2771,439,332,2773,2772,742],"yoast_head":"<!-- This site is optimized with the Yoast SEO Premium plugin v20.5 (Yoast SEO v20.5) - https:\/\/yoast.com\/wordpress\/plugins\/seo\/ -->\n<title>10 Gr\u00fcnde, warum sich die BOE f\u00fcr K\u00fcnstler lohnt<\/title>\n<meta name=\"description\" content=\"Erfahre hier, wie du dich als K\u00fcnstler:in auf der BOE INTERNATIONAL pr\u00e4sentieren kannst: mit B\u00fchnen-Auftritt, Walk-Act und Messestand.\" \/>\n<meta name=\"robots\" content=\"index, follow, max-snippet:-1, max-image-preview:large, max-video-preview:-1\" \/>\n<link rel=\"canonical\" href=\"https:\/\/www.memo-media.de\/blog\/10-gruende-boe-fuer-kuenstler\/\" \/>\n<meta property=\"og:locale\" content=\"de_DE\" \/>\n<meta property=\"og:type\" content=\"article\" \/>\n<meta property=\"og:title\" content=\"10 Gr\u00fcnde, warum sich die BOE f\u00fcr K\u00fcnstler lohnt\" \/>\n<meta property=\"og:description\" content=\"Erfahre hier, wie du dich als K\u00fcnstler:in auf der BOE INTERNATIONAL pr\u00e4sentieren kannst: mit B\u00fchnen-Auftritt, Walk-Act und Messestand.\" \/>\n<meta property=\"og:url\" content=\"https:\/\/www.memo-media.de\/blog\/10-gruende-boe-fuer-kuenstler\/\" \/>\n<meta property=\"og:site_name\" content=\"memo-media Blog f\u00fcr die Eventplanung\" \/>\n<meta property=\"article:published_time\" content=\"2022-09-14T09:00:04+00:00\" \/>\n<meta property=\"article:modified_time\" content=\"2024-05-02T10:04:33+00:00\" \/>\n<meta property=\"og:image\" content=\"https:\/\/www.memo-media.de\/blog\/wp-content\/uploads\/2022\/09\/boe-2020_blick-in-die-performance-halle.jpg\" \/>\n\t<meta property=\"og:image:width\" content=\"1280\" \/>\n\t<meta property=\"og:image:height\" content=\"853\" \/>\n\t<meta property=\"og:image:type\" content=\"image\/jpeg\" \/>\n<meta name=\"author\" content=\"Tabea Lettau\" \/>\n<meta name=\"twitter:label1\" content=\"Verfasst von\" \/>\n\t<meta name=\"twitter:data1\" content=\"Tabea Lettau\" \/>\n\t<meta name=\"twitter:label2\" content=\"Gesch\u00e4tzte Lesezeit\" \/>\n\t<meta name=\"twitter:data2\" content=\"8\u00a0Minuten\" \/>\n<script type=\"application\/ld+json\" class=\"yoast-schema-graph\">{\"@context\":\"https:\/\/schema.org\",\"@graph\":[{\"@type\":\"WebPage\",\"@id\":\"https:\/\/www.memo-media.de\/blog\/10-gruende-boe-fuer-kuenstler\/\",\"url\":\"https:\/\/www.memo-media.de\/blog\/10-gruende-boe-fuer-kuenstler\/\",\"name\":\"10 Gr\u00fcnde, warum sich die BOE f\u00fcr K\u00fcnstler lohnt\",\"isPartOf\":{\"@id\":\"https:\/\/www.memo-media.de\/blog\/#website\"},\"datePublished\":\"2022-09-14T09:00:04+00:00\",\"dateModified\":\"2024-05-02T10:04:33+00:00\",\"author\":{\"@id\":\"https:\/\/www.memo-media.de\/blog\/#\/schema\/person\/b2be3eb5c595160c885d721d60aba2b3\"},\"description\":\"Erfahre hier, wie du dich als K\u00fcnstler:in auf der BOE INTERNATIONAL pr\u00e4sentieren kannst: mit B\u00fchnen-Auftritt, Walk-Act und Messestand.\",\"breadcrumb\":{\"@id\":\"https:\/\/www.memo-media.de\/blog\/10-gruende-boe-fuer-kuenstler\/#breadcrumb\"},\"inLanguage\":\"de\",\"potentialAction\":[{\"@type\":\"ReadAction\",\"target\":[\"https:\/\/www.memo-media.de\/blog\/10-gruende-boe-fuer-kuenstler\/\"]}]},{\"@type\":\"BreadcrumbList\",\"@id\":\"https:\/\/www.memo-media.de\/blog\/10-gruende-boe-fuer-kuenstler\/#breadcrumb\",\"itemListElement\":[{\"@type\":\"ListItem\",\"position\":1,\"name\":\"Home\",\"item\":\"https:\/\/www.memo-media.de\/blog\/\"},{\"@type\":\"ListItem\",\"position\":2,\"name\":\"10 Gr\u00fcnde, warum sich die BOE f\u00fcr K\u00fcnstler lohnt\"}]},{\"@type\":\"WebSite\",\"@id\":\"https:\/\/www.memo-media.de\/blog\/#website\",\"url\":\"https:\/\/www.memo-media.de\/blog\/\",\"name\":\"memo-media Blog f\u00fcr die Eventplanung\",\"description\":\"News und Facts aus der Eventbranche f\u00fcr die Eventbranche\",\"potentialAction\":[{\"@type\":\"SearchAction\",\"target\":{\"@type\":\"EntryPoint\",\"urlTemplate\":\"https:\/\/www.memo-media.de\/blog\/?s={search_term_string}\"},\"query-input\":\"required name=search_term_string\"}],\"inLanguage\":\"de\"},{\"@type\":\"Person\",\"@id\":\"https:\/\/www.memo-media.de\/blog\/#\/schema\/person\/b2be3eb5c595160c885d721d60aba2b3\",\"name\":\"Tabea Lettau\",\"image\":{\"@type\":\"ImageObject\",\"inLanguage\":\"de\",\"@id\":\"https:\/\/www.memo-media.de\/blog\/#\/schema\/person\/image\/\",\"url\":\"https:\/\/www.memo-media.de\/blog\/wp-content\/uploads\/2024\/02\/tabea_lettau_redakteurin_memo-media-150x150.jpg\",\"contentUrl\":\"https:\/\/www.memo-media.de\/blog\/wp-content\/uploads\/2024\/02\/tabea_lettau_redakteurin_memo-media-150x150.jpg\",\"caption\":\"Tabea Lettau\"},\"description\":\"Tabea Lettau hat an der Universit\u00e4t Siegen Kommunikations- und Wirtschaftswissenschaften studiert. Bereits w\u00e4hrend ihres Studiums machte sie sich als Redakteurin und Content-Managerin selbstst\u00e4ndig. Seit 2015 ist sie als Freiberuflerin Teil des memo-media-Teams und schreibt u. a. f\u00fcr den Blog, das Magazin showcases und den monatlichen memoLetter. Die inspirierenden Geschichten und Visionen der Menschen in der Eventbranche zu erfahren, erf\u00fcllt sie daran ganz besonders. Neben ihrer freiberuflichen T\u00e4tigkeit realisiert sie auch eigene Online-Projekte und hat zwei B\u00fccher geschrieben.\",\"url\":\"https:\/\/www.memo-media.de\/blog\/author\/tabea-lettau\/\"}]}<\/script>\n<!-- \/ Yoast SEO Premium plugin. -->","yoast_head_json":{"title":"10 Gr\u00fcnde, warum sich die BOE f\u00fcr K\u00fcnstler lohnt","description":"Erfahre hier, wie du dich als K\u00fcnstler:in auf der BOE INTERNATIONAL pr\u00e4sentieren kannst: mit B\u00fchnen-Auftritt, Walk-Act und Messestand.","robots":{"index":"index","follow":"follow","max-snippet":"max-snippet:-1","max-image-preview":"max-image-preview:large","max-video-preview":"max-video-preview:-1"},"canonical":"https:\/\/www.memo-media.de\/blog\/10-gruende-boe-fuer-kuenstler\/","og_locale":"de_DE","og_type":"article","og_title":"10 Gr\u00fcnde, warum sich die BOE f\u00fcr K\u00fcnstler lohnt","og_description":"Erfahre hier, wie du dich als K\u00fcnstler:in auf der BOE INTERNATIONAL pr\u00e4sentieren kannst: mit B\u00fchnen-Auftritt, Walk-Act und Messestand.","og_url":"https:\/\/www.memo-media.de\/blog\/10-gruende-boe-fuer-kuenstler\/","og_site_name":"memo-media Blog f\u00fcr die Eventplanung","article_published_time":"2022-09-14T09:00:04+00:00","article_modified_time":"2024-05-02T10:04:33+00:00","og_image":[{"width":1280,"height":853,"url":"https:\/\/www.memo-media.de\/blog\/wp-content\/uploads\/2022\/09\/boe-2020_blick-in-die-performance-halle.jpg","type":"image\/jpeg"}],"author":"Tabea Lettau","twitter_misc":{"Verfasst von":"Tabea Lettau","Gesch\u00e4tzte Lesezeit":"8\u00a0Minuten"},"schema":{"@context":"https:\/\/schema.org","@graph":[{"@type":"WebPage","@id":"https:\/\/www.memo-media.de\/blog\/10-gruende-boe-fuer-kuenstler\/","url":"https:\/\/www.memo-media.de\/blog\/10-gruende-boe-fuer-kuenstler\/","name":"10 Gr\u00fcnde, warum sich die BOE f\u00fcr K\u00fcnstler lohnt","isPartOf":{"@id":"https:\/\/www.memo-media.de\/blog\/#website"},"datePublished":"2022-09-14T09:00:04+00:00","dateModified":"2024-05-02T10:04:33+00:00","author":{"@id":"https:\/\/www.memo-media.de\/blog\/#\/schema\/person\/b2be3eb5c595160c885d721d60aba2b3"},"description":"Erfahre hier, wie du dich als K\u00fcnstler:in auf der BOE INTERNATIONAL pr\u00e4sentieren kannst: mit B\u00fchnen-Auftritt, Walk-Act und Messestand.","breadcrumb":{"@id":"https:\/\/www.memo-media.de\/blog\/10-gruende-boe-fuer-kuenstler\/#breadcrumb"},"inLanguage":"de","potentialAction":[{"@type":"ReadAction","target":["https:\/\/www.memo-media.de\/blog\/10-gruende-boe-fuer-kuenstler\/"]}]},{"@type":"BreadcrumbList","@id":"https:\/\/www.memo-media.de\/blog\/10-gruende-boe-fuer-kuenstler\/#breadcrumb","itemListElement":[{"@type":"ListItem","position":1,"name":"Home","item":"https:\/\/www.memo-media.de\/blog\/"},{"@type":"ListItem","position":2,"name":"10 Gr\u00fcnde, warum sich die BOE f\u00fcr K\u00fcnstler lohnt"}]},{"@type":"WebSite","@id":"https:\/\/www.memo-media.de\/blog\/#website","url":"https:\/\/www.memo-media.de\/blog\/","name":"memo-media Blog f\u00fcr die Eventplanung","description":"News und Facts aus der Eventbranche f\u00fcr die Eventbranche","potentialAction":[{"@type":"SearchAction","target":{"@type":"EntryPoint","urlTemplate":"https:\/\/www.memo-media.de\/blog\/?s={search_term_string}"},"query-input":"required name=search_term_string"}],"inLanguage":"de"},{"@type":"Person","@id":"https:\/\/www.memo-media.de\/blog\/#\/schema\/person\/b2be3eb5c595160c885d721d60aba2b3","name":"Tabea Lettau","image":{"@type":"ImageObject","inLanguage":"de","@id":"https:\/\/www.memo-media.de\/blog\/#\/schema\/person\/image\/","url":"https:\/\/www.memo-media.de\/blog\/wp-content\/uploads\/2024\/02\/tabea_lettau_redakteurin_memo-media-150x150.jpg","contentUrl":"https:\/\/www.memo-media.de\/blog\/wp-content\/uploads\/2024\/02\/tabea_lettau_redakteurin_memo-media-150x150.jpg","caption":"Tabea Lettau"},"description":"Tabea Lettau hat an der Universit\u00e4t Siegen Kommunikations- und Wirtschaftswissenschaften studiert. Bereits w\u00e4hrend ihres Studiums machte sie sich als Redakteurin und Content-Managerin selbstst\u00e4ndig. Seit 2015 ist sie als Freiberuflerin Teil des memo-media-Teams und schreibt u. a. f\u00fcr den Blog, das Magazin showcases und den monatlichen memoLetter. Die inspirierenden Geschichten und Visionen der Menschen in der Eventbranche zu erfahren, erf\u00fcllt sie daran ganz besonders. Neben ihrer freiberuflichen T\u00e4tigkeit realisiert sie auch eigene Online-Projekte und hat zwei B\u00fccher geschrieben.","url":"https:\/\/www.memo-media.de\/blog\/author\/tabea-lettau\/"}]}},"_links":{"self":[{"href":"https:\/\/www.memo-media.de\/blog\/wp-json\/wp\/v2\/posts\/15162"}],"collection":[{"href":"https:\/\/www.memo-media.de\/blog\/wp-json\/wp\/v2\/posts"}],"about":[{"href":"https:\/\/www.memo-media.de\/blog\/wp-json\/wp\/v2\/types\/post"}],"author":[{"embeddable":true,"href":"https:\/\/www.memo-media.de\/blog\/wp-json\/wp\/v2\/users\/21"}],"replies":[{"embeddable":true,"href":"https:\/\/www.memo-media.de\/blog\/wp-json\/wp\/v2\/comments?post=15162"}],"version-history":[{"count":18,"href":"https:\/\/www.memo-media.de\/blog\/wp-json\/wp\/v2\/posts\/15162\/revisions"}],"predecessor-version":[{"id":17454,"href":"https:\/\/www.memo-media.de\/blog\/wp-json\/wp\/v2\/posts\/15162\/revisions\/17454"}],"wp:featuredmedia":[{"embeddable":true,"href":"https:\/\/www.memo-media.de\/blog\/wp-json\/wp\/v2\/media\/15182"}],"wp:attachment":[{"href":"https:\/\/www.memo-media.de\/blog\/wp-json\/wp\/v2\/media?parent=15162"}],"wp:term":[{"taxonomy":"category","embeddable":true,"href":"https:\/\/www.memo-media.de\/blog\/wp-json\/wp\/v2\/categories?post=15162"},{"taxonomy":"post_tag","embeddable":true,"href":"https:\/\/www.memo-media.de\/blog\/wp-json\/wp\/v2\/tags?post=15162"}],"curies":[{"name":"wp","href":"https:\/\/api.w.org\/{rel}","templated":true}]}}