{"id":15039,"date":"2022-08-10T14:00:15","date_gmt":"2022-08-10T12:00:15","guid":{"rendered":"https:\/\/www.memo-media.de\/blog\/?p=15039"},"modified":"2022-08-11T10:35:38","modified_gmt":"2022-08-11T08:35:38","slug":"der-funkigste-chefstyler-und-headliner-jan-delay","status":"publish","type":"post","link":"https:\/\/www.memo-media.de\/blog\/der-funkigste-chefstyler-und-headliner-jan-delay\/","title":{"rendered":"Der funkigste Chefstyler und Headliner Jan Delay"},"content":{"rendered":"<p><span data-contrast=\"auto\">\u201eJaa &#8211; checkt mich aus\u201c, fordert Jan Delay musikalisch auf. Seine Intention war sicher nicht, ihn auszuchecken, ob er auch Corporate Events macht. Aber tats<\/span><span data-contrast=\"auto\">\u00e4chlich <\/span><span data-contrast=\"auto\">ist der \u201eChefstyler\u201c und \u201eHeadliner\u201c nicht nur f\u00fcr Konzerte und Festivals buchbar, sondern auch f\u00fcr Marketing-Events.\u00a0<\/span><span data-ccp-props=\"{&quot;201341983&quot;:0,&quot;335559739&quot;:200,&quot;335559740&quot;:276}\">\u00a0<\/span><\/p>\n<p>Die dicken Beats und die derbe Mucke bekommt man also als Original, gerade auch wieder mit seiner Band Disko No 1.<\/p>\n<div id=\"attachment_14986\" style=\"width: 310px\" class=\"wp-caption alignright\"><a href=\"https:\/\/www.memo-media.de\/blog\/wp-content\/uploads\/2022\/07\/showcases-jan-delay-crop-lowres-jd-gruenspan-l-0132_01.jpg\"><img aria-describedby=\"caption-attachment-14986\" decoding=\"async\" loading=\"lazy\" class=\"wp-image-14986 size-medium\" src=\"https:\/\/www.memo-media.de\/blog\/wp-content\/uploads\/2022\/07\/showcases-jan-delay-crop-lowres-jd-gruenspan-l-0132_01-300x190.jpg\" alt=\"Jan Delay mit seiner Band Disko No.1\" width=\"300\" height=\"190\" srcset=\"https:\/\/www.memo-media.de\/blog\/wp-content\/uploads\/2022\/07\/showcases-jan-delay-crop-lowres-jd-gruenspan-l-0132_01-300x190.jpg 300w, https:\/\/www.memo-media.de\/blog\/wp-content\/uploads\/2022\/07\/showcases-jan-delay-crop-lowres-jd-gruenspan-l-0132_01-1024x649.jpg 1024w, https:\/\/www.memo-media.de\/blog\/wp-content\/uploads\/2022\/07\/showcases-jan-delay-crop-lowres-jd-gruenspan-l-0132_01-768x486.jpg 768w, https:\/\/www.memo-media.de\/blog\/wp-content\/uploads\/2022\/07\/showcases-jan-delay-crop-lowres-jd-gruenspan-l-0132_01-335x212.jpg 335w, https:\/\/www.memo-media.de\/blog\/wp-content\/uploads\/2022\/07\/showcases-jan-delay-crop-lowres-jd-gruenspan-l-0132_01-1050x665.jpg 1050w, https:\/\/www.memo-media.de\/blog\/wp-content\/uploads\/2022\/07\/showcases-jan-delay-crop-lowres-jd-gruenspan-l-0132_01.jpg 1200w\" sizes=\"(max-width: 300px) 100vw, 300px\" \/><\/a><p id=\"caption-attachment-14986\" class=\"wp-caption-text\">Jan Delay mit seiner Band Disko No. 1<\/p><\/div>\n<p><a href=\"https:\/\/www.jan-delay.de\">Jan Delay<\/a> experimentiert gerne mit verschiedenen Musikstilen. Unter einem anderen Pseudonym war er vor zwei Jahrzehnten mit den \u00bbAbsolute Beginners\u00ab als Hip-Hopper im Studio und auf B\u00fchnen unterwegs. Sein erstes Solo-Album als JD war dann Reggae-lastig, die deutschen Texte kritisch und politisch, was seinem Erfolg und seiner Popularit\u00e4t keinen Abbruch tat. 2006 \u00fcberraschte er mit dem zweiten Album \u00bbMercedes-Dance\u00ab seine Fans mit gekonnten jazzigen und fetten funkigen Sounds. Es folgten viele Projekte, unter anderem ein Ausflug in die [memo_kategorie id=1808]Rockmusik[\/memo_kategorie] oder ins Synchronstudio. Treu blieb und bleibt er sich bei den Texten, die manchmal den Tiefgang seiner B\u00e4sse erreichen und bei jedem besseren [memo_kategorie id=3826]Poetry Slam[\/memo_kategorie] auch pur mithalten k\u00f6nnten.<\/p>\n<p>Erst 2021 erschien das zweite Album mit der Band Disko No. 1 als sein f\u00fcnftes Studioalbum: \u00bbEarth, Wind und feiern\u00ab. Es ist ein wenig Retro mit dubbigem Reggae, gescratchtem Hip-Hop und bl\u00e4serakzentuiertem Funk. Mit den Trackskehrt der, laut Musikexpress, bestangezogene Entertainer des Landes zu seinen Anf\u00e4ngen zur\u00fcck. F\u00fcr die, die h\u00f6ren wollen wie das aktuell auch live funktioniert, gibt es inzwischen einen Live-Mitschnitt des Auftritts im Hamburger Hafen. Da gibt es dann auch Klassiker wie \u00bbKlar\u00ab und \u00bbOh Jonny\u00ab oder mit \u00bbAlles gut\u00ab ein neues St\u00fcck mit vermeintlich positiven Vibes.<\/p>\n<p>Um die geht es schlie\u00dflich bei[memo_kategorie id=1620] Corporate Events[\/memo_kategorie]. Und das k\u00f6nnen wir alle bei der R\u00fcckkehr zu live in diesen komplizierten Zeiten gebrauchen. Das Video zu dem Song \u00bbAlles gut\u00ab ist mit Jan Delay vor der Szenerie von Fridays for Future gedreht worden. Der Musiker ist kein abgesofteter Pop-Ken. Er war und bleibt ein K\u00fcnstler mit Haltung, der auch gerne mal einen krassen Spruch heraushaut und damit f\u00fcr Schlagzeilen sorgt. Da bezeichnet er Heino als Nazi oder kritisiert den Kapitalismus: \u00bbAuf der einen Seite verteufele ich den Kapitalismus, aber ich lerne auch, mich damit zu arrangieren\u00ab, sagte er im Interview mit der Stuttgarter Zeitung.<\/p>\n<h3>Sein Engagement gegen Neo-Nazis ist vorbildlich, aber auch das Thema Klimaver\u00e4nderung und Konsumverzicht erspart er denen nicht, die einfach nur auf seine Grooves abfeiern wollen. Wer aber genau diesen K\u00fcnstler will, kann ihn auch f\u00fcr Corporate Events kriegen.<\/h3>\n<div id=\"attachment_15044\" style=\"width: 310px\" class=\"wp-caption alignleft\"><a href=\"https:\/\/www.memo-media.de\/blog\/wp-content\/uploads\/2022\/08\/jan-delay-2021-c-thomas-leidig1-scaled.jpg\"><img aria-describedby=\"caption-attachment-15044\" decoding=\"async\" loading=\"lazy\" class=\"size-medium wp-image-15044\" src=\"https:\/\/www.memo-media.de\/blog\/wp-content\/uploads\/2022\/08\/jan-delay-2021-c-thomas-leidig1-300x200.jpg\" alt=\"der K\u00fcnstler Jan Delay\" width=\"300\" height=\"200\" srcset=\"https:\/\/www.memo-media.de\/blog\/wp-content\/uploads\/2022\/08\/jan-delay-2021-c-thomas-leidig1-300x200.jpg 300w, https:\/\/www.memo-media.de\/blog\/wp-content\/uploads\/2022\/08\/jan-delay-2021-c-thomas-leidig1-1024x683.jpg 1024w, https:\/\/www.memo-media.de\/blog\/wp-content\/uploads\/2022\/08\/jan-delay-2021-c-thomas-leidig1-768x512.jpg 768w, https:\/\/www.memo-media.de\/blog\/wp-content\/uploads\/2022\/08\/jan-delay-2021-c-thomas-leidig1-1536x1024.jpg 1536w, https:\/\/www.memo-media.de\/blog\/wp-content\/uploads\/2022\/08\/jan-delay-2021-c-thomas-leidig1-2048x1365.jpg 2048w, https:\/\/www.memo-media.de\/blog\/wp-content\/uploads\/2022\/08\/jan-delay-2021-c-thomas-leidig1-335x223.jpg 335w, https:\/\/www.memo-media.de\/blog\/wp-content\/uploads\/2022\/08\/jan-delay-2021-c-thomas-leidig1-1050x700.jpg 1050w\" sizes=\"(max-width: 300px) 100vw, 300px\" \/><\/a><p id=\"caption-attachment-15044\" class=\"wp-caption-text\">der K\u00fcnstler Jan Delay<\/p><\/div>\n<p>Ich habe es oft genug erlebt, dass Kunden es so sehen, als sei es die reine Ehre, f\u00fcr ihre Marke aufzutreten. Weil die K\u00fcnstler:innen satt Geld erhalten, sollen sie ihre k\u00fcnstlerische Freiheit an der Garderobe abgeben und die gew\u00fcnschte Playlist geh\u00f6rigst umsetzen. Wer Angst vor ehrlichen Texten hat, sollte auf die vielen konformen Performer zur\u00fcckgreifen.<\/p>\n<p>Dabei werden die Begriffe Haltung und Purpose in den Konzernen so gern verwendet. Es st\u00fcnde den Unternehmen dabei gut zu Gesicht, sie nicht nur als Floskeln zu nutzen, sondern auch ehrlich ein- und umzusetzen.<\/p>\n<p>Eine echte Marke hat Charakter und Souver\u00e4nit\u00e4t. Sie steht selbstkritisch zu ihrer Vergangenheit und ihren Fehlern. So braucht sie bei ihren Events keine austauschbaren Barbies und Kens auf der B\u00fchne. Kommen wir zu <a href=\"http:\/\/www.instagram.com\/jandelayofficial\/?hl=de\">Jan Delay<\/a> und Disko No. 1 zur\u00fcck. Wie sagt er so sch\u00f6n: \u00bbAlso alle, die feiern wollen sagen (Hey) \/ Und alle, die rocken wollen, die sagen (Hoo) \/ Ihr seid auf jeden Fall richtig bei Jan De(lay).\u00ab<\/p>\n<p>VON STEPHAN SCH\u00c4FER-MEHD<\/p>\n","protected":false},"excerpt":{"rendered":"<p>\u201eJaa &#8211; checkt mich aus\u201c, fordert Jan Delay musikalisch auf. Seine Intention war sicher nicht, ihn auszuchecken, ob er auch&#8230;<\/p>\n","protected":false},"author":4,"featured_media":15041,"comment_status":"closed","ping_status":"open","sticky":false,"template":"","format":"standard","meta":[],"categories":[9,4],"tags":[317,2747,2746,2743,413],"yoast_head":"<!-- This site is optimized with the Yoast SEO Premium plugin v20.5 (Yoast SEO v20.5) - https:\/\/yoast.com\/wordpress\/plugins\/seo\/ -->\n<title>Der funkigste Chefstyler und Headliner Jan Delay<\/title>\n<meta name=\"description\" content=\"Jan Delay ist nicht nur f\u00fcr Konzerte und Festivals buchbar, sondern auch f\u00fcr Marketing-Events. Die Beats und die Mucke bekommt man also als Original, gerade auch wieder mit seiner Band Disko No1.\" \/>\n<meta name=\"robots\" content=\"index, follow, max-snippet:-1, max-image-preview:large, max-video-preview:-1\" \/>\n<link rel=\"canonical\" href=\"https:\/\/www.memo-media.de\/blog\/der-funkigste-chefstyler-und-headliner-jan-delay\/\" \/>\n<meta property=\"og:locale\" content=\"de_DE\" \/>\n<meta property=\"og:type\" content=\"article\" \/>\n<meta property=\"og:title\" content=\"Der funkigste Chefstyler und Headliner Jan Delay\" \/>\n<meta property=\"og:description\" content=\"Jan Delay ist nicht nur f\u00fcr Konzerte und Festivals buchbar, sondern auch f\u00fcr Marketing-Events. Die Beats und die Mucke bekommt man also als Original, gerade auch wieder mit seiner Band Disko No1.\" \/>\n<meta property=\"og:url\" content=\"https:\/\/www.memo-media.de\/blog\/der-funkigste-chefstyler-und-headliner-jan-delay\/\" \/>\n<meta property=\"og:site_name\" content=\"memo-media Blog f\u00fcr die Eventplanung\" \/>\n<meta property=\"article:author\" content=\"https:\/\/www.facebook.com\/theartcore\" \/>\n<meta property=\"article:published_time\" content=\"2022-08-10T12:00:15+00:00\" \/>\n<meta property=\"article:modified_time\" content=\"2022-08-11T08:35:38+00:00\" \/>\n<meta property=\"og:image\" content=\"https:\/\/www.memo-media.de\/blog\/wp-content\/uploads\/2022\/08\/jan-delay-2021-2-c-thomas-leidig-scaled.jpg\" \/>\n\t<meta property=\"og:image:width\" content=\"2560\" \/>\n\t<meta property=\"og:image:height\" content=\"1707\" \/>\n\t<meta property=\"og:image:type\" content=\"image\/jpeg\" \/>\n<meta name=\"author\" content=\"Andreas Sch\u00e4fer\" \/>\n<meta name=\"twitter:label1\" content=\"Verfasst von\" \/>\n\t<meta name=\"twitter:data1\" content=\"Andreas Sch\u00e4fer\" \/>\n\t<meta name=\"twitter:label2\" content=\"Gesch\u00e4tzte Lesezeit\" \/>\n\t<meta name=\"twitter:data2\" content=\"4\u00a0Minuten\" \/>\n<script type=\"application\/ld+json\" class=\"yoast-schema-graph\">{\"@context\":\"https:\/\/schema.org\",\"@graph\":[{\"@type\":\"WebPage\",\"@id\":\"https:\/\/www.memo-media.de\/blog\/der-funkigste-chefstyler-und-headliner-jan-delay\/\",\"url\":\"https:\/\/www.memo-media.de\/blog\/der-funkigste-chefstyler-und-headliner-jan-delay\/\",\"name\":\"Der funkigste Chefstyler und Headliner Jan Delay\",\"isPartOf\":{\"@id\":\"https:\/\/www.memo-media.de\/blog\/#website\"},\"datePublished\":\"2022-08-10T12:00:15+00:00\",\"dateModified\":\"2022-08-11T08:35:38+00:00\",\"author\":{\"@id\":\"https:\/\/www.memo-media.de\/blog\/#\/schema\/person\/47b954ab670be9899b70793ff6260866\"},\"description\":\"Jan Delay ist nicht nur f\u00fcr Konzerte und Festivals buchbar, sondern auch f\u00fcr Marketing-Events. Die Beats und die Mucke bekommt man also als Original, gerade auch wieder mit seiner Band Disko No1.\",\"breadcrumb\":{\"@id\":\"https:\/\/www.memo-media.de\/blog\/der-funkigste-chefstyler-und-headliner-jan-delay\/#breadcrumb\"},\"inLanguage\":\"de\",\"potentialAction\":[{\"@type\":\"ReadAction\",\"target\":[\"https:\/\/www.memo-media.de\/blog\/der-funkigste-chefstyler-und-headliner-jan-delay\/\"]}]},{\"@type\":\"BreadcrumbList\",\"@id\":\"https:\/\/www.memo-media.de\/blog\/der-funkigste-chefstyler-und-headliner-jan-delay\/#breadcrumb\",\"itemListElement\":[{\"@type\":\"ListItem\",\"position\":1,\"name\":\"Home\",\"item\":\"https:\/\/www.memo-media.de\/blog\/\"},{\"@type\":\"ListItem\",\"position\":2,\"name\":\"Der funkigste Chefstyler und Headliner Jan Delay\"}]},{\"@type\":\"WebSite\",\"@id\":\"https:\/\/www.memo-media.de\/blog\/#website\",\"url\":\"https:\/\/www.memo-media.de\/blog\/\",\"name\":\"memo-media Blog f\u00fcr die Eventplanung\",\"description\":\"News und Facts aus der Eventbranche f\u00fcr die Eventbranche\",\"potentialAction\":[{\"@type\":\"SearchAction\",\"target\":{\"@type\":\"EntryPoint\",\"urlTemplate\":\"https:\/\/www.memo-media.de\/blog\/?s={search_term_string}\"},\"query-input\":\"required name=search_term_string\"}],\"inLanguage\":\"de\"},{\"@type\":\"Person\",\"@id\":\"https:\/\/www.memo-media.de\/blog\/#\/schema\/person\/47b954ab670be9899b70793ff6260866\",\"name\":\"Andreas Sch\u00e4fer\",\"image\":{\"@type\":\"ImageObject\",\"inLanguage\":\"de\",\"@id\":\"https:\/\/www.memo-media.de\/blog\/#\/schema\/person\/image\/\",\"url\":\"https:\/\/www.memo-media.de\/blog\/wp-content\/uploads\/2014\/04\/andreas-schaefer-c-martin-fago-150x150.jpg\",\"contentUrl\":\"https:\/\/www.memo-media.de\/blog\/wp-content\/uploads\/2014\/04\/andreas-schaefer-c-martin-fago-150x150.jpg\",\"caption\":\"Andreas Sch\u00e4fer\"},\"description\":\"Andreas Sch\u00e4fer besuchte die Master Class von Robert Lewis am Europ\u00e4ischen Schauspielerinstitut. Seit 1990 Regie und Leitung bei internationalen Theater- und Kunstevents auf der EXPO2000, f\u00fcr die Fraunhofer Gesellschaft, Initiativkreis Ruhrgebiet, Else-Lasker-Sch\u00fcler-Gesellschaft, Friedrich-Ebert-Stiftung u.a. 2014 European Best Event Award in Silber f\u00fcr einen Kunstevent im Europaparlament f\u00fcr die Stiftung EFCNI. Transitraum Else, internationales literarisches Projekt der Else-Lasker-Sch\u00fcler-Gesellschaft und Astronautenkost in Kooperation mit diversen Goethe-Instituten und der Villa Aurora u.a. mit Inger Nilsson, Lainie Kazan und John Nettles u.a. in Stockholm, New York, London und weiterer Beteiligung von 65 internationalen K\u00fcnstler*innen. F\u00f6rderpreis Digitale Dramaturgie Kultursekretariat NRW 2020. Seit 2009 ist er zweiter Chefredakteur der showcases im memo-media-Verlag.\",\"sameAs\":[\"http:\/\/www.andreas-schaefer.eu\",\"https:\/\/www.facebook.com\/theartcore\"],\"url\":\"https:\/\/www.memo-media.de\/blog\/author\/andreas-schaefer\/\"}]}<\/script>\n<!-- \/ Yoast SEO Premium plugin. -->","yoast_head_json":{"title":"Der funkigste Chefstyler und Headliner Jan Delay","description":"Jan Delay ist nicht nur f\u00fcr Konzerte und Festivals buchbar, sondern auch f\u00fcr Marketing-Events. Die Beats und die Mucke bekommt man also als Original, gerade auch wieder mit seiner Band Disko No1.","robots":{"index":"index","follow":"follow","max-snippet":"max-snippet:-1","max-image-preview":"max-image-preview:large","max-video-preview":"max-video-preview:-1"},"canonical":"https:\/\/www.memo-media.de\/blog\/der-funkigste-chefstyler-und-headliner-jan-delay\/","og_locale":"de_DE","og_type":"article","og_title":"Der funkigste Chefstyler und Headliner Jan Delay","og_description":"Jan Delay ist nicht nur f\u00fcr Konzerte und Festivals buchbar, sondern auch f\u00fcr Marketing-Events. Die Beats und die Mucke bekommt man also als Original, gerade auch wieder mit seiner Band Disko No1.","og_url":"https:\/\/www.memo-media.de\/blog\/der-funkigste-chefstyler-und-headliner-jan-delay\/","og_site_name":"memo-media Blog f\u00fcr die Eventplanung","article_author":"https:\/\/www.facebook.com\/theartcore","article_published_time":"2022-08-10T12:00:15+00:00","article_modified_time":"2022-08-11T08:35:38+00:00","og_image":[{"width":2560,"height":1707,"url":"https:\/\/www.memo-media.de\/blog\/wp-content\/uploads\/2022\/08\/jan-delay-2021-2-c-thomas-leidig-scaled.jpg","type":"image\/jpeg"}],"author":"Andreas Sch\u00e4fer","twitter_misc":{"Verfasst von":"Andreas Sch\u00e4fer","Gesch\u00e4tzte Lesezeit":"4\u00a0Minuten"},"schema":{"@context":"https:\/\/schema.org","@graph":[{"@type":"WebPage","@id":"https:\/\/www.memo-media.de\/blog\/der-funkigste-chefstyler-und-headliner-jan-delay\/","url":"https:\/\/www.memo-media.de\/blog\/der-funkigste-chefstyler-und-headliner-jan-delay\/","name":"Der funkigste Chefstyler und Headliner Jan Delay","isPartOf":{"@id":"https:\/\/www.memo-media.de\/blog\/#website"},"datePublished":"2022-08-10T12:00:15+00:00","dateModified":"2022-08-11T08:35:38+00:00","author":{"@id":"https:\/\/www.memo-media.de\/blog\/#\/schema\/person\/47b954ab670be9899b70793ff6260866"},"description":"Jan Delay ist nicht nur f\u00fcr Konzerte und Festivals buchbar, sondern auch f\u00fcr Marketing-Events. Die Beats und die Mucke bekommt man also als Original, gerade auch wieder mit seiner Band Disko No1.","breadcrumb":{"@id":"https:\/\/www.memo-media.de\/blog\/der-funkigste-chefstyler-und-headliner-jan-delay\/#breadcrumb"},"inLanguage":"de","potentialAction":[{"@type":"ReadAction","target":["https:\/\/www.memo-media.de\/blog\/der-funkigste-chefstyler-und-headliner-jan-delay\/"]}]},{"@type":"BreadcrumbList","@id":"https:\/\/www.memo-media.de\/blog\/der-funkigste-chefstyler-und-headliner-jan-delay\/#breadcrumb","itemListElement":[{"@type":"ListItem","position":1,"name":"Home","item":"https:\/\/www.memo-media.de\/blog\/"},{"@type":"ListItem","position":2,"name":"Der funkigste Chefstyler und Headliner Jan Delay"}]},{"@type":"WebSite","@id":"https:\/\/www.memo-media.de\/blog\/#website","url":"https:\/\/www.memo-media.de\/blog\/","name":"memo-media Blog f\u00fcr die Eventplanung","description":"News und Facts aus der Eventbranche f\u00fcr die Eventbranche","potentialAction":[{"@type":"SearchAction","target":{"@type":"EntryPoint","urlTemplate":"https:\/\/www.memo-media.de\/blog\/?s={search_term_string}"},"query-input":"required name=search_term_string"}],"inLanguage":"de"},{"@type":"Person","@id":"https:\/\/www.memo-media.de\/blog\/#\/schema\/person\/47b954ab670be9899b70793ff6260866","name":"Andreas Sch\u00e4fer","image":{"@type":"ImageObject","inLanguage":"de","@id":"https:\/\/www.memo-media.de\/blog\/#\/schema\/person\/image\/","url":"https:\/\/www.memo-media.de\/blog\/wp-content\/uploads\/2014\/04\/andreas-schaefer-c-martin-fago-150x150.jpg","contentUrl":"https:\/\/www.memo-media.de\/blog\/wp-content\/uploads\/2014\/04\/andreas-schaefer-c-martin-fago-150x150.jpg","caption":"Andreas Sch\u00e4fer"},"description":"Andreas Sch\u00e4fer besuchte die Master Class von Robert Lewis am Europ\u00e4ischen Schauspielerinstitut. Seit 1990 Regie und Leitung bei internationalen Theater- und Kunstevents auf der EXPO2000, f\u00fcr die Fraunhofer Gesellschaft, Initiativkreis Ruhrgebiet, Else-Lasker-Sch\u00fcler-Gesellschaft, Friedrich-Ebert-Stiftung u.a. 2014 European Best Event Award in Silber f\u00fcr einen Kunstevent im Europaparlament f\u00fcr die Stiftung EFCNI. Transitraum Else, internationales literarisches Projekt der Else-Lasker-Sch\u00fcler-Gesellschaft und Astronautenkost in Kooperation mit diversen Goethe-Instituten und der Villa Aurora u.a. mit Inger Nilsson, Lainie Kazan und John Nettles u.a. in Stockholm, New York, London und weiterer Beteiligung von 65 internationalen K\u00fcnstler*innen. F\u00f6rderpreis Digitale Dramaturgie Kultursekretariat NRW 2020. Seit 2009 ist er zweiter Chefredakteur der showcases im memo-media-Verlag.","sameAs":["http:\/\/www.andreas-schaefer.eu","https:\/\/www.facebook.com\/theartcore"],"url":"https:\/\/www.memo-media.de\/blog\/author\/andreas-schaefer\/"}]}},"_links":{"self":[{"href":"https:\/\/www.memo-media.de\/blog\/wp-json\/wp\/v2\/posts\/15039"}],"collection":[{"href":"https:\/\/www.memo-media.de\/blog\/wp-json\/wp\/v2\/posts"}],"about":[{"href":"https:\/\/www.memo-media.de\/blog\/wp-json\/wp\/v2\/types\/post"}],"author":[{"embeddable":true,"href":"https:\/\/www.memo-media.de\/blog\/wp-json\/wp\/v2\/users\/4"}],"replies":[{"embeddable":true,"href":"https:\/\/www.memo-media.de\/blog\/wp-json\/wp\/v2\/comments?post=15039"}],"version-history":[{"count":7,"href":"https:\/\/www.memo-media.de\/blog\/wp-json\/wp\/v2\/posts\/15039\/revisions"}],"predecessor-version":[{"id":15048,"href":"https:\/\/www.memo-media.de\/blog\/wp-json\/wp\/v2\/posts\/15039\/revisions\/15048"}],"wp:featuredmedia":[{"embeddable":true,"href":"https:\/\/www.memo-media.de\/blog\/wp-json\/wp\/v2\/media\/15041"}],"wp:attachment":[{"href":"https:\/\/www.memo-media.de\/blog\/wp-json\/wp\/v2\/media?parent=15039"}],"wp:term":[{"taxonomy":"category","embeddable":true,"href":"https:\/\/www.memo-media.de\/blog\/wp-json\/wp\/v2\/categories?post=15039"},{"taxonomy":"post_tag","embeddable":true,"href":"https:\/\/www.memo-media.de\/blog\/wp-json\/wp\/v2\/tags?post=15039"}],"curies":[{"name":"wp","href":"https:\/\/api.w.org\/{rel}","templated":true}]}}