{"id":14722,"date":"2022-05-20T09:29:43","date_gmt":"2022-05-20T07:29:43","guid":{"rendered":"https:\/\/www.memo-media.de\/blog\/?p=14722"},"modified":"2023-03-15T12:56:46","modified_gmt":"2023-03-15T10:56:46","slug":"mietmoebel-fuer-veranstaltungen-party-rent-rent-the-look","status":"publish","type":"post","link":"https:\/\/www.memo-media.de\/blog\/mietmoebel-fuer-veranstaltungen-party-rent-rent-the-look\/","title":{"rendered":"Mietm\u00f6bel f\u00fcr Veranstaltungen: Party Rent mit neuer digitaler Plattform \u201eRent the Look\u201c"},"content":{"rendered":"<p>2.500 ist eine beachtliche Zahl: So viele Produkte gibt es im Webshop von <a href=\"https:\/\/www.partyrent.com\/de\">Party Rent<\/a>. Ob St\u00fchle, Tische, Bars, Lounges, Table-Top oder Deko \u2013 bei dem Eventausstatter gibt es so gut wie alles, was man braucht, wenn es um Mietm\u00f6bel f\u00fcr Veranstaltungen geht. Die Herausforderung f\u00fcr Veranstalterinnen und Veranstalter: Je gr\u00f6\u00dfer die Auswahl, desto schwieriger kann es werden, die passenden Produkte im Webshop \u00fcberhaupt zu finden \u2013 und vorab einzusch\u00e4tzen, wie gut sie zusammenpassen und wie man sie kombinieren kann.<\/p>\n<h3><strong>Mietm\u00f6bel f\u00fcr Veranstaltungen einfacher finden<\/strong><\/h3>\n<div id=\"attachment_14731\" style=\"width: 310px\" class=\"wp-caption alignleft\"><a href=\"https:\/\/www.memo-media.de\/blog\/wp-content\/uploads\/2022\/06\/4.jpg\"><img aria-describedby=\"caption-attachment-14731\" decoding=\"async\" loading=\"lazy\" class=\"wp-image-14731 size-medium\" src=\"https:\/\/www.memo-media.de\/blog\/wp-content\/uploads\/2022\/06\/4-300x200.jpg\" alt=\"Beim Shooting in M\u00fcnchen wurden drei Settings zum Thema Co-Working fotografiert\" width=\"300\" height=\"200\" srcset=\"https:\/\/www.memo-media.de\/blog\/wp-content\/uploads\/2022\/06\/4-300x200.jpg 300w, https:\/\/www.memo-media.de\/blog\/wp-content\/uploads\/2022\/06\/4-768x512.jpg 768w, https:\/\/www.memo-media.de\/blog\/wp-content\/uploads\/2022\/06\/4-335x223.jpg 335w, https:\/\/www.memo-media.de\/blog\/wp-content\/uploads\/2022\/06\/4.jpg 1000w\" sizes=\"(max-width: 300px) 100vw, 300px\" \/><\/a><p id=\"caption-attachment-14731\" class=\"wp-caption-text\">Beim Shooting in M\u00fcnchen wurden drei Settings zum Thema Co-Working fotografiert<\/p><\/div>\n<p><a href=\"https:\/\/www.partyrent.com\/de\/rent-the-look\">\u201eRent the Look\u201c<\/a> hat hier die passende Antwort. Denn \u00fcber die neue Plattform, die eine Kombination aus digitaler Ausstattungsberatung und Webshop ist, zeigt Part Rent den Kundinnen und Kunden, welche M\u00f6glichkeiten es gibt, um seinen Event mit Mietm\u00f6beln f\u00fcr Veranstaltungen auszustatten \u2013 und zwar so einfach, dass man sie per Klick direkt in den Warenkorb legen kann. \u201eDas Tolle ist, dass Kunden so zu Produkten gelangen, zu denen sie \u00fcber den normalen Katalog vielleicht nicht gefunden h\u00e4tten\u201c sagt Stefanie Fehr, die bei Party Rent f\u00fcr die Onlinekommunikation zust\u00e4ndig ist. Von \u201eLauer Sommerabend\u201c mit Dining-St\u00fchlen, Bast, Rattan und hellen Mustern bis \u201eRustic Chic\u201c mit mattschwarzem Porzellan und edlem Designer-Mobiliar haben Veranstalter:innen derzeit auf der Party Rent-Plattform die Wahl zwischen <a href=\"https:\/\/www.partyrent.com\/de\/rent-the-look\">zw\u00f6lf unterschiedlichen Settings<\/a>, aus denen sie w\u00e4hlen k\u00f6nnen, und regelm\u00e4\u00dfig kommen neue dazu. Dabei legt der Eventausstatter h\u00f6chsten Wert auf Professionalit\u00e4t. So werden die Styles von Innenarchitekt:innen und Produktdesigner:innen gemeinsam konzipiert und in professionellen Foto-Shootings umgesetzt, samt eigener Location und Stylist:innen vor Ort.<\/p>\n<h3><strong>Kooperation mehrerer Standorte<\/strong><\/h3>\n<div id=\"attachment_14730\" style=\"width: 210px\" class=\"wp-caption alignright\"><a href=\"https:\/\/www.memo-media.de\/blog\/wp-content\/uploads\/2022\/06\/3.jpg\"><img aria-describedby=\"caption-attachment-14730\" decoding=\"async\" loading=\"lazy\" class=\"wp-image-14730 size-medium\" src=\"https:\/\/www.memo-media.de\/blog\/wp-content\/uploads\/2022\/06\/3-200x300.jpg\" alt=\"Rent the Look! Die neue Plattform von Party Rent\" width=\"200\" height=\"300\" srcset=\"https:\/\/www.memo-media.de\/blog\/wp-content\/uploads\/2022\/06\/3-200x300.jpg 200w, https:\/\/www.memo-media.de\/blog\/wp-content\/uploads\/2022\/06\/3-335x502.jpg 335w, https:\/\/www.memo-media.de\/blog\/wp-content\/uploads\/2022\/06\/3.jpg 667w\" sizes=\"(max-width: 200px) 100vw, 200px\" \/><\/a><p id=\"caption-attachment-14730\" class=\"wp-caption-text\">Rent the Look! Die neue Plattform von Party Rent<\/p><\/div>\n<p>F\u00fcr die neue Plattform arbeiten verschiedene Party Rent-Standorte zusammen \u2013 sogar \u00fcber die Grenzen der Bundesrepublik hinweg. \u201eDas ist spannend\u201c, sagt Stefanie Fehr, \u201edenn die Kolleg:innen in Hamburg haben andere Ideen als wir hier in Bocholt, die Designer in M\u00fcnchen wieder andere als diejenigen in Paris.\u201c<\/p>\n<p>Klicken Kund:innen auf den fertigen \u201eLook\u201c, k\u00f6nnen sie sich aber nicht nur von den vielf\u00e4ltigen Styles inspirieren lassen \u2013 sondern die Mietm\u00f6bel, die Deko und die Ausstattung, die per Mouse Over getaggt ist, direkt in den Warenkorb legen. Einzeln oder komplett, und nat\u00fcrlich individuell auch anders kombiniert. \u201eJede Veranstaltung ist unterschiedlich und das sind auch die Bed\u00fcrfnisse der Veranstalter und Veranstalterinnen\u201c, sagt Stefanie. Deswegen steht bei Party Rent nach wie vor auch die individuelle Beratung im Mittelpunkt. \u201eTrotzdem ist Rent the Look so konzipiert, dass jeder Kunde und jede Kundin ihre Mietm\u00f6bel und die Ausstattung f\u00fcr ihre Veranstaltungen \u00fcber die Plattform komplett selbst zusammenstellen k\u00f6nnte.\u201c<\/p>\n<h3><strong>Eigenes Shooting in M\u00fcnchen<\/strong><\/h3>\n<div id=\"attachment_14726\" style=\"width: 310px\" class=\"wp-caption alignleft\"><a href=\"https:\/\/www.memo-media.de\/blog\/wp-content\/uploads\/2022\/06\/2.jpg\"><img aria-describedby=\"caption-attachment-14726\" decoding=\"async\" loading=\"lazy\" class=\"wp-image-14726 size-medium\" src=\"https:\/\/www.memo-media.de\/blog\/wp-content\/uploads\/2022\/06\/2-300x200.jpg\" alt=\"Die Mietm\u00f6bel f\u00fcr Veranstaltungen von Party Rent lassen sich mit Rent the Look einfacher finden \" width=\"300\" height=\"200\" srcset=\"https:\/\/www.memo-media.de\/blog\/wp-content\/uploads\/2022\/06\/2-300x200.jpg 300w, https:\/\/www.memo-media.de\/blog\/wp-content\/uploads\/2022\/06\/2-768x512.jpg 768w, https:\/\/www.memo-media.de\/blog\/wp-content\/uploads\/2022\/06\/2-335x223.jpg 335w, https:\/\/www.memo-media.de\/blog\/wp-content\/uploads\/2022\/06\/2.jpg 1000w\" sizes=\"(max-width: 300px) 100vw, 300px\" \/><\/a><p id=\"caption-attachment-14726\" class=\"wp-caption-text\">Die Mietm\u00f6bel f\u00fcr Veranstaltungen von Party Rent lassen sich mit Rent the Look einfacher finden<\/p><\/div>\n<p>F\u00fcr die neuesten Looks wurde ein eigenes Shooting in M\u00fcnchen veranstaltet, Stefanie war auch vor Ort. \u201eEs war einfach toll zu sehen, wie viele unterschiedliche M\u00f6glichkeiten unsere Produkte bieten, wenn man sie immer wieder anders kombiniert\u201c, erz\u00e4hlt sie. In M\u00fcnchen wurden die Looks <a href=\"https:\/\/www.partyrent.com\/de\/mediterranean-hideaway\">Mediterranean Hideaway<\/a>, <a href=\"https:\/\/www.partyrent.com\/de\/charming-industrial-lounge\">Charming Industrial Lounge<\/a> sowie drei Settings zum Thema Co-Working fotografiert. \u00a0Erste Party Rent-Kunden haben die neue Plattform auch schon getestet \u2013 und sind begeistert: \u201eF\u00fcr unsere Kunden und Kundinnen ist Rent the Look eine gro\u00dfe Verbesserung der User Experience\u201c, sagt Stefanie. Kein Wunder, denn die Mietm\u00f6bel f\u00fcr Veranstaltungen muss sich jetzt niemand mehr selbst zusammensuchen, sondern man kann auf ein fertiges und durchdachtes Konzept zur\u00fcckgreifen \u2013 das man mit einem Klick mieten kann.<\/p>\n","protected":false},"excerpt":{"rendered":"<p>2.500 ist eine beachtliche Zahl: So viele Produkte gibt es im Webshop von Party Rent. Ob St\u00fchle, Tische, Bars, Lounges,&#8230;<\/p>\n","protected":false},"author":29,"featured_media":14729,"comment_status":"closed","ping_status":"open","sticky":false,"template":"","format":"standard","meta":[],"categories":[1],"tags":[1605,124,2726,600,868],"yoast_head":"<!-- This site is optimized with the Yoast SEO Premium plugin v20.5 (Yoast SEO v20.5) - https:\/\/yoast.com\/wordpress\/plugins\/seo\/ -->\n<title>Mietm\u00f6bel f\u00fcr Veranstaltungen - &quot;Rent the Look&quot; von Party Rent<\/title>\n<meta name=\"description\" content=\"Mietm\u00f6bel f\u00fcr Veranstaltungen einfacher finden mit \u201eRent the Look\u201c, die neue Plattform aus digitaler Ausstattungsberatung und Webshop.\" \/>\n<meta name=\"robots\" content=\"index, follow, max-snippet:-1, max-image-preview:large, max-video-preview:-1\" \/>\n<link rel=\"canonical\" href=\"https:\/\/www.memo-media.de\/blog\/mietmoebel-fuer-veranstaltungen-party-rent-rent-the-look\/\" \/>\n<meta property=\"og:locale\" content=\"de_DE\" \/>\n<meta property=\"og:type\" content=\"article\" \/>\n<meta property=\"og:title\" content=\"Mietm\u00f6bel f\u00fcr Veranstaltungen: Party Rent mit neuer digitaler Plattform \u201eRent the Look\u201c\" \/>\n<meta property=\"og:description\" content=\"Mietm\u00f6bel f\u00fcr Veranstaltungen einfacher finden mit \u201eRent the Look\u201c, die neue Plattform aus digitaler Ausstattungsberatung und Webshop.\" \/>\n<meta property=\"og:url\" content=\"https:\/\/www.memo-media.de\/blog\/mietmoebel-fuer-veranstaltungen-party-rent-rent-the-look\/\" \/>\n<meta property=\"og:site_name\" content=\"memo-media Blog f\u00fcr die Eventplanung\" \/>\n<meta property=\"article:published_time\" content=\"2022-05-20T07:29:43+00:00\" \/>\n<meta property=\"article:modified_time\" content=\"2023-03-15T10:56:46+00:00\" \/>\n<meta property=\"og:image\" content=\"https:\/\/www.memo-media.de\/blog\/wp-content\/uploads\/2022\/06\/design-ohne-titel1.jpg\" \/>\n\t<meta property=\"og:image:width\" content=\"1050\" \/>\n\t<meta property=\"og:image:height\" content=\"804\" \/>\n\t<meta property=\"og:image:type\" content=\"image\/jpeg\" \/>\n<meta name=\"author\" content=\"Julia Gundelach\" \/>\n<meta name=\"twitter:label1\" content=\"Verfasst von\" \/>\n\t<meta name=\"twitter:data1\" content=\"Julia Gundelach\" \/>\n\t<meta name=\"twitter:label2\" content=\"Gesch\u00e4tzte Lesezeit\" \/>\n\t<meta name=\"twitter:data2\" content=\"4\u00a0Minuten\" \/>\n<script type=\"application\/ld+json\" class=\"yoast-schema-graph\">{\"@context\":\"https:\/\/schema.org\",\"@graph\":[{\"@type\":\"WebPage\",\"@id\":\"https:\/\/www.memo-media.de\/blog\/mietmoebel-fuer-veranstaltungen-party-rent-rent-the-look\/\",\"url\":\"https:\/\/www.memo-media.de\/blog\/mietmoebel-fuer-veranstaltungen-party-rent-rent-the-look\/\",\"name\":\"Mietm\u00f6bel f\u00fcr Veranstaltungen - \\\"Rent the Look\\\" von Party Rent\",\"isPartOf\":{\"@id\":\"https:\/\/www.memo-media.de\/blog\/#website\"},\"datePublished\":\"2022-05-20T07:29:43+00:00\",\"dateModified\":\"2023-03-15T10:56:46+00:00\",\"author\":{\"@id\":\"https:\/\/www.memo-media.de\/blog\/#\/schema\/person\/b01cd365604b7a1226e889d3e8e6f56d\"},\"description\":\"Mietm\u00f6bel f\u00fcr Veranstaltungen einfacher finden mit \u201eRent the Look\u201c, die neue Plattform aus digitaler Ausstattungsberatung und Webshop.\",\"breadcrumb\":{\"@id\":\"https:\/\/www.memo-media.de\/blog\/mietmoebel-fuer-veranstaltungen-party-rent-rent-the-look\/#breadcrumb\"},\"inLanguage\":\"de\",\"potentialAction\":[{\"@type\":\"ReadAction\",\"target\":[\"https:\/\/www.memo-media.de\/blog\/mietmoebel-fuer-veranstaltungen-party-rent-rent-the-look\/\"]}]},{\"@type\":\"BreadcrumbList\",\"@id\":\"https:\/\/www.memo-media.de\/blog\/mietmoebel-fuer-veranstaltungen-party-rent-rent-the-look\/#breadcrumb\",\"itemListElement\":[{\"@type\":\"ListItem\",\"position\":1,\"name\":\"Home\",\"item\":\"https:\/\/www.memo-media.de\/blog\/\"},{\"@type\":\"ListItem\",\"position\":2,\"name\":\"Mietm\u00f6bel f\u00fcr Veranstaltungen: Party Rent mit neuer digitaler Plattform \u201eRent the Look\u201c\"}]},{\"@type\":\"WebSite\",\"@id\":\"https:\/\/www.memo-media.de\/blog\/#website\",\"url\":\"https:\/\/www.memo-media.de\/blog\/\",\"name\":\"memo-media Blog f\u00fcr die Eventplanung\",\"description\":\"News und Facts aus der Eventbranche f\u00fcr die Eventbranche\",\"potentialAction\":[{\"@type\":\"SearchAction\",\"target\":{\"@type\":\"EntryPoint\",\"urlTemplate\":\"https:\/\/www.memo-media.de\/blog\/?s={search_term_string}\"},\"query-input\":\"required name=search_term_string\"}],\"inLanguage\":\"de\"},{\"@type\":\"Person\",\"@id\":\"https:\/\/www.memo-media.de\/blog\/#\/schema\/person\/b01cd365604b7a1226e889d3e8e6f56d\",\"name\":\"Julia Gundelach\",\"image\":{\"@type\":\"ImageObject\",\"inLanguage\":\"de\",\"@id\":\"https:\/\/www.memo-media.de\/blog\/#\/schema\/person\/image\/\",\"url\":\"https:\/\/www.memo-media.de\/blog\/wp-content\/uploads\/2021\/05\/julia-gundelach-150x150.jpg\",\"contentUrl\":\"https:\/\/www.memo-media.de\/blog\/wp-content\/uploads\/2021\/05\/julia-gundelach-150x150.jpg\",\"caption\":\"Julia Gundelach\"},\"description\":\"Julia Gundelach ist seit 2016 Teil des memo-media-Teams und bloggt am liebsten \u00fcber actionreiche Eventformate, die sie auch selbst mal testen darf. Als freie Redakteurin ist sie spezialisiert auf die Bereiche Marketing, PR und Werbung, aber auch auf neue Themen in der Veranstaltungswirtschaft. Zum Gl\u00fcck, denn eine buntere, vielf\u00e4ltigere und \u00fcberraschendere Welt, als das Event-Business kann sie sich nicht vorstellen!\",\"url\":\"https:\/\/www.memo-media.de\/blog\/author\/anna-steinberg\/\"}]}<\/script>\n<!-- \/ Yoast SEO Premium plugin. -->","yoast_head_json":{"title":"Mietm\u00f6bel f\u00fcr Veranstaltungen - \"Rent the Look\" von Party Rent","description":"Mietm\u00f6bel f\u00fcr Veranstaltungen einfacher finden mit \u201eRent the Look\u201c, die neue Plattform aus digitaler Ausstattungsberatung und Webshop.","robots":{"index":"index","follow":"follow","max-snippet":"max-snippet:-1","max-image-preview":"max-image-preview:large","max-video-preview":"max-video-preview:-1"},"canonical":"https:\/\/www.memo-media.de\/blog\/mietmoebel-fuer-veranstaltungen-party-rent-rent-the-look\/","og_locale":"de_DE","og_type":"article","og_title":"Mietm\u00f6bel f\u00fcr Veranstaltungen: Party Rent mit neuer digitaler Plattform \u201eRent the Look\u201c","og_description":"Mietm\u00f6bel f\u00fcr Veranstaltungen einfacher finden mit \u201eRent the Look\u201c, die neue Plattform aus digitaler Ausstattungsberatung und Webshop.","og_url":"https:\/\/www.memo-media.de\/blog\/mietmoebel-fuer-veranstaltungen-party-rent-rent-the-look\/","og_site_name":"memo-media Blog f\u00fcr die Eventplanung","article_published_time":"2022-05-20T07:29:43+00:00","article_modified_time":"2023-03-15T10:56:46+00:00","og_image":[{"width":1050,"height":804,"url":"https:\/\/www.memo-media.de\/blog\/wp-content\/uploads\/2022\/06\/design-ohne-titel1.jpg","type":"image\/jpeg"}],"author":"Julia Gundelach","twitter_misc":{"Verfasst von":"Julia Gundelach","Gesch\u00e4tzte Lesezeit":"4\u00a0Minuten"},"schema":{"@context":"https:\/\/schema.org","@graph":[{"@type":"WebPage","@id":"https:\/\/www.memo-media.de\/blog\/mietmoebel-fuer-veranstaltungen-party-rent-rent-the-look\/","url":"https:\/\/www.memo-media.de\/blog\/mietmoebel-fuer-veranstaltungen-party-rent-rent-the-look\/","name":"Mietm\u00f6bel f\u00fcr Veranstaltungen - \"Rent the Look\" von Party Rent","isPartOf":{"@id":"https:\/\/www.memo-media.de\/blog\/#website"},"datePublished":"2022-05-20T07:29:43+00:00","dateModified":"2023-03-15T10:56:46+00:00","author":{"@id":"https:\/\/www.memo-media.de\/blog\/#\/schema\/person\/b01cd365604b7a1226e889d3e8e6f56d"},"description":"Mietm\u00f6bel f\u00fcr Veranstaltungen einfacher finden mit \u201eRent the Look\u201c, die neue Plattform aus digitaler Ausstattungsberatung und Webshop.","breadcrumb":{"@id":"https:\/\/www.memo-media.de\/blog\/mietmoebel-fuer-veranstaltungen-party-rent-rent-the-look\/#breadcrumb"},"inLanguage":"de","potentialAction":[{"@type":"ReadAction","target":["https:\/\/www.memo-media.de\/blog\/mietmoebel-fuer-veranstaltungen-party-rent-rent-the-look\/"]}]},{"@type":"BreadcrumbList","@id":"https:\/\/www.memo-media.de\/blog\/mietmoebel-fuer-veranstaltungen-party-rent-rent-the-look\/#breadcrumb","itemListElement":[{"@type":"ListItem","position":1,"name":"Home","item":"https:\/\/www.memo-media.de\/blog\/"},{"@type":"ListItem","position":2,"name":"Mietm\u00f6bel f\u00fcr Veranstaltungen: Party Rent mit neuer digitaler Plattform \u201eRent the Look\u201c"}]},{"@type":"WebSite","@id":"https:\/\/www.memo-media.de\/blog\/#website","url":"https:\/\/www.memo-media.de\/blog\/","name":"memo-media Blog f\u00fcr die Eventplanung","description":"News und Facts aus der Eventbranche f\u00fcr die Eventbranche","potentialAction":[{"@type":"SearchAction","target":{"@type":"EntryPoint","urlTemplate":"https:\/\/www.memo-media.de\/blog\/?s={search_term_string}"},"query-input":"required name=search_term_string"}],"inLanguage":"de"},{"@type":"Person","@id":"https:\/\/www.memo-media.de\/blog\/#\/schema\/person\/b01cd365604b7a1226e889d3e8e6f56d","name":"Julia Gundelach","image":{"@type":"ImageObject","inLanguage":"de","@id":"https:\/\/www.memo-media.de\/blog\/#\/schema\/person\/image\/","url":"https:\/\/www.memo-media.de\/blog\/wp-content\/uploads\/2021\/05\/julia-gundelach-150x150.jpg","contentUrl":"https:\/\/www.memo-media.de\/blog\/wp-content\/uploads\/2021\/05\/julia-gundelach-150x150.jpg","caption":"Julia Gundelach"},"description":"Julia Gundelach ist seit 2016 Teil des memo-media-Teams und bloggt am liebsten \u00fcber actionreiche Eventformate, die sie auch selbst mal testen darf. Als freie Redakteurin ist sie spezialisiert auf die Bereiche Marketing, PR und Werbung, aber auch auf neue Themen in der Veranstaltungswirtschaft. Zum Gl\u00fcck, denn eine buntere, vielf\u00e4ltigere und \u00fcberraschendere Welt, als das Event-Business kann sie sich nicht vorstellen!","url":"https:\/\/www.memo-media.de\/blog\/author\/anna-steinberg\/"}]}},"_links":{"self":[{"href":"https:\/\/www.memo-media.de\/blog\/wp-json\/wp\/v2\/posts\/14722"}],"collection":[{"href":"https:\/\/www.memo-media.de\/blog\/wp-json\/wp\/v2\/posts"}],"about":[{"href":"https:\/\/www.memo-media.de\/blog\/wp-json\/wp\/v2\/types\/post"}],"author":[{"embeddable":true,"href":"https:\/\/www.memo-media.de\/blog\/wp-json\/wp\/v2\/users\/29"}],"replies":[{"embeddable":true,"href":"https:\/\/www.memo-media.de\/blog\/wp-json\/wp\/v2\/comments?post=14722"}],"version-history":[{"count":5,"href":"https:\/\/www.memo-media.de\/blog\/wp-json\/wp\/v2\/posts\/14722\/revisions"}],"predecessor-version":[{"id":15021,"href":"https:\/\/www.memo-media.de\/blog\/wp-json\/wp\/v2\/posts\/14722\/revisions\/15021"}],"wp:featuredmedia":[{"embeddable":true,"href":"https:\/\/www.memo-media.de\/blog\/wp-json\/wp\/v2\/media\/14729"}],"wp:attachment":[{"href":"https:\/\/www.memo-media.de\/blog\/wp-json\/wp\/v2\/media?parent=14722"}],"wp:term":[{"taxonomy":"category","embeddable":true,"href":"https:\/\/www.memo-media.de\/blog\/wp-json\/wp\/v2\/categories?post=14722"},{"taxonomy":"post_tag","embeddable":true,"href":"https:\/\/www.memo-media.de\/blog\/wp-json\/wp\/v2\/tags?post=14722"}],"curies":[{"name":"wp","href":"https:\/\/api.w.org\/{rel}","templated":true}]}}