{"id":14650,"date":"2022-04-26T14:00:09","date_gmt":"2022-04-26T12:00:09","guid":{"rendered":"https:\/\/www.memo-media.de\/blog\/?p=14650"},"modified":"2025-01-12T23:36:23","modified_gmt":"2025-01-12T21:36:23","slug":"diversitaet","status":"publish","type":"post","link":"https:\/\/www.memo-media.de\/blog\/diversitaet\/","title":{"rendered":"Es lebe die Vielfalt \u2013 Talking Heads zur Diversit\u00e4t"},"content":{"rendered":"<p>Britta Frielingsdorf arbeitet als Beauftragte f\u00fcr Gleichstellung im WDR f\u00fcr Geschlechtergerechtigkeit und Diversity im Personalbereich. Van Bo Le-Mentzel ist Mitbegr\u00fcnder des Berliner Vereins \u00bbKiez-Tank-Stelle\u00ab, der sogenannte \u00bbSchooltalks\u00ab organisiert. Interessante Pers\u00f6nlichkeiten erz\u00e4hlen Jugendlichen, wie sie es geschafft haben, trotz schlechter Startbedingungen im Leben weiterzukommen. Karin Ruppert begleitet Organisationen in Ver\u00e4nderungsprozessen und ist Impulsgeberin f\u00fcr Gender Equality, New Leadership und Cultural Change. Dar\u00fcber hinaus ist sie Vorstandsvorsitzende des gemeinn\u00fctzigen Vereins She Means Community e. V., der mehrere Initiativen zur F\u00f6rderung der Gleichberechtigung vereint. [memo_eintrag kundennummer=154045]J\u00fcrgen May[\/memo_eintrag] ist Berater f\u00fcr alle Aspekte der Nachhaltigkeit in der Veranstaltungsbranche. Er ist Dozent f\u00fcr \u00bbSustainable Eventmanagement\u00ab an der Dualen Hochschule Baden-W\u00fcrttemberg, dem Studieninstitut D\u00fcsseldorf und der IECA Internationale Event- &amp; Congress-Academy Mannheim.<\/p>\n<h3>Warum spielt das Thema Diversit\u00e4t eine immer gr\u00f6\u00dfere Rolle?<\/h3>\n<div id=\"attachment_14663\" style=\"width: 310px\" class=\"wp-caption alignleft\"><a href=\"https:\/\/www.memo-media.de\/blog\/wp-content\/uploads\/2022\/04\/43_bf-annika-fusswinkel-wdr-custom.jpg\"><img aria-describedby=\"caption-attachment-14663\" decoding=\"async\" loading=\"lazy\" class=\"wp-image-14663 size-medium\" src=\"https:\/\/www.memo-media.de\/blog\/wp-content\/uploads\/2022\/04\/43_bf-annika-fusswinkel-wdr-custom-300x200.jpg\" alt=\"Britta Frielingsdorf ist f\u00fcr Diversit\u00e4t beim WDR zust\u00e4ndig.\" width=\"300\" height=\"200\" srcset=\"https:\/\/www.memo-media.de\/blog\/wp-content\/uploads\/2022\/04\/43_bf-annika-fusswinkel-wdr-custom-300x200.jpg 300w, https:\/\/www.memo-media.de\/blog\/wp-content\/uploads\/2022\/04\/43_bf-annika-fusswinkel-wdr-custom-768x512.jpg 768w, https:\/\/www.memo-media.de\/blog\/wp-content\/uploads\/2022\/04\/43_bf-annika-fusswinkel-wdr-custom-335x223.jpg 335w, https:\/\/www.memo-media.de\/blog\/wp-content\/uploads\/2022\/04\/43_bf-annika-fusswinkel-wdr-custom.jpg 1000w\" sizes=\"(max-width: 300px) 100vw, 300px\" \/><\/a><p id=\"caption-attachment-14663\" class=\"wp-caption-text\">Britta Frielingsdorf ist f\u00fcr Diversit\u00e4t beim WDR zust\u00e4ndig.<\/p><\/div>\n<p><strong>Britta Frielingsdorf:<\/strong> Unsere Gesellschaft ver\u00e4ndert sich st\u00e4ndig. Einige Stichworte dazu sind Chancengerechtigkeit, Orientierung, Respekt, Sichtbarkeit und Teilhabe. Und die Digitalisierung bietet mehr M\u00f6glichkeiten und auch Bedarf, Zielgruppen zu definieren und zu erreichen.<\/p>\n<p><strong>Van Bo Le-Mentzel:<\/strong> Diversit\u00e4t hat eigentlich schon immer eine Rolle gespielt, nur waren die Rahmenbedingungen, um Diversit\u00e4t einzufordern, nicht so wie heute gegeben. Es ist eine Bereicherung, wenn wir an Schulen auch Lehrpersonen haben, die schwarz sind oder Asiaten oder Menschen mit Hijab oder Menschen im Rollstuhl oder Transpersonen oder was auch immer.<\/p>\n<p><strong>Karin Ruppert:<\/strong> Studien belegen, dass vielf\u00e4ltig aufgestellte Management-Teams die besseren Ergebnisse hervorbringen. Diese Erkenntnis, der demografische Wandel und die Herausforderungen des Megatrends \u00bbSoziale Nachhaltigkeit\u00ab haben das Thema Diversit\u00e4t auf die Agenda vieler Unternehmen gebracht. Unternehmen k\u00f6nnen es sich aufgrund des Fachkr\u00e4ftemangels schlichtweg nicht mehr leisten, die Dimension Gender Equality und damit die H\u00e4lfte der Bev\u00f6lkerung auszuklammern.<\/p>\n<p><strong>J\u00fcrgen May:<\/strong> Diversit\u00e4t sorgt daf\u00fcr, dass die Vielfalt in unserer Gesellschaft aufgezeigt wird. Zusammengefasst ist Diversit\u00e4t antidiskriminierend.<\/p>\n<h3>Wie kann echte Diversit\u00e4t im Kulturbereich erreicht werden?<\/h3>\n<p><strong>KR:<\/strong> In erster Linie, indem wir alle Menschen einladen, ihre unterschiedlichen Perspektiven sichtbar zu machen. Diese Vielfalt unserer Gesellschaft sollte sich auf den [memo_kategorie id=1260]B\u00fchnen[\/memo_kategorie] unserer Veranstaltungen widerspiegeln und zum Diskurs \u00fcber gemeinsame Werte und Verhaltensweisen anregen.<\/p>\n<p><strong>JM:<\/strong> Wenn die Einbindung des Themas in den Ausbildungsbereich im Kulturbereich erfolgt. Mit gutem Beispiel geht die Kunst-Uni Graz voran. An der KUG wird Diversit\u00e4t \u00fcber einen Entwicklungsplan, der noch bis 2024 l\u00e4uft, gef\u00f6rdert. F\u00fcr Lehre und Kunst gilt ein erweitertes Wissen um Diversit\u00e4t. Dazu geh\u00f6ren die theoretische Diskussion, praktische Reflexion von Themen wie Identit\u00e4tsbildung, Integration\/Inklusion und Segregation, Inter- und Transkulturalit\u00e4t, Migration und Transmigration oder Globalisierungsdebatten und Postcolonial Studies.<\/p>\n<p><strong>BF:<\/strong> Es geht um Ann\u00e4herung an die Vielfalt der Gesellschaft, um Perspektivenvielfalt, um Privilegien und um Zugang, auch zu Kultur und zum Kulturbetrieb, ohne zu stigmatisieren. Wen wollen wir erreichen? Wen sehen wir gar nicht? Welche Perspektiven fehlen uns? Was brauchen wir, um das zu \u00e4ndern? Nur ein Beispiel: 30 Prozent der Menschen in NRW haben heute eine Einwanderungsgeschichte. Und im [memo_kategorie id=2546]Kulturbetrieb[\/memo_kategorie]?<\/p>\n<div id=\"attachment_14659\" style=\"width: 310px\" class=\"wp-caption alignright\"><a href=\"https:\/\/www.memo-media.de\/blog\/wp-content\/uploads\/2022\/04\/mk34928_van_bo_le-mentzel-custom.jpg\"><img aria-describedby=\"caption-attachment-14659\" decoding=\"async\" loading=\"lazy\" class=\"wp-image-14659 size-medium\" src=\"https:\/\/www.memo-media.de\/blog\/wp-content\/uploads\/2022\/04\/mk34928_van_bo_le-mentzel-custom-300x300.jpg\" alt=\"Chancengerechtigkeit ist auch ein Bestandteil von Diversit\u00e4t. Daf\u00fcr setzt sich Van Bo Le-Metzel ein.\" width=\"300\" height=\"300\" srcset=\"https:\/\/www.memo-media.de\/blog\/wp-content\/uploads\/2022\/04\/mk34928_van_bo_le-mentzel-custom-300x300.jpg 300w, https:\/\/www.memo-media.de\/blog\/wp-content\/uploads\/2022\/04\/mk34928_van_bo_le-mentzel-custom-150x150.jpg 150w, https:\/\/www.memo-media.de\/blog\/wp-content\/uploads\/2022\/04\/mk34928_van_bo_le-mentzel-custom-768x768.jpg 768w, https:\/\/www.memo-media.de\/blog\/wp-content\/uploads\/2022\/04\/mk34928_van_bo_le-mentzel-custom-335x335.jpg 335w, https:\/\/www.memo-media.de\/blog\/wp-content\/uploads\/2022\/04\/mk34928_van_bo_le-mentzel-custom.jpg 804w\" sizes=\"(max-width: 300px) 100vw, 300px\" \/><\/a><p id=\"caption-attachment-14659\" class=\"wp-caption-text\">Chancengerechtigkeit ist auch ein Bestandteil von Diversit\u00e4t. Daf\u00fcr setzt sich Van Bo Le-Metzel ein.<\/p><\/div>\n<p><strong>VBLM:<\/strong> Es geht um Repr\u00e4sentanz. Viele Perspektiven sind bisher nicht sichtbar. Ich denke, es w\u00e4re schon mal ein guter Start, wenn die Leute, die entscheiden, sehr viel diverser aufgestellt w\u00e4ren. Und zwar nicht nur in der Kulturbranche, sondern auch in der Medienbranche. Also Menschen, die Zeitungen herausgeben oder Fernsehen oder Radio machen. In all diesen Bereichen m\u00fcssten die F\u00fchrungskr\u00e4fte diverser aufgestellt sein.<\/p>\n<h3>Wo muss Politik aktiv werden?<\/h3>\n<p><strong>JM:<\/strong> Politik muss die soziokulturellen und \u00f6konomischen Interaktionen aller Menschen in der Gesellschaft offensiv f\u00f6rdern und mitgestalten. Und dies unabh\u00e4ngig von Geschlecht, Alter, Ethnizit\u00e4t oder Hautfarbe.<\/p>\n<p><strong>VBLM:<\/strong> Quoten sind unbeliebt, aber sie helfen. Quoten verbessern nicht direkt die Qualit\u00e4t eines [memo_kategorie id=1933]Theaters[\/memo_kategorie] oder eines Museums oder einer Partei, aber die Quote macht alle Organisationen diverser. Und am Ende steigt die Qualit\u00e4t dann doch, weil durch die Quote viel mehr Perspektiven erm\u00f6glicht werden.<\/p>\n<p><strong>KR:<\/strong> Die Politik hat die Aufgabe, Rahmenbedingungen zu schaffen, die Diskriminierung im System verhindern. Dabei geht es um klare Vorgaben, Regeln, aber auch um die Schaffung von Anreizen, um Diskriminierung entgegenzuwirken. Ein Beispiel: die Einf\u00fchrung einer Quotenregelung f\u00fcr die parit\u00e4tische Zusammensetzung von politischen und wirtschaftlichen Entscheidungsgremien.<\/p>\n<p><strong>BF:<\/strong> Die Politik muss f\u00fcr Chancengerechtigkeit in der Bildung sorgen. Die Lotterie der eigenen Herkunft bestimmt nach wie vor viel zu stark den Werdegang in Deutschland. Ungleiche Startchancen auszugleichen, ist eine gesellschaftliche Herausforderung und eine Aufgabe der Politik. Ich w\u00fcnsche mir einen Leistungsbegriff, der nicht darauf beruht, welche Ressourcen Eltern hatten, um ihre Kinder zu f\u00f6rdern.<\/p>\n<h3>Was hat jede:r selbst in der Hand?<\/h3>\n<p><strong>VBLM:<\/strong> Ich denke, jeder muss sich erst mal der eigenen Privilegien bewusst werden. Ich als CIS-Mann habe bestimmte Privilegien gegen\u00fcber Frauen, die als Frauen schlechter bezahlt werden, oder gegen\u00fcber Transgender. Das m\u00fcssen wir erst mal alle begreifen. Das war auch f\u00fcr mich ein Prozess. Fangen wir damit an, dass man die eigenen Privilegien checkt.<\/p>\n<div id=\"attachment_14656\" style=\"width: 310px\" class=\"wp-caption alignleft\"><a href=\"https:\/\/www.memo-media.de\/blog\/wp-content\/uploads\/2022\/04\/juergenmay2bd-dieter-stork-custom.jpg\"><img aria-describedby=\"caption-attachment-14656\" decoding=\"async\" loading=\"lazy\" class=\"wp-image-14656 size-medium\" src=\"https:\/\/www.memo-media.de\/blog\/wp-content\/uploads\/2022\/04\/juergenmay2bd-dieter-stork-custom-300x200.jpg\" alt=\"Nicht nur das Klima muss bei einer nachhaltigen Veranstaltungsbranche eine Rolle spielen, Diversit\u00e4t geh\u00f6rt, laut J\u00fcrgen May, auch dazu.\" width=\"300\" height=\"200\" srcset=\"https:\/\/www.memo-media.de\/blog\/wp-content\/uploads\/2022\/04\/juergenmay2bd-dieter-stork-custom-300x200.jpg 300w, https:\/\/www.memo-media.de\/blog\/wp-content\/uploads\/2022\/04\/juergenmay2bd-dieter-stork-custom-768x512.jpg 768w, https:\/\/www.memo-media.de\/blog\/wp-content\/uploads\/2022\/04\/juergenmay2bd-dieter-stork-custom-335x223.jpg 335w, https:\/\/www.memo-media.de\/blog\/wp-content\/uploads\/2022\/04\/juergenmay2bd-dieter-stork-custom.jpg 1000w\" sizes=\"(max-width: 300px) 100vw, 300px\" \/><\/a><p id=\"caption-attachment-14656\" class=\"wp-caption-text\">Nicht nur das Klima muss bei einer nachhaltigen Veranstaltungsbranche eine Rolle spielen, Diversit\u00e4t geh\u00f6rt, laut J\u00fcrgen May, auch dazu.<\/p><\/div>\n<p><strong>JM:<\/strong> Ich empfehle, dem Thema mit Offenheit und Neugier zu begegnen. Dazu empfehle ich sehr, das Buch von Hadija Haruna-Oelker, Journalistin, Politikwissenschaftlerin und [memo_kategorie id=1404]Moderatorin[\/memo_kategorie]. \u00bbMiteinander anders denken\u00ab zu lesen. Sie besch\u00e4ftigt sich seit Langem mit Diversit\u00e4t, Gender, Rassismus, Intersektionalit\u00e4t und Diskriminierung. Sie ist davon \u00fcberzeugt, dass wir alle etwas von den Perspektiven anderer in uns tragen. Dass wir voneinander lernen k\u00f6nnen. Und einander zuh\u00f6ren sollten.<\/p>\n<p><strong>BF:<\/strong> Jede und jeder Einzelne kann viel selbst tun. Alle Menschen haben Stereotypen im Kopf. Unser Gehirn funktioniert nun einmal so. Sich das bewusst zu machen, Respekt und Wertsch\u00e4tzung f\u00fcr andere Menschen zu zeigen, offen und neugierig f\u00fcr andere Lebensentw\u00fcrfe und Perspektiven zu sein, die eigene eingeschr\u00e4nkte Perspektive und die eigenen Privilegien zu reflektieren, das \u00e4ndert schon richtig viel.<\/p>\n<p><strong>KR:<\/strong> Jede:r hat es selbst in der Hand, sein eigenes Denken zu hinterfragen und sich \u00fcber eigene diskriminierende Glaubenss\u00e4tze oder innere Bilder bewusst zu werden. Das sind die ersten wichtigen Schritte. In der Folge ergeben sich dann, dem eigenen Wirkungskreis entsprechend, viele M\u00f6glichkeiten, das ver\u00e4nderte Bewusstsein in das t\u00e4gliche Handeln zu integrieren.<\/p>\n<h3>Wie erreichen wir mehr Diversit\u00e4t, ohne eine neue B\u00fcrokratie zu schaffen?<\/h3>\n<p><strong>JM:<\/strong> Schwierig. Ich glaube, Rahmenbedingungen wird es brauchen. Die Herausforderung wird es sein, Diversit\u00e4t nicht nur in Gesetze zu packen, denn dann entstehen b\u00fcrokratische Unget\u00fcme, die niemand versteht.<\/p>\n<p><strong>BF:<\/strong> Einfach die Methoden anwenden, die ge\u00fcbt sind: Vision formulieren, Ziele definieren, Ma\u00dfnahmen entwickeln, Umsetzung pr\u00fcfen, Zielerreichung feiern, Ziele weiterentwickeln. Das ist kein Hexenwerk.<\/p>\n<p><strong>KR:<\/strong> Ohne klare Vorgaben passiert recht wenig und Vorgaben funktionieren dann, wenn sie kontrolliert werden. Insofern wird es ganz ohne B\u00fcrokratie nicht klappen. Aber das Dokumentieren und Erreichen von Nachhaltigkeitszielen ist ja bereits in vielen Firmen gelernt. Das betrifft eben auch das Thema \u00bbSoziale [memo_kategorie id=3717]Nachhaltigkeit[\/memo_kategorie]\u00ab.<\/p>\n<blockquote><p>Die Politik hat die Aufgabe, Rahmenbedingungen zu schaffen, die Diskriminierung im System verhindern.<\/p><\/blockquote>\n<h3>Wie sieht es 2052 aus?<\/h3>\n<p><strong>BF:<\/strong> Anders als heute auf jeden Fall. Gesellschaft ver\u00e4ndert sich st\u00e4ndig. Hoffentlich ist es ein vielf\u00e4ltiger Kulturbetrieb mit Angeboten f\u00fcr alle Teile der Gesellschaft. Auch wenn wir heute noch nicht wissen, wie die konkret aussehen wird.<\/p>\n<div id=\"attachment_14657\" style=\"width: 257px\" class=\"wp-caption alignright\"><a href=\"https:\/\/www.memo-media.de\/blog\/wp-content\/uploads\/2022\/04\/karin-ruppert-c-phocus-brand-contact-custom.jpg\"><img aria-describedby=\"caption-attachment-14657\" decoding=\"async\" loading=\"lazy\" class=\"wp-image-14657 size-medium\" src=\"https:\/\/www.memo-media.de\/blog\/wp-content\/uploads\/2022\/04\/karin-ruppert-c-phocus-brand-contact-custom-247x300.jpg\" alt=\"Karin Ruppert setzt sich mit dem She Means Community e. V. f\u00fcr Gender Equality ein.\" width=\"247\" height=\"300\" srcset=\"https:\/\/www.memo-media.de\/blog\/wp-content\/uploads\/2022\/04\/karin-ruppert-c-phocus-brand-contact-custom-247x300.jpg 247w, https:\/\/www.memo-media.de\/blog\/wp-content\/uploads\/2022\/04\/karin-ruppert-c-phocus-brand-contact-custom-768x933.jpg 768w, https:\/\/www.memo-media.de\/blog\/wp-content\/uploads\/2022\/04\/karin-ruppert-c-phocus-brand-contact-custom-335x407.jpg 335w, https:\/\/www.memo-media.de\/blog\/wp-content\/uploads\/2022\/04\/karin-ruppert-c-phocus-brand-contact-custom.jpg 804w\" sizes=\"(max-width: 247px) 100vw, 247px\" \/><\/a><p id=\"caption-attachment-14657\" class=\"wp-caption-text\">Karin Ruppert setzt sich mit dem She Means Community e. V. f\u00fcr Gender Equality ein.<\/p><\/div>\n<p><strong>KR:<\/strong> Bestenfalls gleichberechtigt, innovativ, offen, vielf\u00e4ltig und vor allem hoffentlich friedlich.<\/p>\n<p><strong>VBLM:<\/strong> Ich habe die Vision, in einem Experiment Land in aussterbenden Gegenden zu tauschen: Ihr bekommt Pal\u00e4stina und die Pal\u00e4stinenser:innen bekommen Meck-Pomm. Dann w\u00fcrde in Meck-Pomm Little Palestine entstehen oder in Sachsen irgendwo, in irgendeinem Kaff, wo keiner mehr ist, k\u00f6nnte dann Little Kurdistan sein und so weiter \u2013 wie es ja auch schon so Chinatown gibt in den USA. Das sind ja sehr beliebte Orte in den USA. So kleine, k\u00fcnstliche Biotope, kulturelle Biotope. Das w\u00e4re hochgradig kulturell spannend, wenn so in einer Gegend Aufbruchstimmung entsteht, wo keiner hinziehen will.<\/p>\n<blockquote><p>Ich denke, jeder muss sich erst mal der eigenen Privilegien bewusst werden \u2026<\/p><\/blockquote>\n<p><strong>JM:<\/strong> Wir befinden uns leider immer noch im Schneckentempo, was die Entwicklung von Nachhaltigkeitsprozessen betrifft, zu denen auch das Thema Diversit\u00e4t geh\u00f6rt. Ich denke, es wird so kommen (m\u00fcssen), wie es Christian B\u00f6hler, Partner bei Roland Berger und Experte f\u00fcr Nachhaltigkeit in einer Zukunftsstudie beschrieben hat, um die Welt, mit dann \u00fcber 10 Milliarden Menschen, lebenswert zu halten: Nachhaltiges Handeln w\u00fcrde im Jahr 2050 gesetzlich vorgeschrieben. Die Klimakatastrophe w\u00e4re abgewendet, die Erderw\u00e4rmung auf 1,5 Grad Celsius begrenzt und die globale Armut reduziert. Der Preis daf\u00fcr w\u00e4re, dass wir in Bezug auf die Nachhaltigkeit in einer Art Staatskommunismus leben, in dem entsprechende Gesetze den Nachhaltigkeitsaspekt unseres Lebens regulieren. Die Standards daf\u00fcr w\u00fcrden enorm hoch sein \u2013 das gilt auch f\u00fcr Quoten beispielsweise in Sachen Diversity \u2013 und Greenwashing w\u00fcrde, wo es aufgedeckt wird, hart bestraft.<\/p>\n<a  class=\"pixcode  pixcode--btn  btn  btn--large  btn--beta\" href=\"https:\/\/www.memo-media.de\/blog\/tag\/talking-heads\" target=\"_blank\">Mehr Talking Heads?<\/a>\n","protected":false},"excerpt":{"rendered":"<p>Britta Frielingsdorf arbeitet als Beauftragte f\u00fcr Gleichstellung im WDR f\u00fcr Geschlechtergerechtigkeit und Diversity im Personalbereich. Van Bo Le-Mentzel ist Mitbegr\u00fcnder&#8230;<\/p>\n","protected":false},"author":4,"featured_media":14662,"comment_status":"closed","ping_status":"open","sticky":false,"template":"","format":"standard","meta":[],"categories":[1367,12],"tags":[1976,2712,2717,2716,2715,2714,121,2378,2713],"yoast_head":"<!-- This site is optimized with the Yoast SEO Premium plugin v20.5 (Yoast SEO v20.5) - https:\/\/yoast.com\/wordpress\/plugins\/seo\/ -->\n<title>Es lebe die Vielfalt \u2013 Talking Heads zur Diversit\u00e4t<\/title>\n<meta name=\"robots\" content=\"index, follow, max-snippet:-1, max-image-preview:large, max-video-preview:-1\" \/>\n<link rel=\"canonical\" href=\"https:\/\/www.memo-media.de\/blog\/diversitaet\/\" \/>\n<meta property=\"og:locale\" content=\"de_DE\" \/>\n<meta property=\"og:type\" content=\"article\" \/>\n<meta property=\"og:title\" content=\"Es lebe die Vielfalt \u2013 Talking Heads zur Diversit\u00e4t\" \/>\n<meta property=\"og:description\" content=\"Britta Frielingsdorf arbeitet als Beauftragte f\u00fcr Gleichstellung im WDR f\u00fcr Geschlechtergerechtigkeit und Diversity im Personalbereich. Van Bo Le-Mentzel ist Mitbegr\u00fcnder...\" \/>\n<meta property=\"og:url\" content=\"https:\/\/www.memo-media.de\/blog\/diversitaet\/\" \/>\n<meta property=\"og:site_name\" content=\"memo-media Blog f\u00fcr die Eventplanung\" \/>\n<meta property=\"article:author\" content=\"https:\/\/www.facebook.com\/theartcore\" \/>\n<meta property=\"article:published_time\" content=\"2022-04-26T12:00:09+00:00\" \/>\n<meta property=\"article:modified_time\" content=\"2025-01-12T21:36:23+00:00\" \/>\n<meta property=\"og:image\" content=\"https:\/\/www.memo-media.de\/blog\/wp-content\/uploads\/2022\/04\/talkingheads_titel.jpg\" \/>\n\t<meta property=\"og:image:width\" content=\"1050\" \/>\n\t<meta property=\"og:image:height\" content=\"804\" \/>\n\t<meta property=\"og:image:type\" content=\"image\/jpeg\" \/>\n<meta name=\"author\" content=\"Andreas Sch\u00e4fer\" \/>\n<meta name=\"twitter:label1\" content=\"Verfasst von\" \/>\n\t<meta name=\"twitter:data1\" content=\"Andreas Sch\u00e4fer\" \/>\n\t<meta name=\"twitter:label2\" content=\"Gesch\u00e4tzte Lesezeit\" \/>\n\t<meta name=\"twitter:data2\" content=\"9\u00a0Minuten\" \/>\n<script type=\"application\/ld+json\" class=\"yoast-schema-graph\">{\"@context\":\"https:\/\/schema.org\",\"@graph\":[{\"@type\":\"WebPage\",\"@id\":\"https:\/\/www.memo-media.de\/blog\/diversitaet\/\",\"url\":\"https:\/\/www.memo-media.de\/blog\/diversitaet\/\",\"name\":\"Es lebe die Vielfalt \u2013 Talking Heads zur Diversit\u00e4t\",\"isPartOf\":{\"@id\":\"https:\/\/www.memo-media.de\/blog\/#website\"},\"datePublished\":\"2022-04-26T12:00:09+00:00\",\"dateModified\":\"2025-01-12T21:36:23+00:00\",\"author\":{\"@id\":\"https:\/\/www.memo-media.de\/blog\/#\/schema\/person\/47b954ab670be9899b70793ff6260866\"},\"breadcrumb\":{\"@id\":\"https:\/\/www.memo-media.de\/blog\/diversitaet\/#breadcrumb\"},\"inLanguage\":\"de\",\"potentialAction\":[{\"@type\":\"ReadAction\",\"target\":[\"https:\/\/www.memo-media.de\/blog\/diversitaet\/\"]}]},{\"@type\":\"BreadcrumbList\",\"@id\":\"https:\/\/www.memo-media.de\/blog\/diversitaet\/#breadcrumb\",\"itemListElement\":[{\"@type\":\"ListItem\",\"position\":1,\"name\":\"Home\",\"item\":\"https:\/\/www.memo-media.de\/blog\/\"},{\"@type\":\"ListItem\",\"position\":2,\"name\":\"Es lebe die Vielfalt \u2013 Talking Heads zur Diversit\u00e4t\"}]},{\"@type\":\"WebSite\",\"@id\":\"https:\/\/www.memo-media.de\/blog\/#website\",\"url\":\"https:\/\/www.memo-media.de\/blog\/\",\"name\":\"memo-media Blog f\u00fcr die Eventplanung\",\"description\":\"News und Facts aus der Eventbranche f\u00fcr die Eventbranche\",\"potentialAction\":[{\"@type\":\"SearchAction\",\"target\":{\"@type\":\"EntryPoint\",\"urlTemplate\":\"https:\/\/www.memo-media.de\/blog\/?s={search_term_string}\"},\"query-input\":\"required name=search_term_string\"}],\"inLanguage\":\"de\"},{\"@type\":\"Person\",\"@id\":\"https:\/\/www.memo-media.de\/blog\/#\/schema\/person\/47b954ab670be9899b70793ff6260866\",\"name\":\"Andreas Sch\u00e4fer\",\"image\":{\"@type\":\"ImageObject\",\"inLanguage\":\"de\",\"@id\":\"https:\/\/www.memo-media.de\/blog\/#\/schema\/person\/image\/\",\"url\":\"https:\/\/www.memo-media.de\/blog\/wp-content\/uploads\/2014\/04\/andreas-schaefer-c-martin-fago-150x150.jpg\",\"contentUrl\":\"https:\/\/www.memo-media.de\/blog\/wp-content\/uploads\/2014\/04\/andreas-schaefer-c-martin-fago-150x150.jpg\",\"caption\":\"Andreas Sch\u00e4fer\"},\"description\":\"Andreas Sch\u00e4fer besuchte die Master Class von Robert Lewis am Europ\u00e4ischen Schauspielerinstitut. Seit 1990 Regie und Leitung bei internationalen Theater- und Kunstevents auf der EXPO2000, f\u00fcr die Fraunhofer Gesellschaft, Initiativkreis Ruhrgebiet, Else-Lasker-Sch\u00fcler-Gesellschaft, Friedrich-Ebert-Stiftung u.a. 2014 European Best Event Award in Silber f\u00fcr einen Kunstevent im Europaparlament f\u00fcr die Stiftung EFCNI. Transitraum Else, internationales literarisches Projekt der Else-Lasker-Sch\u00fcler-Gesellschaft und Astronautenkost in Kooperation mit diversen Goethe-Instituten und der Villa Aurora u.a. mit Inger Nilsson, Lainie Kazan und John Nettles u.a. in Stockholm, New York, London und weiterer Beteiligung von 65 internationalen K\u00fcnstler*innen. F\u00f6rderpreis Digitale Dramaturgie Kultursekretariat NRW 2020. Seit 2009 ist er zweiter Chefredakteur der showcases im memo-media-Verlag.\",\"sameAs\":[\"http:\/\/www.andreas-schaefer.eu\",\"https:\/\/www.facebook.com\/theartcore\"],\"url\":\"https:\/\/www.memo-media.de\/blog\/author\/andreas-schaefer\/\"}]}<\/script>\n<!-- \/ Yoast SEO Premium plugin. -->","yoast_head_json":{"title":"Es lebe die Vielfalt \u2013 Talking Heads zur Diversit\u00e4t","robots":{"index":"index","follow":"follow","max-snippet":"max-snippet:-1","max-image-preview":"max-image-preview:large","max-video-preview":"max-video-preview:-1"},"canonical":"https:\/\/www.memo-media.de\/blog\/diversitaet\/","og_locale":"de_DE","og_type":"article","og_title":"Es lebe die Vielfalt \u2013 Talking Heads zur Diversit\u00e4t","og_description":"Britta Frielingsdorf arbeitet als Beauftragte f\u00fcr Gleichstellung im WDR f\u00fcr Geschlechtergerechtigkeit und Diversity im Personalbereich. Van Bo Le-Mentzel ist Mitbegr\u00fcnder...","og_url":"https:\/\/www.memo-media.de\/blog\/diversitaet\/","og_site_name":"memo-media Blog f\u00fcr die Eventplanung","article_author":"https:\/\/www.facebook.com\/theartcore","article_published_time":"2022-04-26T12:00:09+00:00","article_modified_time":"2025-01-12T21:36:23+00:00","og_image":[{"width":1050,"height":804,"url":"https:\/\/www.memo-media.de\/blog\/wp-content\/uploads\/2022\/04\/talkingheads_titel.jpg","type":"image\/jpeg"}],"author":"Andreas Sch\u00e4fer","twitter_misc":{"Verfasst von":"Andreas Sch\u00e4fer","Gesch\u00e4tzte Lesezeit":"9\u00a0Minuten"},"schema":{"@context":"https:\/\/schema.org","@graph":[{"@type":"WebPage","@id":"https:\/\/www.memo-media.de\/blog\/diversitaet\/","url":"https:\/\/www.memo-media.de\/blog\/diversitaet\/","name":"Es lebe die Vielfalt \u2013 Talking Heads zur Diversit\u00e4t","isPartOf":{"@id":"https:\/\/www.memo-media.de\/blog\/#website"},"datePublished":"2022-04-26T12:00:09+00:00","dateModified":"2025-01-12T21:36:23+00:00","author":{"@id":"https:\/\/www.memo-media.de\/blog\/#\/schema\/person\/47b954ab670be9899b70793ff6260866"},"breadcrumb":{"@id":"https:\/\/www.memo-media.de\/blog\/diversitaet\/#breadcrumb"},"inLanguage":"de","potentialAction":[{"@type":"ReadAction","target":["https:\/\/www.memo-media.de\/blog\/diversitaet\/"]}]},{"@type":"BreadcrumbList","@id":"https:\/\/www.memo-media.de\/blog\/diversitaet\/#breadcrumb","itemListElement":[{"@type":"ListItem","position":1,"name":"Home","item":"https:\/\/www.memo-media.de\/blog\/"},{"@type":"ListItem","position":2,"name":"Es lebe die Vielfalt \u2013 Talking Heads zur Diversit\u00e4t"}]},{"@type":"WebSite","@id":"https:\/\/www.memo-media.de\/blog\/#website","url":"https:\/\/www.memo-media.de\/blog\/","name":"memo-media Blog f\u00fcr die Eventplanung","description":"News und Facts aus der Eventbranche f\u00fcr die Eventbranche","potentialAction":[{"@type":"SearchAction","target":{"@type":"EntryPoint","urlTemplate":"https:\/\/www.memo-media.de\/blog\/?s={search_term_string}"},"query-input":"required name=search_term_string"}],"inLanguage":"de"},{"@type":"Person","@id":"https:\/\/www.memo-media.de\/blog\/#\/schema\/person\/47b954ab670be9899b70793ff6260866","name":"Andreas Sch\u00e4fer","image":{"@type":"ImageObject","inLanguage":"de","@id":"https:\/\/www.memo-media.de\/blog\/#\/schema\/person\/image\/","url":"https:\/\/www.memo-media.de\/blog\/wp-content\/uploads\/2014\/04\/andreas-schaefer-c-martin-fago-150x150.jpg","contentUrl":"https:\/\/www.memo-media.de\/blog\/wp-content\/uploads\/2014\/04\/andreas-schaefer-c-martin-fago-150x150.jpg","caption":"Andreas Sch\u00e4fer"},"description":"Andreas Sch\u00e4fer besuchte die Master Class von Robert Lewis am Europ\u00e4ischen Schauspielerinstitut. Seit 1990 Regie und Leitung bei internationalen Theater- und Kunstevents auf der EXPO2000, f\u00fcr die Fraunhofer Gesellschaft, Initiativkreis Ruhrgebiet, Else-Lasker-Sch\u00fcler-Gesellschaft, Friedrich-Ebert-Stiftung u.a. 2014 European Best Event Award in Silber f\u00fcr einen Kunstevent im Europaparlament f\u00fcr die Stiftung EFCNI. Transitraum Else, internationales literarisches Projekt der Else-Lasker-Sch\u00fcler-Gesellschaft und Astronautenkost in Kooperation mit diversen Goethe-Instituten und der Villa Aurora u.a. mit Inger Nilsson, Lainie Kazan und John Nettles u.a. in Stockholm, New York, London und weiterer Beteiligung von 65 internationalen K\u00fcnstler*innen. F\u00f6rderpreis Digitale Dramaturgie Kultursekretariat NRW 2020. Seit 2009 ist er zweiter Chefredakteur der showcases im memo-media-Verlag.","sameAs":["http:\/\/www.andreas-schaefer.eu","https:\/\/www.facebook.com\/theartcore"],"url":"https:\/\/www.memo-media.de\/blog\/author\/andreas-schaefer\/"}]}},"_links":{"self":[{"href":"https:\/\/www.memo-media.de\/blog\/wp-json\/wp\/v2\/posts\/14650"}],"collection":[{"href":"https:\/\/www.memo-media.de\/blog\/wp-json\/wp\/v2\/posts"}],"about":[{"href":"https:\/\/www.memo-media.de\/blog\/wp-json\/wp\/v2\/types\/post"}],"author":[{"embeddable":true,"href":"https:\/\/www.memo-media.de\/blog\/wp-json\/wp\/v2\/users\/4"}],"replies":[{"embeddable":true,"href":"https:\/\/www.memo-media.de\/blog\/wp-json\/wp\/v2\/comments?post=14650"}],"version-history":[{"count":5,"href":"https:\/\/www.memo-media.de\/blog\/wp-json\/wp\/v2\/posts\/14650\/revisions"}],"predecessor-version":[{"id":17948,"href":"https:\/\/www.memo-media.de\/blog\/wp-json\/wp\/v2\/posts\/14650\/revisions\/17948"}],"wp:featuredmedia":[{"embeddable":true,"href":"https:\/\/www.memo-media.de\/blog\/wp-json\/wp\/v2\/media\/14662"}],"wp:attachment":[{"href":"https:\/\/www.memo-media.de\/blog\/wp-json\/wp\/v2\/media?parent=14650"}],"wp:term":[{"taxonomy":"category","embeddable":true,"href":"https:\/\/www.memo-media.de\/blog\/wp-json\/wp\/v2\/categories?post=14650"},{"taxonomy":"post_tag","embeddable":true,"href":"https:\/\/www.memo-media.de\/blog\/wp-json\/wp\/v2\/tags?post=14650"}],"curies":[{"name":"wp","href":"https:\/\/api.w.org\/{rel}","templated":true}]}}