{"id":14646,"date":"2022-05-03T14:00:26","date_gmt":"2022-05-03T12:00:26","guid":{"rendered":"https:\/\/www.memo-media.de\/blog\/?p=14646"},"modified":"2022-04-12T14:02:18","modified_gmt":"2022-04-12T12:02:18","slug":"dirk-denzer","status":"publish","type":"post","link":"https:\/\/www.memo-media.de\/blog\/dirk-denzer\/","title":{"rendered":"Rhythm is a Denzer \u2013 Ein Portrait \u00fcber Dirk Denzer"},"content":{"rendered":"<p>Als die meisten jungen Menschen auf den Dancefloors zu SNAPS Hits stampften, begann [memo_eintrag kundennummer=123403]Dirk Denzer[\/memo_eintrag], Shows zu produzieren. Als 17-, 18-, 19-J\u00e4hriger hatte er bereits die ersten Auftritte als Liedermacher und Songwriter.<\/p>\n<p>Gepr\u00e4gt hatten ihn Bob Dylan und Cat Stevens. Das Gitarrenspiel hat er sich autodidaktisch beigebracht. Seine Songs handelten von dem friedvollen Miteinander, von intakter Natur, von Umweltschutz, aber nat\u00fcrlich auch von der Liebe und der Entt\u00e4uschung, die sie bringt. Waren es zu Anfang um die 30 Auftritte im Jahr bei kleineren Veranstaltungen, wurden es als Profi dann 80, 100, 120, 140 Auftritte pro Jahr. Durch eine Erzieher-Ausbildung kam dann das Clown-Spielen hinzu. Vorbilder waren dabei der gro\u00dfe Grock, aber auch neuere [memo_kategorie id=1415]Clowns[\/memo_kategorie] wie David Shiner oder Jango Edwards, mit dem er dann sogar einmal gemeinsam auf der B\u00fchne stand.<\/p>\n<p>In 1990 kam ein namhaftes M\u00f6belhaus aus seiner Region im Unterfr\u00e4nkischen auf ihn zu und bat ihn, ein Sommerferienprogramm mit verschiedenen Kinder- und Familienk\u00fcnstlern zu veranstalten. Und dann ging alles ganz schnell. Denn es folgten die \u00bbN\u00fcrnberger Nachrichten\u00ab und wollten ein komplettes k\u00fcnstlerisches [memo_kategorie id=3006]Rahmenprogramm[\/memo_kategorie] f\u00fcr ihr Altstadtfest. Und die Kasseler Verkehrsbetriebe wollten ein Familien-Happening.<\/p>\n<div id=\"attachment_14672\" style=\"width: 210px\" class=\"wp-caption alignright\"><a href=\"https:\/\/www.memo-media.de\/blog\/wp-content\/uploads\/2022\/04\/dirk-denzer-5-ball-jonglage-fotograf-roger-richter-custom.jpg\"><img aria-describedby=\"caption-attachment-14672\" decoding=\"async\" loading=\"lazy\" class=\"wp-image-14672 size-medium\" src=\"https:\/\/www.memo-media.de\/blog\/wp-content\/uploads\/2022\/04\/dirk-denzer-5-ball-jonglage-fotograf-roger-richter-custom-200x300.jpg\" alt=\"Dirk Denzer hat klein angefangen und gro\u00df weitergemacht\" width=\"200\" height=\"300\" srcset=\"https:\/\/www.memo-media.de\/blog\/wp-content\/uploads\/2022\/04\/dirk-denzer-5-ball-jonglage-fotograf-roger-richter-custom-200x300.jpg 200w, https:\/\/www.memo-media.de\/blog\/wp-content\/uploads\/2022\/04\/dirk-denzer-5-ball-jonglage-fotograf-roger-richter-custom-335x502.jpg 335w, https:\/\/www.memo-media.de\/blog\/wp-content\/uploads\/2022\/04\/dirk-denzer-5-ball-jonglage-fotograf-roger-richter-custom.jpg 667w\" sizes=\"(max-width: 200px) 100vw, 200px\" \/><\/a><p id=\"caption-attachment-14672\" class=\"wp-caption-text\">Dirk Denzer hat klein angefangen und gro\u00df weitergemacht<\/p><\/div>\n<p>Die erste vollst\u00e4ndige Variet\u00e9-Show \u00bbTraumwerk\u00ab folgte 1996 in der N\u00e4he von N\u00fcrnberg. Mit dieser Show hat Dirk Denzer versucht, das Variet\u00e9 neu zu definieren, also weg vom roten Vorhang, Pl\u00fcschimage, hin zu was Modernem \u2013 hin zur Industriekulisse. Dirk Denzer hatte bereits einen Namen als Singersongwriter, Jongleur und Clown. Jetzt machte er sich einen neuen Namen als internationaler Festivalmacher und Showregisseur und Cr\u00e9ateur. Das gipfelt seit vielen Jahren im Internationalen Variet\u00e9-Festival in Mainfranken mit rund 15.000 Besuchenden an elf Veranstaltungstagen im gro\u00dfen Viermastzelt. Das Festival wurde ein Dauererfolg und nur durch Corona gestoppt.<\/p>\n<p>Durch die letzten zwei Jahre brachten ihn ein paar Staatshilfen, aber vor allem treue Kund:innen. Dirk Denzer ist durch all seine Erfolge n\u00e4mlich auch bei [memo_kategorie id=1615]Firmenevents[\/memo_kategorie] gefragt. Er ist dankbar, nach wie vor als Kreativer arbeiten zu d\u00fcrfen, und durch das Instrument \u00bbKurzarbeit\u00ab war es ihm m\u00f6glich, seine Firma Dirk Denzer Performing Arts ohne Verluste von Mitarbeiter:innen fortzuf\u00fchren.<\/p>\n<p>Und neue Pl\u00e4ne hat er auch. Die internationale Variet\u00e9-Showproduktion \u00bbDirk Denzers Spirit Dreams\u00ab, in der er seine eigenen spirituellen Wege im Bereich von Meditation und Yoga auf die B\u00fchne bringt, geht weiter. Eine Produktion mit einer [memo_kategorie id=1794]Liveband[\/memo_kategorie], in der er selber spielt, und herausragenden internationalen Performance- und Variet\u00e9-K\u00fcnstler:innen, die in dieses meditative, spirituelle Thema passen. Die Urauff\u00fchrung fand beim Internationalen Variet\u00e9-Festival im Jahr 2018 vor zweieinhalbtausend Besuchenden und mit allabendlichen Standing Ovations statt. Die Corona-Pause hat er genutzt, viel neue Musik f\u00fcr dieses Projekt zu schreiben und das Programm auch multimedial weiterzuentwickeln.<\/p>\n<p>Dirk Denzer ist dankbar, sieht sich aber auch als Realisten. Die Veranstaltungsbranche sieht er vor gro\u00dfen Herausforderungen. Aber es wird auch immer Chancen geben, Menschen zu inspirieren und zu Erlebnissen zu bewegen. Die Idee von John Lennon in dem Song \u00bbImagine\u00ab von einer friedvolleren und r\u00fccksichtsvolleren, wachsameren Welt sieht er noch als m\u00f6glich an: \u00bbAber es braucht noch viel Bewusstseinsarbeit und geistige Entwicklung vom gesamten Menschheitskollektiv, um diese Vision wahr werden zu lassen!\u00ab<\/p>\n","protected":false},"excerpt":{"rendered":"<p>Als die meisten jungen Menschen auf den Dancefloors zu SNAPS Hits stampften, begann [memo_eintrag kundennummer=123403]Dirk Denzer[\/memo_eintrag], Shows zu produzieren. Als&#8230;<\/p>\n","protected":false},"author":4,"featured_media":14654,"comment_status":"closed","ping_status":"open","sticky":false,"template":"","format":"standard","meta":[],"categories":[12,9],"tags":[2709,150,1880,121,26,1159,2711],"yoast_head":"<!-- This site is optimized with the Yoast SEO Premium plugin v20.5 (Yoast SEO v20.5) - https:\/\/yoast.com\/wordpress\/plugins\/seo\/ -->\n<title>Rhythm is a Denzer \u2013 Ein Portrait \u00fcber Dirk Denzer<\/title>\n<meta name=\"description\" content=\"Die showcases-Ausgabe &quot;Showproduktionen&quot; stellt im Portrait den K\u00fcnstler und Showregisseur Dirk Denzer vor.\" \/>\n<meta name=\"robots\" content=\"index, follow, max-snippet:-1, max-image-preview:large, max-video-preview:-1\" \/>\n<link rel=\"canonical\" href=\"https:\/\/www.memo-media.de\/blog\/dirk-denzer\/\" \/>\n<meta property=\"og:locale\" content=\"de_DE\" \/>\n<meta property=\"og:type\" content=\"article\" \/>\n<meta property=\"og:title\" content=\"Rhythm is a Denzer \u2013 Ein Portrait \u00fcber Dirk Denzer\" \/>\n<meta property=\"og:description\" content=\"Die showcases-Ausgabe &quot;Showproduktionen&quot; stellt im Portrait den K\u00fcnstler und Showregisseur Dirk Denzer vor.\" \/>\n<meta property=\"og:url\" content=\"https:\/\/www.memo-media.de\/blog\/dirk-denzer\/\" \/>\n<meta property=\"og:site_name\" content=\"memo-media Blog f\u00fcr die Eventplanung\" \/>\n<meta property=\"article:author\" content=\"https:\/\/www.facebook.com\/theartcore\" \/>\n<meta property=\"article:published_time\" content=\"2022-05-03T12:00:26+00:00\" \/>\n<meta property=\"article:modified_time\" content=\"2022-04-12T12:02:18+00:00\" \/>\n<meta property=\"og:image\" content=\"https:\/\/www.memo-media.de\/blog\/wp-content\/uploads\/2022\/04\/dirkdenzer_titel.jpg\" \/>\n\t<meta property=\"og:image:width\" content=\"1050\" \/>\n\t<meta property=\"og:image:height\" content=\"804\" \/>\n\t<meta property=\"og:image:type\" content=\"image\/jpeg\" \/>\n<meta name=\"author\" content=\"Andreas Sch\u00e4fer\" \/>\n<meta name=\"twitter:label1\" content=\"Verfasst von\" \/>\n\t<meta name=\"twitter:data1\" content=\"Andreas Sch\u00e4fer\" \/>\n\t<meta name=\"twitter:label2\" content=\"Gesch\u00e4tzte Lesezeit\" \/>\n\t<meta name=\"twitter:data2\" content=\"3\u00a0Minuten\" \/>\n<script type=\"application\/ld+json\" class=\"yoast-schema-graph\">{\"@context\":\"https:\/\/schema.org\",\"@graph\":[{\"@type\":\"WebPage\",\"@id\":\"https:\/\/www.memo-media.de\/blog\/dirk-denzer\/\",\"url\":\"https:\/\/www.memo-media.de\/blog\/dirk-denzer\/\",\"name\":\"Rhythm is a Denzer \u2013 Ein Portrait \u00fcber Dirk Denzer\",\"isPartOf\":{\"@id\":\"https:\/\/www.memo-media.de\/blog\/#website\"},\"datePublished\":\"2022-05-03T12:00:26+00:00\",\"dateModified\":\"2022-04-12T12:02:18+00:00\",\"author\":{\"@id\":\"https:\/\/www.memo-media.de\/blog\/#\/schema\/person\/47b954ab670be9899b70793ff6260866\"},\"description\":\"Die showcases-Ausgabe \\\"Showproduktionen\\\" stellt im Portrait den K\u00fcnstler und Showregisseur Dirk Denzer vor.\",\"breadcrumb\":{\"@id\":\"https:\/\/www.memo-media.de\/blog\/dirk-denzer\/#breadcrumb\"},\"inLanguage\":\"de\",\"potentialAction\":[{\"@type\":\"ReadAction\",\"target\":[\"https:\/\/www.memo-media.de\/blog\/dirk-denzer\/\"]}]},{\"@type\":\"BreadcrumbList\",\"@id\":\"https:\/\/www.memo-media.de\/blog\/dirk-denzer\/#breadcrumb\",\"itemListElement\":[{\"@type\":\"ListItem\",\"position\":1,\"name\":\"Home\",\"item\":\"https:\/\/www.memo-media.de\/blog\/\"},{\"@type\":\"ListItem\",\"position\":2,\"name\":\"Rhythm is a Denzer \u2013 Ein Portrait \u00fcber Dirk Denzer\"}]},{\"@type\":\"WebSite\",\"@id\":\"https:\/\/www.memo-media.de\/blog\/#website\",\"url\":\"https:\/\/www.memo-media.de\/blog\/\",\"name\":\"memo-media Blog f\u00fcr die Eventplanung\",\"description\":\"News und Facts aus der Eventbranche f\u00fcr die Eventbranche\",\"potentialAction\":[{\"@type\":\"SearchAction\",\"target\":{\"@type\":\"EntryPoint\",\"urlTemplate\":\"https:\/\/www.memo-media.de\/blog\/?s={search_term_string}\"},\"query-input\":\"required name=search_term_string\"}],\"inLanguage\":\"de\"},{\"@type\":\"Person\",\"@id\":\"https:\/\/www.memo-media.de\/blog\/#\/schema\/person\/47b954ab670be9899b70793ff6260866\",\"name\":\"Andreas Sch\u00e4fer\",\"image\":{\"@type\":\"ImageObject\",\"inLanguage\":\"de\",\"@id\":\"https:\/\/www.memo-media.de\/blog\/#\/schema\/person\/image\/\",\"url\":\"https:\/\/www.memo-media.de\/blog\/wp-content\/uploads\/2014\/04\/andreas-schaefer-c-martin-fago-150x150.jpg\",\"contentUrl\":\"https:\/\/www.memo-media.de\/blog\/wp-content\/uploads\/2014\/04\/andreas-schaefer-c-martin-fago-150x150.jpg\",\"caption\":\"Andreas Sch\u00e4fer\"},\"description\":\"Andreas Sch\u00e4fer besuchte die Master Class von Robert Lewis am Europ\u00e4ischen Schauspielerinstitut. Seit 1990 Regie und Leitung bei internationalen Theater- und Kunstevents auf der EXPO2000, f\u00fcr die Fraunhofer Gesellschaft, Initiativkreis Ruhrgebiet, Else-Lasker-Sch\u00fcler-Gesellschaft, Friedrich-Ebert-Stiftung u.a. 2014 European Best Event Award in Silber f\u00fcr einen Kunstevent im Europaparlament f\u00fcr die Stiftung EFCNI. Transitraum Else, internationales literarisches Projekt der Else-Lasker-Sch\u00fcler-Gesellschaft und Astronautenkost in Kooperation mit diversen Goethe-Instituten und der Villa Aurora u.a. mit Inger Nilsson, Lainie Kazan und John Nettles u.a. in Stockholm, New York, London und weiterer Beteiligung von 65 internationalen K\u00fcnstler*innen. F\u00f6rderpreis Digitale Dramaturgie Kultursekretariat NRW 2020. Seit 2009 ist er zweiter Chefredakteur der showcases im memo-media-Verlag.\",\"sameAs\":[\"http:\/\/www.andreas-schaefer.eu\",\"https:\/\/www.facebook.com\/theartcore\"],\"url\":\"https:\/\/www.memo-media.de\/blog\/author\/andreas-schaefer\/\"}]}<\/script>\n<!-- \/ Yoast SEO Premium plugin. -->","yoast_head_json":{"title":"Rhythm is a Denzer \u2013 Ein Portrait \u00fcber Dirk Denzer","description":"Die showcases-Ausgabe \"Showproduktionen\" stellt im Portrait den K\u00fcnstler und Showregisseur Dirk Denzer vor.","robots":{"index":"index","follow":"follow","max-snippet":"max-snippet:-1","max-image-preview":"max-image-preview:large","max-video-preview":"max-video-preview:-1"},"canonical":"https:\/\/www.memo-media.de\/blog\/dirk-denzer\/","og_locale":"de_DE","og_type":"article","og_title":"Rhythm is a Denzer \u2013 Ein Portrait \u00fcber Dirk Denzer","og_description":"Die showcases-Ausgabe \"Showproduktionen\" stellt im Portrait den K\u00fcnstler und Showregisseur Dirk Denzer vor.","og_url":"https:\/\/www.memo-media.de\/blog\/dirk-denzer\/","og_site_name":"memo-media Blog f\u00fcr die Eventplanung","article_author":"https:\/\/www.facebook.com\/theartcore","article_published_time":"2022-05-03T12:00:26+00:00","article_modified_time":"2022-04-12T12:02:18+00:00","og_image":[{"width":1050,"height":804,"url":"https:\/\/www.memo-media.de\/blog\/wp-content\/uploads\/2022\/04\/dirkdenzer_titel.jpg","type":"image\/jpeg"}],"author":"Andreas Sch\u00e4fer","twitter_misc":{"Verfasst von":"Andreas Sch\u00e4fer","Gesch\u00e4tzte Lesezeit":"3\u00a0Minuten"},"schema":{"@context":"https:\/\/schema.org","@graph":[{"@type":"WebPage","@id":"https:\/\/www.memo-media.de\/blog\/dirk-denzer\/","url":"https:\/\/www.memo-media.de\/blog\/dirk-denzer\/","name":"Rhythm is a Denzer \u2013 Ein Portrait \u00fcber Dirk Denzer","isPartOf":{"@id":"https:\/\/www.memo-media.de\/blog\/#website"},"datePublished":"2022-05-03T12:00:26+00:00","dateModified":"2022-04-12T12:02:18+00:00","author":{"@id":"https:\/\/www.memo-media.de\/blog\/#\/schema\/person\/47b954ab670be9899b70793ff6260866"},"description":"Die showcases-Ausgabe \"Showproduktionen\" stellt im Portrait den K\u00fcnstler und Showregisseur Dirk Denzer vor.","breadcrumb":{"@id":"https:\/\/www.memo-media.de\/blog\/dirk-denzer\/#breadcrumb"},"inLanguage":"de","potentialAction":[{"@type":"ReadAction","target":["https:\/\/www.memo-media.de\/blog\/dirk-denzer\/"]}]},{"@type":"BreadcrumbList","@id":"https:\/\/www.memo-media.de\/blog\/dirk-denzer\/#breadcrumb","itemListElement":[{"@type":"ListItem","position":1,"name":"Home","item":"https:\/\/www.memo-media.de\/blog\/"},{"@type":"ListItem","position":2,"name":"Rhythm is a Denzer \u2013 Ein Portrait \u00fcber Dirk Denzer"}]},{"@type":"WebSite","@id":"https:\/\/www.memo-media.de\/blog\/#website","url":"https:\/\/www.memo-media.de\/blog\/","name":"memo-media Blog f\u00fcr die Eventplanung","description":"News und Facts aus der Eventbranche f\u00fcr die Eventbranche","potentialAction":[{"@type":"SearchAction","target":{"@type":"EntryPoint","urlTemplate":"https:\/\/www.memo-media.de\/blog\/?s={search_term_string}"},"query-input":"required name=search_term_string"}],"inLanguage":"de"},{"@type":"Person","@id":"https:\/\/www.memo-media.de\/blog\/#\/schema\/person\/47b954ab670be9899b70793ff6260866","name":"Andreas Sch\u00e4fer","image":{"@type":"ImageObject","inLanguage":"de","@id":"https:\/\/www.memo-media.de\/blog\/#\/schema\/person\/image\/","url":"https:\/\/www.memo-media.de\/blog\/wp-content\/uploads\/2014\/04\/andreas-schaefer-c-martin-fago-150x150.jpg","contentUrl":"https:\/\/www.memo-media.de\/blog\/wp-content\/uploads\/2014\/04\/andreas-schaefer-c-martin-fago-150x150.jpg","caption":"Andreas Sch\u00e4fer"},"description":"Andreas Sch\u00e4fer besuchte die Master Class von Robert Lewis am Europ\u00e4ischen Schauspielerinstitut. Seit 1990 Regie und Leitung bei internationalen Theater- und Kunstevents auf der EXPO2000, f\u00fcr die Fraunhofer Gesellschaft, Initiativkreis Ruhrgebiet, Else-Lasker-Sch\u00fcler-Gesellschaft, Friedrich-Ebert-Stiftung u.a. 2014 European Best Event Award in Silber f\u00fcr einen Kunstevent im Europaparlament f\u00fcr die Stiftung EFCNI. Transitraum Else, internationales literarisches Projekt der Else-Lasker-Sch\u00fcler-Gesellschaft und Astronautenkost in Kooperation mit diversen Goethe-Instituten und der Villa Aurora u.a. mit Inger Nilsson, Lainie Kazan und John Nettles u.a. in Stockholm, New York, London und weiterer Beteiligung von 65 internationalen K\u00fcnstler*innen. F\u00f6rderpreis Digitale Dramaturgie Kultursekretariat NRW 2020. Seit 2009 ist er zweiter Chefredakteur der showcases im memo-media-Verlag.","sameAs":["http:\/\/www.andreas-schaefer.eu","https:\/\/www.facebook.com\/theartcore"],"url":"https:\/\/www.memo-media.de\/blog\/author\/andreas-schaefer\/"}]}},"_links":{"self":[{"href":"https:\/\/www.memo-media.de\/blog\/wp-json\/wp\/v2\/posts\/14646"}],"collection":[{"href":"https:\/\/www.memo-media.de\/blog\/wp-json\/wp\/v2\/posts"}],"about":[{"href":"https:\/\/www.memo-media.de\/blog\/wp-json\/wp\/v2\/types\/post"}],"author":[{"embeddable":true,"href":"https:\/\/www.memo-media.de\/blog\/wp-json\/wp\/v2\/users\/4"}],"replies":[{"embeddable":true,"href":"https:\/\/www.memo-media.de\/blog\/wp-json\/wp\/v2\/comments?post=14646"}],"version-history":[{"count":3,"href":"https:\/\/www.memo-media.de\/blog\/wp-json\/wp\/v2\/posts\/14646\/revisions"}],"predecessor-version":[{"id":14674,"href":"https:\/\/www.memo-media.de\/blog\/wp-json\/wp\/v2\/posts\/14646\/revisions\/14674"}],"wp:featuredmedia":[{"embeddable":true,"href":"https:\/\/www.memo-media.de\/blog\/wp-json\/wp\/v2\/media\/14654"}],"wp:attachment":[{"href":"https:\/\/www.memo-media.de\/blog\/wp-json\/wp\/v2\/media?parent=14646"}],"wp:term":[{"taxonomy":"category","embeddable":true,"href":"https:\/\/www.memo-media.de\/blog\/wp-json\/wp\/v2\/categories?post=14646"},{"taxonomy":"post_tag","embeddable":true,"href":"https:\/\/www.memo-media.de\/blog\/wp-json\/wp\/v2\/tags?post=14646"}],"curies":[{"name":"wp","href":"https:\/\/api.w.org\/{rel}","templated":true}]}}