{"id":14464,"date":"2022-02-18T12:00:18","date_gmt":"2022-02-18T10:00:18","guid":{"rendered":"https:\/\/www.memo-media.de\/blog\/?p=14464"},"modified":"2023-05-31T09:41:27","modified_gmt":"2023-05-31T07:41:27","slug":"eventausstattung-die-branche-steht-still-event-rent-nicht","status":"publish","type":"post","link":"https:\/\/www.memo-media.de\/blog\/eventausstattung-die-branche-steht-still-event-rent-nicht\/","title":{"rendered":"Eventausstattung: Die Branche steht still? Event Rent nicht!"},"content":{"rendered":"<p>Seit M\u00e4rz 2020 sind Events im gro\u00dfen Rahmen verboten. F\u00fcr Anbieter von Eventausstattung, die vor allem auch auf Gro\u00dfveranstaltungen setzen, hei\u00dft das: Das Hauptgesch\u00e4ft steht still \u2013 jetzt ist alle Kraft und Kreativit\u00e4t der Branche gefragt, um sich fit zu machen f\u00fcr die Zukunft. Das fordert die Branche extrem, doch es gibt auch eine gute Nachricht: Sie l\u00e4sst sich nicht unterkriegen. Auch bei <a href=\"https:\/\/www.eventrent.de\/\" target=\"_blank\" rel=\"noopener\">\u00a0Event Rent, internationaler Event- &amp; Messedienstleister<\/a>, der f\u00fcr kleine und gro\u00dfe Feiern alles verleiht, was man an Eventausstattung braucht, steckt niemand den Kopf in den Sand. Stattdessen hei\u00dft es: Alles auf Neustart!<\/p>\n<h3>Sortimentserweiterung und Digitalisierung<\/h3>\n<p><a href=\"https:\/\/www.memo-media.de\/blog\/wp-content\/uploads\/2022\/02\/banketttische-024.jpg\"><img decoding=\"async\" loading=\"lazy\" class=\"size-medium wp-image-14468 alignleft\" src=\"https:\/\/www.memo-media.de\/blog\/wp-content\/uploads\/2022\/02\/banketttische-024-300x200.jpg\" alt=\"\" width=\"300\" height=\"200\" srcset=\"https:\/\/www.memo-media.de\/blog\/wp-content\/uploads\/2022\/02\/banketttische-024-300x200.jpg 300w, https:\/\/www.memo-media.de\/blog\/wp-content\/uploads\/2022\/02\/banketttische-024-768x512.jpg 768w, https:\/\/www.memo-media.de\/blog\/wp-content\/uploads\/2022\/02\/banketttische-024-335x223.jpg 335w, https:\/\/www.memo-media.de\/blog\/wp-content\/uploads\/2022\/02\/banketttische-024.jpg 1000w\" sizes=\"(max-width: 300px) 100vw, 300px\" \/><\/a>Wir haben Jens Bungert, Mitglied der Gesch\u00e4ftsf\u00fchrung, im Zoom-Call gefragt, was das hei\u00dft \u2013 und woher der Optimismus kommt, in Zeiten, in denen Eventausstattung nicht gerade weggeht wie warme Semmeln. \u201eDie Situation ist f\u00fcr uns alle belastend. Wir haben uns vorgenommen, dass wir gest\u00e4rkt daraus hervorgehen m\u00f6chten und bereiten uns jetzt f\u00fcr den Neustart vor\u201c, so Jens Bungert. Das hei\u00dft konkret: Das Unternehmen setzt auf Sortimentserweiterung, Digitalisierung und den Nachwuchs. \u201eDas sind die wichtigen S\u00e4ulen, auf die es ankommt, um f\u00fcr die Zukunft ger\u00fcstet zu sein\u201c, so Jens Bungert.<\/p>\n<h3>Neue Eventausstattung und Mietm\u00f6bel<\/h3>\n<p>Sortimentserweiterung \u2013 das hei\u00dft, <a href=\"https:\/\/www.eventrent.de\/\" target=\"_blank\" rel=\"noopener\">die bestehende Produktpalette<\/a> sinnvoll um M\u00f6bel, K\u00fcchenequipment und Table Top-Zubeh\u00f6r zu erweitern, und auch im Bereich Mietm\u00f6bel hat man bei Event Rent deutlich investiert. \u201eSchon vor der Krise war das nat\u00fcrlich unser Hauptaugenmerk, aber jetzt sind wir verst\u00e4rkt immer auf der Suche nach innovativen Neuheiten und den aktuellsten Trends\u201c, so Jens Bungert. Damit meint er zum Beispiel die neue Serie \u201eComfort\u201c, die ihrem Namen bestimmt Ehre macht \u2013 uns konnte sie Jens Bungert leider nur digital vorf\u00fchren. Das sind zum Beispiel St\u00fchle und Barhocker in cooler Lederoptik oder mit flauschigem Samt, auf denen man sich gerne sofort niederlassen m\u00f6chte. Neu sind auch dazu passende Hightable- und Bankett-Tische mit massiver Tischplatte aus Holz. \u201eWer es auff\u00e4llig mag, kann die Comfort St\u00fchle oder Barhocker auch in verschiedenen Farben und Stoffen kombiniert einsetzen\u201c, erkl\u00e4rt Jens Bungert \u2013 \u00fcbrigens mein Favorit, denn durch die unterschiedlichen Farben wirken die St\u00fchle noch cooler als f\u00fcr sich allein. Bungert schmunzelt, als er das h\u00f6rt, denn ihm hat es vor allem die neue Stuhl-Serie Summer von Scab Design angetan: Ein italienischer Klassiker mit klaren und simplen Linien; ihn gibt es in schwarz und wei\u00df und sogar wetterbest\u00e4ndig f\u00fcr drau\u00dfen. \u201eIn Sachen M\u00f6beldesign setzen wir nach wie vor auf Altbew\u00e4hrtes, erweitern unser Sortiment aber auch um angesagte Trends wie Vintage-Optik und Retro Stil\u201c, so der Experte. Das hei\u00dft, Thementheken, Loungeartikel, St\u00fchle und Barhocker gibt es nun auch in diesen Styles.<\/p>\n<h3>Nachwuchsf\u00f6rderung<\/h3>\n<p><a href=\"https:\/\/www.memo-media.de\/blog\/wp-content\/uploads\/2022\/02\/grossveranstaltungen-006.jpg\"><img decoding=\"async\" loading=\"lazy\" class=\"size-medium wp-image-14469 alignright\" src=\"https:\/\/www.memo-media.de\/blog\/wp-content\/uploads\/2022\/02\/grossveranstaltungen-006-300x200.jpg\" alt=\"\" width=\"300\" height=\"200\" srcset=\"https:\/\/www.memo-media.de\/blog\/wp-content\/uploads\/2022\/02\/grossveranstaltungen-006-300x200.jpg 300w, https:\/\/www.memo-media.de\/blog\/wp-content\/uploads\/2022\/02\/grossveranstaltungen-006-768x512.jpg 768w, https:\/\/www.memo-media.de\/blog\/wp-content\/uploads\/2022\/02\/grossveranstaltungen-006-335x223.jpg 335w, https:\/\/www.memo-media.de\/blog\/wp-content\/uploads\/2022\/02\/grossveranstaltungen-006.jpg 1000w\" sizes=\"(max-width: 300px) 100vw, 300px\" \/><\/a>Zweites Standbein in Sachen Neustart ist das Thema Digitalisierung im Unternehmen. So gibt es seit Kurzem eine neue Homepage, die vor allem zwei Dinge miteinander verbinden soll: Professionalit\u00e4t und Pers\u00f6nlichkeit. Und dass das bei Event Rent im Mittelpunkt steht, merkt man nicht nur auf der neuen Webseite, sondern vor allem auch im Gespr\u00e4ch mit dem Eventausstatter. Auch das Lagerwesen wird digitalisiert sowie eine neue ERP-Software eingef\u00fchrt. Zukunft geht aber nicht, <a href=\"https:\/\/www.eventrent.de\/de\/wir-bilden-aus\/\" target=\"_blank\" rel=\"noopener\">ohne auch an den Nachwuchs zu denken<\/a>, und so wird auch hier kr\u00e4ftig investiert: So wurden im Sommer 2021 ein Ausbildungsplatz zur Veranstaltungskauffrau sowie ein Dual-Studienplatz im Bereich Messe-Eventmanagement besetzt. \u201eNachwuchskr\u00e4fte m\u00f6chten wir trotz anhaltender Pandemie weiter f\u00f6rdern\u201c, sagt Jens Bungert. Und das ist gut, denn eins ist sicher: Die Zukunft, die steht schon vor der T\u00fcr.<\/p>\n<a  class=\"pixcode  pixcode--btn  btn  btn--large  btn--beta\" href=\"https:\/\/www.eventbranchenverzeichnis.de\/details\/event-rent-16392.html\" target=\"_blank\">Hier gibt es den Kontakt.<\/a>\n","protected":false},"excerpt":{"rendered":"<p>Seit M\u00e4rz 2020 sind Events im gro\u00dfen Rahmen verboten. F\u00fcr Anbieter von Eventausstattung, die vor allem auch auf Gro\u00dfveranstaltungen setzen,&#8230;<\/p>\n","protected":false},"author":29,"featured_media":14465,"comment_status":"closed","ping_status":"open","sticky":false,"template":"","format":"standard","meta":[],"categories":[10],"tags":[1650,1883,948,322,2491,124,1289,1473],"yoast_head":"<!-- This site is optimized with the Yoast SEO Premium plugin v20.5 (Yoast SEO v20.5) - https:\/\/yoast.com\/wordpress\/plugins\/seo\/ -->\n<title>Eventausstattung: Die Branche steht still? Event Rent nicht!<\/title>\n<meta name=\"description\" content=\"Bei Event Rent, Event- &amp; Messedienstleister, bei dem man alles rund um die Eventausstattung mieten kann, hei\u00dft es: Alles auf Neustart!\" \/>\n<meta name=\"robots\" content=\"index, follow, max-snippet:-1, max-image-preview:large, max-video-preview:-1\" \/>\n<link rel=\"canonical\" href=\"https:\/\/www.memo-media.de\/blog\/eventausstattung-die-branche-steht-still-event-rent-nicht\/\" \/>\n<meta property=\"og:locale\" content=\"de_DE\" \/>\n<meta property=\"og:type\" content=\"article\" \/>\n<meta property=\"og:title\" content=\"Eventausstattung: Die Branche steht still? Event Rent nicht!\" \/>\n<meta property=\"og:description\" content=\"Bei Event Rent, Event- &amp; Messedienstleister, bei dem man alles rund um die Eventausstattung mieten kann, hei\u00dft es: Alles auf Neustart!\" \/>\n<meta property=\"og:url\" content=\"https:\/\/www.memo-media.de\/blog\/eventausstattung-die-branche-steht-still-event-rent-nicht\/\" \/>\n<meta property=\"og:site_name\" content=\"memo-media Blog f\u00fcr die Eventplanung\" \/>\n<meta property=\"article:published_time\" content=\"2022-02-18T10:00:18+00:00\" \/>\n<meta property=\"article:modified_time\" content=\"2023-05-31T07:41:27+00:00\" \/>\n<meta property=\"og:image\" content=\"https:\/\/www.memo-media.de\/blog\/wp-content\/uploads\/2022\/02\/1.jpg\" \/>\n\t<meta property=\"og:image:width\" content=\"1050\" \/>\n\t<meta property=\"og:image:height\" content=\"804\" \/>\n\t<meta property=\"og:image:type\" content=\"image\/jpeg\" \/>\n<meta name=\"author\" content=\"Julia Gundelach\" \/>\n<meta name=\"twitter:label1\" content=\"Verfasst von\" \/>\n\t<meta name=\"twitter:data1\" content=\"Julia Gundelach\" \/>\n\t<meta name=\"twitter:label2\" content=\"Gesch\u00e4tzte Lesezeit\" \/>\n\t<meta name=\"twitter:data2\" content=\"4\u00a0Minuten\" \/>\n<script type=\"application\/ld+json\" class=\"yoast-schema-graph\">{\"@context\":\"https:\/\/schema.org\",\"@graph\":[{\"@type\":\"WebPage\",\"@id\":\"https:\/\/www.memo-media.de\/blog\/eventausstattung-die-branche-steht-still-event-rent-nicht\/\",\"url\":\"https:\/\/www.memo-media.de\/blog\/eventausstattung-die-branche-steht-still-event-rent-nicht\/\",\"name\":\"Eventausstattung: Die Branche steht still? Event Rent nicht!\",\"isPartOf\":{\"@id\":\"https:\/\/www.memo-media.de\/blog\/#website\"},\"datePublished\":\"2022-02-18T10:00:18+00:00\",\"dateModified\":\"2023-05-31T07:41:27+00:00\",\"author\":{\"@id\":\"https:\/\/www.memo-media.de\/blog\/#\/schema\/person\/b01cd365604b7a1226e889d3e8e6f56d\"},\"description\":\"Bei Event Rent, Event- & Messedienstleister, bei dem man alles rund um die Eventausstattung mieten kann, hei\u00dft es: Alles auf Neustart!\",\"breadcrumb\":{\"@id\":\"https:\/\/www.memo-media.de\/blog\/eventausstattung-die-branche-steht-still-event-rent-nicht\/#breadcrumb\"},\"inLanguage\":\"de\",\"potentialAction\":[{\"@type\":\"ReadAction\",\"target\":[\"https:\/\/www.memo-media.de\/blog\/eventausstattung-die-branche-steht-still-event-rent-nicht\/\"]}]},{\"@type\":\"BreadcrumbList\",\"@id\":\"https:\/\/www.memo-media.de\/blog\/eventausstattung-die-branche-steht-still-event-rent-nicht\/#breadcrumb\",\"itemListElement\":[{\"@type\":\"ListItem\",\"position\":1,\"name\":\"Home\",\"item\":\"https:\/\/www.memo-media.de\/blog\/\"},{\"@type\":\"ListItem\",\"position\":2,\"name\":\"Eventausstattung: Die Branche steht still? Event Rent nicht!\"}]},{\"@type\":\"WebSite\",\"@id\":\"https:\/\/www.memo-media.de\/blog\/#website\",\"url\":\"https:\/\/www.memo-media.de\/blog\/\",\"name\":\"memo-media Blog f\u00fcr die Eventplanung\",\"description\":\"News und Facts aus der Eventbranche f\u00fcr die Eventbranche\",\"potentialAction\":[{\"@type\":\"SearchAction\",\"target\":{\"@type\":\"EntryPoint\",\"urlTemplate\":\"https:\/\/www.memo-media.de\/blog\/?s={search_term_string}\"},\"query-input\":\"required name=search_term_string\"}],\"inLanguage\":\"de\"},{\"@type\":\"Person\",\"@id\":\"https:\/\/www.memo-media.de\/blog\/#\/schema\/person\/b01cd365604b7a1226e889d3e8e6f56d\",\"name\":\"Julia Gundelach\",\"image\":{\"@type\":\"ImageObject\",\"inLanguage\":\"de\",\"@id\":\"https:\/\/www.memo-media.de\/blog\/#\/schema\/person\/image\/\",\"url\":\"https:\/\/www.memo-media.de\/blog\/wp-content\/uploads\/2021\/05\/julia-gundelach-150x150.jpg\",\"contentUrl\":\"https:\/\/www.memo-media.de\/blog\/wp-content\/uploads\/2021\/05\/julia-gundelach-150x150.jpg\",\"caption\":\"Julia Gundelach\"},\"description\":\"Julia Gundelach ist seit 2016 Teil des memo-media-Teams und bloggt am liebsten \u00fcber actionreiche Eventformate, die sie auch selbst mal testen darf. Als freie Redakteurin ist sie spezialisiert auf die Bereiche Marketing, PR und Werbung, aber auch auf neue Themen in der Veranstaltungswirtschaft. Zum Gl\u00fcck, denn eine buntere, vielf\u00e4ltigere und \u00fcberraschendere Welt, als das Event-Business kann sie sich nicht vorstellen!\",\"url\":\"https:\/\/www.memo-media.de\/blog\/author\/anna-steinberg\/\"}]}<\/script>\n<!-- \/ Yoast SEO Premium plugin. -->","yoast_head_json":{"title":"Eventausstattung: Die Branche steht still? Event Rent nicht!","description":"Bei Event Rent, Event- & Messedienstleister, bei dem man alles rund um die Eventausstattung mieten kann, hei\u00dft es: Alles auf Neustart!","robots":{"index":"index","follow":"follow","max-snippet":"max-snippet:-1","max-image-preview":"max-image-preview:large","max-video-preview":"max-video-preview:-1"},"canonical":"https:\/\/www.memo-media.de\/blog\/eventausstattung-die-branche-steht-still-event-rent-nicht\/","og_locale":"de_DE","og_type":"article","og_title":"Eventausstattung: Die Branche steht still? Event Rent nicht!","og_description":"Bei Event Rent, Event- & Messedienstleister, bei dem man alles rund um die Eventausstattung mieten kann, hei\u00dft es: Alles auf Neustart!","og_url":"https:\/\/www.memo-media.de\/blog\/eventausstattung-die-branche-steht-still-event-rent-nicht\/","og_site_name":"memo-media Blog f\u00fcr die Eventplanung","article_published_time":"2022-02-18T10:00:18+00:00","article_modified_time":"2023-05-31T07:41:27+00:00","og_image":[{"width":1050,"height":804,"url":"https:\/\/www.memo-media.de\/blog\/wp-content\/uploads\/2022\/02\/1.jpg","type":"image\/jpeg"}],"author":"Julia Gundelach","twitter_misc":{"Verfasst von":"Julia Gundelach","Gesch\u00e4tzte Lesezeit":"4\u00a0Minuten"},"schema":{"@context":"https:\/\/schema.org","@graph":[{"@type":"WebPage","@id":"https:\/\/www.memo-media.de\/blog\/eventausstattung-die-branche-steht-still-event-rent-nicht\/","url":"https:\/\/www.memo-media.de\/blog\/eventausstattung-die-branche-steht-still-event-rent-nicht\/","name":"Eventausstattung: Die Branche steht still? Event Rent nicht!","isPartOf":{"@id":"https:\/\/www.memo-media.de\/blog\/#website"},"datePublished":"2022-02-18T10:00:18+00:00","dateModified":"2023-05-31T07:41:27+00:00","author":{"@id":"https:\/\/www.memo-media.de\/blog\/#\/schema\/person\/b01cd365604b7a1226e889d3e8e6f56d"},"description":"Bei Event Rent, Event- & Messedienstleister, bei dem man alles rund um die Eventausstattung mieten kann, hei\u00dft es: Alles auf Neustart!","breadcrumb":{"@id":"https:\/\/www.memo-media.de\/blog\/eventausstattung-die-branche-steht-still-event-rent-nicht\/#breadcrumb"},"inLanguage":"de","potentialAction":[{"@type":"ReadAction","target":["https:\/\/www.memo-media.de\/blog\/eventausstattung-die-branche-steht-still-event-rent-nicht\/"]}]},{"@type":"BreadcrumbList","@id":"https:\/\/www.memo-media.de\/blog\/eventausstattung-die-branche-steht-still-event-rent-nicht\/#breadcrumb","itemListElement":[{"@type":"ListItem","position":1,"name":"Home","item":"https:\/\/www.memo-media.de\/blog\/"},{"@type":"ListItem","position":2,"name":"Eventausstattung: Die Branche steht still? Event Rent nicht!"}]},{"@type":"WebSite","@id":"https:\/\/www.memo-media.de\/blog\/#website","url":"https:\/\/www.memo-media.de\/blog\/","name":"memo-media Blog f\u00fcr die Eventplanung","description":"News und Facts aus der Eventbranche f\u00fcr die Eventbranche","potentialAction":[{"@type":"SearchAction","target":{"@type":"EntryPoint","urlTemplate":"https:\/\/www.memo-media.de\/blog\/?s={search_term_string}"},"query-input":"required name=search_term_string"}],"inLanguage":"de"},{"@type":"Person","@id":"https:\/\/www.memo-media.de\/blog\/#\/schema\/person\/b01cd365604b7a1226e889d3e8e6f56d","name":"Julia Gundelach","image":{"@type":"ImageObject","inLanguage":"de","@id":"https:\/\/www.memo-media.de\/blog\/#\/schema\/person\/image\/","url":"https:\/\/www.memo-media.de\/blog\/wp-content\/uploads\/2021\/05\/julia-gundelach-150x150.jpg","contentUrl":"https:\/\/www.memo-media.de\/blog\/wp-content\/uploads\/2021\/05\/julia-gundelach-150x150.jpg","caption":"Julia Gundelach"},"description":"Julia Gundelach ist seit 2016 Teil des memo-media-Teams und bloggt am liebsten \u00fcber actionreiche Eventformate, die sie auch selbst mal testen darf. Als freie Redakteurin ist sie spezialisiert auf die Bereiche Marketing, PR und Werbung, aber auch auf neue Themen in der Veranstaltungswirtschaft. Zum Gl\u00fcck, denn eine buntere, vielf\u00e4ltigere und \u00fcberraschendere Welt, als das Event-Business kann sie sich nicht vorstellen!","url":"https:\/\/www.memo-media.de\/blog\/author\/anna-steinberg\/"}]}},"_links":{"self":[{"href":"https:\/\/www.memo-media.de\/blog\/wp-json\/wp\/v2\/posts\/14464"}],"collection":[{"href":"https:\/\/www.memo-media.de\/blog\/wp-json\/wp\/v2\/posts"}],"about":[{"href":"https:\/\/www.memo-media.de\/blog\/wp-json\/wp\/v2\/types\/post"}],"author":[{"embeddable":true,"href":"https:\/\/www.memo-media.de\/blog\/wp-json\/wp\/v2\/users\/29"}],"replies":[{"embeddable":true,"href":"https:\/\/www.memo-media.de\/blog\/wp-json\/wp\/v2\/comments?post=14464"}],"version-history":[{"count":11,"href":"https:\/\/www.memo-media.de\/blog\/wp-json\/wp\/v2\/posts\/14464\/revisions"}],"predecessor-version":[{"id":16158,"href":"https:\/\/www.memo-media.de\/blog\/wp-json\/wp\/v2\/posts\/14464\/revisions\/16158"}],"wp:featuredmedia":[{"embeddable":true,"href":"https:\/\/www.memo-media.de\/blog\/wp-json\/wp\/v2\/media\/14465"}],"wp:attachment":[{"href":"https:\/\/www.memo-media.de\/blog\/wp-json\/wp\/v2\/media?parent=14464"}],"wp:term":[{"taxonomy":"category","embeddable":true,"href":"https:\/\/www.memo-media.de\/blog\/wp-json\/wp\/v2\/categories?post=14464"},{"taxonomy":"post_tag","embeddable":true,"href":"https:\/\/www.memo-media.de\/blog\/wp-json\/wp\/v2\/tags?post=14464"}],"curies":[{"name":"wp","href":"https:\/\/api.w.org\/{rel}","templated":true}]}}