{"id":14457,"date":"2022-02-15T14:00:17","date_gmt":"2022-02-15T12:00:17","guid":{"rendered":"https:\/\/www.memo-media.de\/blog\/?p=14457"},"modified":"2022-02-17T09:29:53","modified_gmt":"2022-02-17T07:29:53","slug":"ifo-index-veranstaltungsbranche","status":"publish","type":"post","link":"https:\/\/www.memo-media.de\/blog\/ifo-index-veranstaltungsbranche\/","title":{"rendered":"ifo Index Veranstaltungsbranche: Mach mit f\u00fcr politische Sichtbarkeit!"},"content":{"rendered":"<p>Deine Investition: weniger als 10 Minuten einmal im Monat. Das Ergebnis: eine Stimme mehr, um eine gesamte Branche gesellschaftlich und politisch sichtbar zu machen. Die Rede ist vom ifo Index f\u00fcr die Veranstaltungsbranche. Dieser Index ist <b>die M\u00f6glichkeit<\/b>, um die Veranstaltungsbranche k\u00fcnftig mit repr\u00e4sentativen Daten und Zukunftsprognosen abzubilden. Daten, die es bisher nicht so gegeben hat. Daten, die wir zum Einbruch der Pandemie dringend gebraucht h\u00e4tten, um als Branche von der Politik ber\u00fccksichtigt zu werden!<\/p>\n<p>Was genau es mit dem ifo Index f\u00fcr die Veranstaltungsbranche auf sich hat und wie einfach es ist, <a href=\"https:\/\/www.ifo.de\/konjunkturumfrage-registrierung?memo22\" target=\"_blank\" rel=\"noopener\">daran teilzunehmen<\/a>, dar\u00fcber haben wir mit Dr. Klaus Wohlrabe ein Interview gef\u00fchrt. Er ist am ifo t\u00e4tig und seit 2012 stellvertretender Leiter des ifo Zentrums f\u00fcr Makro\u00f6konomik und Befragungen.<\/p>\n<h3>Herr Dr. Wohlrabe, wie w\u00fcrden Sie den ifo Index mit wenigen Worten erkl\u00e4ren?<\/h3>\n<p><strong>Dr. Wohlrabe:<\/strong> \u201eDer Ifo Index ist der wichtigste Index f\u00fcr die deutsche Wirtschaft, da er den aktuellen Verlauf, also das Wirtschaftsgeschehen, schneller als die offizielle Statistik abbildet. Dadurch, dass der Index auch Erwartungsfragen stellt, liefert er zudem einen Eindruck, wohin sich das Wirtschaftsgeschehen in den anstehenden Monaten voraussichtlich entwickelt. Seit Mai 2021 werden konkret f\u00fcr die Veranstaltungsbranche Daten erhoben \u2013 das war ein gro\u00dfer und wichtiger Schritt. F\u00fcr andere Branchen, z. B. die Automobilbranche, gibt es bereits eine 30- bis 40-j\u00e4hrige Historie. Daher ist es wichtig, dass sich immer mehr Unternehmen aus der Veranstaltungsbranche der monatlichen Befragung anschlie\u00dfen, um f\u00fcr die Zukunft repr\u00e4sentative Daten zu sammeln.\u201c<\/p>\n<h3>Inwiefern ist der ifo Index schneller als die offizielle Statistik?<\/h3>\n<p><strong>Dr. Wohlrabe:<\/strong> \u201eWenn die Politik von Wachstum redet, meint sie das Bruttoinlandsprodukt. Dieses wird nur vier Mal im Jahr ver\u00f6ffentlicht. Der Wert des Bruttoinlandsprodukts wird immer rund f\u00fcnf Wochen nach Ende des Quartals ver\u00f6ffentlicht. Da der ifo Index monatlich ver\u00f6ffentlicht wird, bekommt man zeitnah einen \u00dcberblick \u00fcber die aktuelle Entwicklung. Dar\u00fcber hinaus bietet die offizielle Statistik keinen Blick in die Zukunft. Der ifo Index hingegen schon. Diese Zukunftsprognose ist zwar nicht 100%ig sicher, aber sie liefert eine Tendenz. Diese Tendenz leitet sich direkt aus den Informationen ab, die die teilnehmenden Unternehmen in der monatlichen Datenerhebung angeben.\u201c<\/p>\n<h3>Wie viele Unternehmen und Selbstst\u00e4ndige nehmen an der Datenerhebung teil? Und wie viele sind es bereits aus der Veranstaltungsbranche?<\/h3>\n<p><strong>Dr. Wohlrabe:<\/strong> \u201eAktuell nehmen insgesamt \u00fcber 9.000 Unternehmen an der monatlichen Befragung teil. Davon sind es gegenw\u00e4rtig ca. 250 Teilnehmende aus der Veranstaltungsbranche. Um einen branchenspezifischen Index auszuwerten, der m\u00f6glichst aussagekr\u00e4ftige Daten liefert, gilt nat\u00fcrlich die Regel: Je mehr Unternehmen und Selbstst\u00e4ndige mitmachen, desto besser! Das erlaubt dann auch, in die spezifischen Gewerke reinzuzoomen und sich einen individuellen Eindruck von der jeweiligen Gesch\u00e4ftslage zu machen. Bislang ist die Veranstaltungsbranche noch sehr breit aufgestellt. Es nehmen bereits einige Messebauer und Konzertveranstalter teil. Daher ist es w\u00fcnschenswert, dass sich noch mehr andere, auch kleinere Gewerke anschlie\u00dfen.\u201c<\/p>\n<h3>Inwiefern haben die Daten des ifo Index f\u00fcr die Veranstaltungsbranche Einfluss auf die Politik?<\/h3>\n<p><strong>Dr. Wohlrabe:<\/strong> \u201eDie Veranstaltungsbranche ist ein sehr heterogener Bereich, der nicht so einfach abzubilden ist aufgrund der vielen verschiedenen und kleinteiligen Gewerke. Daher gab es bislang in offiziellen Statistiken auch noch keine Zahlen f\u00fcr Veranstaltungsbranche. Genau hier liegt das Problem bei der \u00f6ffentlichen Wahrnehmung der Branche zugrunde. Mit dem ifo Index der Veranstaltungsbranche besteht nun die M\u00f6glichkeit, die Veranstaltungsbranche sichtbar zu machen \u2013 nicht nur f\u00fcr die \u00d6ffentlichkeit, sondern eben auch f\u00fcr die Politik. Denn der Index erm\u00f6glicht ein Angebot an die Politik, sich aktuelle Daten, die es bislang nicht gab, konkret f\u00fcr die Branche anzuschauen und darauf zu reagieren.\u201c<\/p>\n<h3>Wie l\u00e4uft die monatliche Datenerhebung ab und welchen Aufwand bringt sie mit sich?<\/h3>\n<p><strong>Dr. Wohlrabe:<\/strong> \u201eUnternehmen, die teilnehmen wollen, k\u00f6nnen sich einfach <a href=\"https:\/\/www.ifo.de\/konjunkturumfrage-registrierung?memo22\"><i><u>hier f\u00fcr die Umfrage des ifo Index registrieren<\/u><\/i><\/a>. Es folgt eine kurze Abfrage \u00fcber die Kerninfos zum Unternehmen (Gr\u00f6\u00dfe, Gewerk etc.). Am Anfang eines Monats kommt dann per Mail ein personalisierter Link zur Umfrage. Diese dauert h\u00f6chstens 10 Minuten. Es sind jeden Monat dieselben Fragen, weshalb die Teilnehmenden die Antworten meistens schon im Kopf haben und den Bogen schnell ausf\u00fcllen k\u00f6nnen. Dabei m\u00fcssen keine Zahlen oder Ums\u00e4tze angegeben werden! Es werden sogenannte &#8216;qualitative Fragen&#8217; gestellt. Alle Fragen sind also so aufgebaut, dass sie nur drei Antwortm\u00f6glichkeiten vorgeben. Bei der Hauptfrage zur aktuellen Gesch\u00e4ftssituation beispielsweise lauten die Antwortm\u00f6glichkeiten &#8216;gut, befriedigend oder schlecht&#8217;.\u201c<\/p>\n<h3>Welchen Vorteil haben Unternehmen und Selbstst\u00e4ndige, die an der ifo Index-Umfrage teilnehmen?<\/h3>\n<p><strong>Dr. Wohlrabe:<\/strong> \u201eNur wer bei der Datenerhebung mitmacht, bekommt auch die Ergebnisse. Denn diese werden nicht auf der Webseite des ifo Index ver\u00f6ffentlicht. Wer teilnimmt, kann somit seine eigenen Angaben mit dem Feedback und der Gesamtauswertung der ganzen Branche bzw. desselben Gewerks abgleichen. Au\u00dferdem ist der Ausblick wichtig und interessant, um einen Eindruck davon zu bekommen, wie sich die Lage der Branche voraussichtlich innerhalb der anstehenden Monate weiterentwickeln wird. Das ist nicht nur in Krisenzeiten wichtig und interessant.\u201c<\/p>\n<h3>Was sollten Unternehmen und Selbstst\u00e4ndige beachten, wenn sie an der monatlichen Umfrage teilnehmen?<\/h3>\n<p><strong>Dr. Wohlrabe:<\/strong> \u201eWichtig ist Kontinuit\u00e4t. Nur wenn die Unternehmen kontinuierlich mitmachen, k\u00f6nnen die Verb\u00e4nde sie mithilfe der ifo Index-Daten gegen\u00fcber der Presse und Politik vertreten. Wenn es im Sommer wieder gut l\u00e4uft und die Unternehmen aufh\u00f6ren, ihre Daten abzugeben, gibt es L\u00f6cher in der Umfrage. Und dann sind sie Daten nicht mehr aussagekr\u00e4ftig. Denn es wird auch in Zukunft nach der Pandemie voraussichtlich immer mal wieder schwierigere Phasen geben, in denen dann ein historischer Abgleich sehr wertvoll sein wird.\u201c<\/p>\n<p><strong>Vielen Dank f\u00fcr das aufschlussreiche Interview, Herr Dr. Wohlrabe!<\/strong><\/p>\n<p>Die Krise ist noch nicht vorbei. Und auch in Zukunft wird es immer wieder zu Herausforderungen f\u00fcr die Veranstaltungswirtschaft kommen. Genau deswegen ist es umso wichtiger, dass so viele wie m\u00f6glich noch heute damit anfangen, am ifo Index f\u00fcr die Veranstaltungsbranche mitzuwirken. Ob als gr\u00f6\u00dferes Unternehmen, Soloselbstst\u00e4ndige:r oder K\u00fcnstler:in \u2013 jede einzelne Beteiligung z\u00e4hlt<\/p>\n<p><strong>Mach mit!<\/strong><\/p>\n<p><a href=\"https:\/\/www.ifo.de\/konjunkturumfrage-registrierung?memo22\"><i><u>Hier f\u00fcr die ifo Index-Umfrage registrieren<\/u><\/i><\/a><\/p>\n","protected":false},"excerpt":{"rendered":"<p>Deine Investition: weniger als 10 Minuten einmal im Monat. Das Ergebnis: eine Stimme mehr, um eine gesamte Branche gesellschaftlich und&#8230;<\/p>\n","protected":false},"author":21,"featured_media":14460,"comment_status":"closed","ping_status":"open","sticky":false,"template":"","format":"standard","meta":[],"categories":[5,7],"tags":[2676,2589,2675,2673,2674,2678,680,2446,2677],"yoast_head":"<!-- This site is optimized with the Yoast SEO Premium plugin v20.5 (Yoast SEO v20.5) - https:\/\/yoast.com\/wordpress\/plugins\/seo\/ -->\n<title>ifo Index Veranstaltungsbranche: Mach mit f\u00fcr politische Sichtbarkeit!<\/title>\n<meta name=\"description\" content=\"Mach mit beim ifo Index Veranstaltungsbranche! Im Blog f\u00fcr die Eventplanung erkl\u00e4rt Dr. Klaus Wohlrabe, warum der ifo Index so wichtig ist.\" \/>\n<meta name=\"robots\" content=\"index, follow, max-snippet:-1, max-image-preview:large, max-video-preview:-1\" \/>\n<link rel=\"canonical\" href=\"https:\/\/www.memo-media.de\/blog\/ifo-index-veranstaltungsbranche\/\" \/>\n<meta property=\"og:locale\" content=\"de_DE\" \/>\n<meta property=\"og:type\" content=\"article\" \/>\n<meta property=\"og:title\" content=\"ifo Index Veranstaltungsbranche: Mach mit f\u00fcr politische Sichtbarkeit!\" \/>\n<meta property=\"og:description\" content=\"Mach mit beim ifo Index Veranstaltungsbranche! Im Blog f\u00fcr die Eventplanung erkl\u00e4rt Dr. Klaus Wohlrabe, warum der ifo Index so wichtig ist.\" \/>\n<meta property=\"og:url\" content=\"https:\/\/www.memo-media.de\/blog\/ifo-index-veranstaltungsbranche\/\" \/>\n<meta property=\"og:site_name\" content=\"memo-media Blog f\u00fcr die Eventplanung\" \/>\n<meta property=\"article:published_time\" content=\"2022-02-15T12:00:17+00:00\" \/>\n<meta property=\"article:modified_time\" content=\"2022-02-17T07:29:53+00:00\" \/>\n<meta property=\"og:image\" content=\"https:\/\/www.memo-media.de\/blog\/wp-content\/uploads\/2022\/02\/ifo-index-veranstaltungsbranche-memo-media-dr-klaus-wohlrabe.jpg\" \/>\n\t<meta property=\"og:image:width\" content=\"1050\" \/>\n\t<meta property=\"og:image:height\" content=\"804\" \/>\n\t<meta property=\"og:image:type\" content=\"image\/jpeg\" \/>\n<meta name=\"author\" content=\"Tabea Lettau\" \/>\n<meta name=\"twitter:label1\" content=\"Verfasst von\" \/>\n\t<meta name=\"twitter:data1\" content=\"Tabea Lettau\" \/>\n\t<meta name=\"twitter:label2\" content=\"Gesch\u00e4tzte Lesezeit\" \/>\n\t<meta name=\"twitter:data2\" content=\"6\u00a0Minuten\" \/>\n<script type=\"application\/ld+json\" class=\"yoast-schema-graph\">{\"@context\":\"https:\/\/schema.org\",\"@graph\":[{\"@type\":\"WebPage\",\"@id\":\"https:\/\/www.memo-media.de\/blog\/ifo-index-veranstaltungsbranche\/\",\"url\":\"https:\/\/www.memo-media.de\/blog\/ifo-index-veranstaltungsbranche\/\",\"name\":\"ifo Index Veranstaltungsbranche: Mach mit f\u00fcr politische Sichtbarkeit!\",\"isPartOf\":{\"@id\":\"https:\/\/www.memo-media.de\/blog\/#website\"},\"datePublished\":\"2022-02-15T12:00:17+00:00\",\"dateModified\":\"2022-02-17T07:29:53+00:00\",\"author\":{\"@id\":\"https:\/\/www.memo-media.de\/blog\/#\/schema\/person\/b2be3eb5c595160c885d721d60aba2b3\"},\"description\":\"Mach mit beim ifo Index Veranstaltungsbranche! Im Blog f\u00fcr die Eventplanung erkl\u00e4rt Dr. Klaus Wohlrabe, warum der ifo Index so wichtig ist.\",\"breadcrumb\":{\"@id\":\"https:\/\/www.memo-media.de\/blog\/ifo-index-veranstaltungsbranche\/#breadcrumb\"},\"inLanguage\":\"de\",\"potentialAction\":[{\"@type\":\"ReadAction\",\"target\":[\"https:\/\/www.memo-media.de\/blog\/ifo-index-veranstaltungsbranche\/\"]}]},{\"@type\":\"BreadcrumbList\",\"@id\":\"https:\/\/www.memo-media.de\/blog\/ifo-index-veranstaltungsbranche\/#breadcrumb\",\"itemListElement\":[{\"@type\":\"ListItem\",\"position\":1,\"name\":\"Home\",\"item\":\"https:\/\/www.memo-media.de\/blog\/\"},{\"@type\":\"ListItem\",\"position\":2,\"name\":\"ifo Index Veranstaltungsbranche: Mach mit f\u00fcr politische Sichtbarkeit!\"}]},{\"@type\":\"WebSite\",\"@id\":\"https:\/\/www.memo-media.de\/blog\/#website\",\"url\":\"https:\/\/www.memo-media.de\/blog\/\",\"name\":\"memo-media Blog f\u00fcr die Eventplanung\",\"description\":\"News und Facts aus der Eventbranche f\u00fcr die Eventbranche\",\"potentialAction\":[{\"@type\":\"SearchAction\",\"target\":{\"@type\":\"EntryPoint\",\"urlTemplate\":\"https:\/\/www.memo-media.de\/blog\/?s={search_term_string}\"},\"query-input\":\"required name=search_term_string\"}],\"inLanguage\":\"de\"},{\"@type\":\"Person\",\"@id\":\"https:\/\/www.memo-media.de\/blog\/#\/schema\/person\/b2be3eb5c595160c885d721d60aba2b3\",\"name\":\"Tabea Lettau\",\"image\":{\"@type\":\"ImageObject\",\"inLanguage\":\"de\",\"@id\":\"https:\/\/www.memo-media.de\/blog\/#\/schema\/person\/image\/\",\"url\":\"https:\/\/www.memo-media.de\/blog\/wp-content\/uploads\/2024\/02\/tabea_lettau_redakteurin_memo-media-150x150.jpg\",\"contentUrl\":\"https:\/\/www.memo-media.de\/blog\/wp-content\/uploads\/2024\/02\/tabea_lettau_redakteurin_memo-media-150x150.jpg\",\"caption\":\"Tabea Lettau\"},\"description\":\"Tabea Lettau hat an der Universit\u00e4t Siegen Kommunikations- und Wirtschaftswissenschaften studiert. Bereits w\u00e4hrend ihres Studiums machte sie sich als Redakteurin und Content-Managerin selbstst\u00e4ndig. Seit 2015 ist sie als Freiberuflerin Teil des memo-media-Teams und schreibt u. a. f\u00fcr den Blog, das Magazin showcases und den monatlichen memoLetter. Die inspirierenden Geschichten und Visionen der Menschen in der Eventbranche zu erfahren, erf\u00fcllt sie daran ganz besonders. Neben ihrer freiberuflichen T\u00e4tigkeit realisiert sie auch eigene Online-Projekte und hat zwei B\u00fccher geschrieben.\",\"url\":\"https:\/\/www.memo-media.de\/blog\/author\/tabea-lettau\/\"}]}<\/script>\n<!-- \/ Yoast SEO Premium plugin. -->","yoast_head_json":{"title":"ifo Index Veranstaltungsbranche: Mach mit f\u00fcr politische Sichtbarkeit!","description":"Mach mit beim ifo Index Veranstaltungsbranche! Im Blog f\u00fcr die Eventplanung erkl\u00e4rt Dr. Klaus Wohlrabe, warum der ifo Index so wichtig ist.","robots":{"index":"index","follow":"follow","max-snippet":"max-snippet:-1","max-image-preview":"max-image-preview:large","max-video-preview":"max-video-preview:-1"},"canonical":"https:\/\/www.memo-media.de\/blog\/ifo-index-veranstaltungsbranche\/","og_locale":"de_DE","og_type":"article","og_title":"ifo Index Veranstaltungsbranche: Mach mit f\u00fcr politische Sichtbarkeit!","og_description":"Mach mit beim ifo Index Veranstaltungsbranche! Im Blog f\u00fcr die Eventplanung erkl\u00e4rt Dr. Klaus Wohlrabe, warum der ifo Index so wichtig ist.","og_url":"https:\/\/www.memo-media.de\/blog\/ifo-index-veranstaltungsbranche\/","og_site_name":"memo-media Blog f\u00fcr die Eventplanung","article_published_time":"2022-02-15T12:00:17+00:00","article_modified_time":"2022-02-17T07:29:53+00:00","og_image":[{"width":1050,"height":804,"url":"https:\/\/www.memo-media.de\/blog\/wp-content\/uploads\/2022\/02\/ifo-index-veranstaltungsbranche-memo-media-dr-klaus-wohlrabe.jpg","type":"image\/jpeg"}],"author":"Tabea Lettau","twitter_misc":{"Verfasst von":"Tabea Lettau","Gesch\u00e4tzte Lesezeit":"6\u00a0Minuten"},"schema":{"@context":"https:\/\/schema.org","@graph":[{"@type":"WebPage","@id":"https:\/\/www.memo-media.de\/blog\/ifo-index-veranstaltungsbranche\/","url":"https:\/\/www.memo-media.de\/blog\/ifo-index-veranstaltungsbranche\/","name":"ifo Index Veranstaltungsbranche: Mach mit f\u00fcr politische Sichtbarkeit!","isPartOf":{"@id":"https:\/\/www.memo-media.de\/blog\/#website"},"datePublished":"2022-02-15T12:00:17+00:00","dateModified":"2022-02-17T07:29:53+00:00","author":{"@id":"https:\/\/www.memo-media.de\/blog\/#\/schema\/person\/b2be3eb5c595160c885d721d60aba2b3"},"description":"Mach mit beim ifo Index Veranstaltungsbranche! Im Blog f\u00fcr die Eventplanung erkl\u00e4rt Dr. Klaus Wohlrabe, warum der ifo Index so wichtig ist.","breadcrumb":{"@id":"https:\/\/www.memo-media.de\/blog\/ifo-index-veranstaltungsbranche\/#breadcrumb"},"inLanguage":"de","potentialAction":[{"@type":"ReadAction","target":["https:\/\/www.memo-media.de\/blog\/ifo-index-veranstaltungsbranche\/"]}]},{"@type":"BreadcrumbList","@id":"https:\/\/www.memo-media.de\/blog\/ifo-index-veranstaltungsbranche\/#breadcrumb","itemListElement":[{"@type":"ListItem","position":1,"name":"Home","item":"https:\/\/www.memo-media.de\/blog\/"},{"@type":"ListItem","position":2,"name":"ifo Index Veranstaltungsbranche: Mach mit f\u00fcr politische Sichtbarkeit!"}]},{"@type":"WebSite","@id":"https:\/\/www.memo-media.de\/blog\/#website","url":"https:\/\/www.memo-media.de\/blog\/","name":"memo-media Blog f\u00fcr die Eventplanung","description":"News und Facts aus der Eventbranche f\u00fcr die Eventbranche","potentialAction":[{"@type":"SearchAction","target":{"@type":"EntryPoint","urlTemplate":"https:\/\/www.memo-media.de\/blog\/?s={search_term_string}"},"query-input":"required name=search_term_string"}],"inLanguage":"de"},{"@type":"Person","@id":"https:\/\/www.memo-media.de\/blog\/#\/schema\/person\/b2be3eb5c595160c885d721d60aba2b3","name":"Tabea Lettau","image":{"@type":"ImageObject","inLanguage":"de","@id":"https:\/\/www.memo-media.de\/blog\/#\/schema\/person\/image\/","url":"https:\/\/www.memo-media.de\/blog\/wp-content\/uploads\/2024\/02\/tabea_lettau_redakteurin_memo-media-150x150.jpg","contentUrl":"https:\/\/www.memo-media.de\/blog\/wp-content\/uploads\/2024\/02\/tabea_lettau_redakteurin_memo-media-150x150.jpg","caption":"Tabea Lettau"},"description":"Tabea Lettau hat an der Universit\u00e4t Siegen Kommunikations- und Wirtschaftswissenschaften studiert. Bereits w\u00e4hrend ihres Studiums machte sie sich als Redakteurin und Content-Managerin selbstst\u00e4ndig. Seit 2015 ist sie als Freiberuflerin Teil des memo-media-Teams und schreibt u. a. f\u00fcr den Blog, das Magazin showcases und den monatlichen memoLetter. Die inspirierenden Geschichten und Visionen der Menschen in der Eventbranche zu erfahren, erf\u00fcllt sie daran ganz besonders. Neben ihrer freiberuflichen T\u00e4tigkeit realisiert sie auch eigene Online-Projekte und hat zwei B\u00fccher geschrieben.","url":"https:\/\/www.memo-media.de\/blog\/author\/tabea-lettau\/"}]}},"_links":{"self":[{"href":"https:\/\/www.memo-media.de\/blog\/wp-json\/wp\/v2\/posts\/14457"}],"collection":[{"href":"https:\/\/www.memo-media.de\/blog\/wp-json\/wp\/v2\/posts"}],"about":[{"href":"https:\/\/www.memo-media.de\/blog\/wp-json\/wp\/v2\/types\/post"}],"author":[{"embeddable":true,"href":"https:\/\/www.memo-media.de\/blog\/wp-json\/wp\/v2\/users\/21"}],"replies":[{"embeddable":true,"href":"https:\/\/www.memo-media.de\/blog\/wp-json\/wp\/v2\/comments?post=14457"}],"version-history":[{"count":4,"href":"https:\/\/www.memo-media.de\/blog\/wp-json\/wp\/v2\/posts\/14457\/revisions"}],"predecessor-version":[{"id":14462,"href":"https:\/\/www.memo-media.de\/blog\/wp-json\/wp\/v2\/posts\/14457\/revisions\/14462"}],"wp:featuredmedia":[{"embeddable":true,"href":"https:\/\/www.memo-media.de\/blog\/wp-json\/wp\/v2\/media\/14460"}],"wp:attachment":[{"href":"https:\/\/www.memo-media.de\/blog\/wp-json\/wp\/v2\/media?parent=14457"}],"wp:term":[{"taxonomy":"category","embeddable":true,"href":"https:\/\/www.memo-media.de\/blog\/wp-json\/wp\/v2\/categories?post=14457"},{"taxonomy":"post_tag","embeddable":true,"href":"https:\/\/www.memo-media.de\/blog\/wp-json\/wp\/v2\/tags?post=14457"}],"curies":[{"name":"wp","href":"https:\/\/api.w.org\/{rel}","templated":true}]}}