{"id":14346,"date":"2022-01-19T14:00:55","date_gmt":"2022-01-19T12:00:55","guid":{"rendered":"https:\/\/www.memo-media.de\/blog\/?p=14346"},"modified":"2022-01-21T13:18:20","modified_gmt":"2022-01-21T11:18:20","slug":"boe-international-2022","status":"publish","type":"post","link":"https:\/\/www.memo-media.de\/blog\/boe-international-2022\/","title":{"rendered":"BOE International 2022 &#8211; Die Branche zeigt sich"},"content":{"rendered":"<p>Die Vorfreude war unbeschreiblich, endlich wieder gemeinsam mit euch auf der BOE International 2022 im Januar in ein neues Jahr \u2013 hoffentlich voller Events \u2013 zu starten. Verst\u00e4ndlicherweise wurde nach der [memo_eintrag kundennummer=126214]IKF[\/memo_eintrag] nun auch die Messe in Dortmund erneut abgesagt und um ein Jahr verschoben: auf den 11. bis 12. Januar 2023.<\/p>\n<p>Seit einigen Jahren sind wir schon aktiver Partner des Messe-Teams und organisieren die Performance-Halle der [memo_eintrag kundennummer=123752]BOE[\/memo_eintrag]. Das Programmheft f\u00fcr unsere \u201eActs on Stage\u201c und die Workshops auf der BOE war schon fertig, die Planung der Messest\u00e4nde lief auf Hochtouren. Trotz aller Vernunft und positiver Einstellung sind wir wirklich traurig, euch Anfang des Jahres nicht in Dortmund treffen zu k\u00f6nnen. Der folgende Artikel ist f\u00fcr unsere aktuelle showcases-Ausgabe entstanden, als wir noch zuversichtlich waren, dass die Messe stattfinden w\u00fcrde.<\/p>\n<p>Am 19. und 20. Januar \u00f6ffnet die BOE International 2022 in der Dortmunder Messe ihre Tore. Und das Programm ist verhei\u00dfungsvoll!<\/p>\n<h3>Career Hub<\/h3>\n<div id=\"attachment_14363\" style=\"width: 310px\" class=\"wp-caption alignleft\"><a href=\"https:\/\/www.memo-media.de\/blog\/wp-content\/uploads\/2022\/01\/boe_ow2_6796.jpg\"><img aria-describedby=\"caption-attachment-14363\" decoding=\"async\" loading=\"lazy\" class=\"wp-image-14363 size-medium\" src=\"https:\/\/www.memo-media.de\/blog\/wp-content\/uploads\/2022\/01\/boe_ow2_6796-300x212.jpg\" alt=\"Der Career Hub des Studienistituts f\u00fcr Kommunikation informiert \u00fcber Karrierem\u00f6glichkeiten in der Eventbranche.\" width=\"300\" height=\"212\" srcset=\"https:\/\/www.memo-media.de\/blog\/wp-content\/uploads\/2022\/01\/boe_ow2_6796-300x212.jpg 300w, https:\/\/www.memo-media.de\/blog\/wp-content\/uploads\/2022\/01\/boe_ow2_6796-768x542.jpg 768w, https:\/\/www.memo-media.de\/blog\/wp-content\/uploads\/2022\/01\/boe_ow2_6796-335x236.jpg 335w, https:\/\/www.memo-media.de\/blog\/wp-content\/uploads\/2022\/01\/boe_ow2_6796.jpg 850w\" sizes=\"(max-width: 300px) 100vw, 300px\" \/><\/a><p id=\"caption-attachment-14363\" class=\"wp-caption-text\">Der Career Hub des Studienistituts f\u00fcr Kommunikation informiert \u00fcber Karrierem\u00f6glichkeiten in der Eventbranche.<\/p><\/div>\n<p>Neue Themen f\u00fcr neue Herausforderungen: Der CAREER HUB vom [memo_eintrag kundennummer=113935]Studieninstitut f\u00fcr Kommunikation[\/memo_eintrag] ist das Fachforum f\u00fcr Nachwuchs-, Fach- und F\u00fchrungskr\u00e4fte auf der BOE International 2022. Dabei geht es am 19. und 20. Januar 2022 um Themen, die die Branche bewegen: Sind digitale Events wirklich spannend und kreativ oder aus der Not geboren? Wie klappt das mit der Digitalisierung im Eventstudium? Und wie kommen wir stark durch und gest\u00e4rkt aus dieser Zeit? Weiter geben ausgew\u00e4hlte Experten:innen wichtige Insights zu Themen wie Content Creation und Eventregie.<\/p>\n<h3>Digital Forum<\/h3>\n<p>Mit dem DIGITAL FORUM in Halle 7 erwartet die BOE-Messebesuchende bereits zum 6. Mal eine gro\u00dfe Informationsplattform rund um die digitale Welt: Das Forum spannt einen thematischen Bogen von Social Media \u00fcber KI und VR\/AR bis hin zu begleitenden Themen wie Metaverse, Ethik im Netz, Profiling oder e-Sports. In weiterer Planung f\u00fcr das zweit\u00e4gige Programm sind u. a. Topics wie Gamification, digitale Tools &amp; Trends f\u00fcr das Eventgeschehen sowie digitales Marketing und Robotik. Das Forum findet real und digital statt. Als Sponsor des Forums wird Allseated mithilfe der 3D-Erlebnisplattform [memo_eintrag kundennummer=502974]Allseated[\/memo_eintrag] EXVO die Inhalte auch von zuhause oder dem B\u00fcro virtuell erlebbar machen: Als Avatar ist die virtuelle Welt von Allseated EXVO selbstst\u00e4ndig zu erkunden.<\/p>\n<h3>Neue Stage 2022: Sustainability Stage<\/h3>\n<p>Nachhaltigkeit ist das Thema unserer Zeit, was zuk\u00fcnftig in der Veranstaltungsbranche nicht mehr wegzudenken ist. Die SUSTAINABILITY STAGE wird von [memo_eintrag kundennummer=154045]2bdifferent[\/memo_eintrag] gestaltet. Aktuelle Themen und Auswirkungen auf die Veranstaltungswirtschaft, wie etwa das Klimaschutzgesetz, die Reduktion der Treibhausgasemissionen bis zum Jahr 2030 um 55 % und nachhaltige Lieferketten stehen hierbei im Mittelpunkt. Ebenso wird das Thema Kreislaufwirtschaft und Cradle to Cradle eine wichtige Rolle bei der Themenauswahl spielen. Am zweiten Messetag wird das Programm auf der Stage von den Frauen-Netzwerken der Veranstaltungsbranche She Means Community, WIE DACH und Women in Events DACH gestaltet und pr\u00e4sentiert. Themenschwerpunkte sind soziale Nachhaltigkeit: Diversity, Gender Equality und Inklusion.<\/p>\n<h3>Culinary Concepts<\/h3>\n<div id=\"attachment_14364\" style=\"width: 310px\" class=\"wp-caption alignright\"><a href=\"https:\/\/www.memo-media.de\/blog\/wp-content\/uploads\/2022\/01\/boe20_0153.jpg\"><img aria-describedby=\"caption-attachment-14364\" decoding=\"async\" loading=\"lazy\" class=\"wp-image-14364 size-medium\" src=\"https:\/\/www.memo-media.de\/blog\/wp-content\/uploads\/2022\/01\/boe20_0153-300x212.jpg\" alt=\"Ulf Tassilo M\u00fcnch plante die Culinary Concepts f\u00fcr die BOE International 2022.\" width=\"300\" height=\"212\" srcset=\"https:\/\/www.memo-media.de\/blog\/wp-content\/uploads\/2022\/01\/boe20_0153-300x212.jpg 300w, https:\/\/www.memo-media.de\/blog\/wp-content\/uploads\/2022\/01\/boe20_0153-768x542.jpg 768w, https:\/\/www.memo-media.de\/blog\/wp-content\/uploads\/2022\/01\/boe20_0153-335x236.jpg 335w, https:\/\/www.memo-media.de\/blog\/wp-content\/uploads\/2022\/01\/boe20_0153.jpg 850w\" sizes=\"(max-width: 300px) 100vw, 300px\" \/><\/a><p id=\"caption-attachment-14364\" class=\"wp-caption-text\">Ulf Tassilo M\u00fcnch plante die Culinary Concepts f\u00fcr die BOE International 2022.<\/p><\/div>\n<p>Bereits zum vierten Mal wird Ulf Tassilo M\u00fcnch von der [memo_eintrag kundennummer=158622]Culinary Delight Connection[\/memo_eintrag] mit seinem Team die Culinary Area der BOE International 2022 mit Leben f\u00fcllen. Geplant sind neben einer dezidierten Food- und Catering-Ausstellungsfl\u00e4che exklusive Masterclasses, die die Frage, welche Trends das Eventcatering pr\u00e4gen und welche Einfl\u00fcsse es ver\u00e4ndern, thematisieren.<\/p>\n<h3>MICE Forum<\/h3>\n<p>Im MICE FORUM treffen sich die Expert:innen der MICE-Branche, um sich inspirieren zu lassen, sich auszutauschen und neue Ideen mitzunehmen. \u00bbWie sieht die Zukunft f\u00fcr Messen, Meetings und Events aus?\u00ab \u00bbWas hei\u00dft \u00fcberhaupt New Normal?\u00ab \u00bbAnalog, digital oder hybrid?\u00ab \u00bbIst der Markt (Teilnehmende, Planer:innen, Dienstleistende) \u00fcberhaupt fit f\u00fcr die Zukunft?\u00ab<\/p>\n<h3>Acts on Stage<\/h3>\n<p>Spot an! Acht Shows auf der Acts-on-Stage-B\u00fchne in Halle 6 auf der [memo_eintrag kundennummer=123752]BOE22[\/memo_eintrag] Was macht eine gelungene Show aus? Mitrei\u00dfende Musik, tempogeladene Artistik und pointierte Wortbeitr\u00e4ge setzen Akzente bei Unternehmensevents und vielen anderen Anl\u00e4ssen, die bald endlich wieder gefeiert werden k\u00f6nnen. Acht Shows mit insgesamt 24 Acts pr\u00e4sentiert die von [memo_eintrag kundennummer=500013]memo-media[\/memo_eintrag] koordinierte B\u00fchne \u00bbActs on Stage\u00ab als Silent Shows. Die Besucher:innen k\u00f6nnen abseits des Messetrubels die Acts ungest\u00f6rt \u00fcber die Kopfh\u00f6rer genie\u00dfen. Das Workshop-Programm dreht sich 2022 um Online-, Onsite- &amp; Hybridevents. Wie k\u00f6nnen hier k\u00fcnstlerische Darbietungen gekonnt eingesetzt werden? Was ist das Learning aus der Vergangenheit? Und was wird uns in Zukunft bleiben? Das Programm richtet sich an K\u00fcnstler:innen, Agenturen, Planer:innen sowie an alle Interessierte der Eventbranche.<\/p>\n<h3>Safety &amp; Security Campus<\/h3>\n<p>Die Veranstaltungssicherheit stand schon immer an erster Stelle bei der Planung und Durchf\u00fchrung von Veranstaltungen. Was m\u00fcssen Veranstalter:innen, Betreiber:innen u. a. auf einer Veranstaltung alles beachten? Was ist \u00bbSicherheit\u00ab? Was bedeutet der \u00bbGreen Deal\u00ab f\u00fcr die Veranstaltungswirtschaft und welche Herausforderungen und Chancen entstehen? Der Austausch rund um das Thema Veranstaltungssicherheit und Neues dazulernen stehen im Fokus des Campus.<\/p>\n","protected":false},"excerpt":{"rendered":"<p>Die Vorfreude war unbeschreiblich, endlich wieder gemeinsam mit euch auf der BOE International 2022 im Januar in ein neues Jahr&#8230;<\/p>\n","protected":false},"author":2,"featured_media":14365,"comment_status":"closed","ping_status":"open","sticky":false,"template":"","format":"standard","meta":[],"categories":[8,22],"tags":[943,256,2648,2649,1722,332,121],"yoast_head":"<!-- This site is optimized with the Yoast SEO Premium plugin v20.5 (Yoast SEO v20.5) - https:\/\/yoast.com\/wordpress\/plugins\/seo\/ -->\n<title>BOE International 2022 - Die Branche zeigt sich<\/title>\n<meta name=\"description\" content=\"Es h\u00e4tte so sch\u00f6n werden k\u00f6nnen, das Wiedersehen auf der BOE International 2022. Hier lest ihr mehr zum geplanten Programm.\" \/>\n<meta name=\"robots\" content=\"index, follow, max-snippet:-1, max-image-preview:large, max-video-preview:-1\" \/>\n<link rel=\"canonical\" href=\"https:\/\/www.memo-media.de\/blog\/boe-international-2022\/\" \/>\n<meta property=\"og:locale\" content=\"de_DE\" \/>\n<meta property=\"og:type\" content=\"article\" \/>\n<meta property=\"og:title\" content=\"BOE International 2022 - Die Branche zeigt sich\" \/>\n<meta property=\"og:description\" content=\"Es h\u00e4tte so sch\u00f6n werden k\u00f6nnen, das Wiedersehen auf der BOE International 2022. Hier lest ihr mehr zum geplanten Programm.\" \/>\n<meta property=\"og:url\" content=\"https:\/\/www.memo-media.de\/blog\/boe-international-2022\/\" \/>\n<meta property=\"og:site_name\" content=\"memo-media Blog f\u00fcr die Eventplanung\" \/>\n<meta property=\"article:author\" content=\"https:\/\/www.facebook.com\/memomedia\" \/>\n<meta property=\"article:published_time\" content=\"2022-01-19T12:00:55+00:00\" \/>\n<meta property=\"article:modified_time\" content=\"2022-01-21T11:18:20+00:00\" \/>\n<meta property=\"og:image\" content=\"https:\/\/www.memo-media.de\/blog\/wp-content\/uploads\/2022\/01\/boe-021-ow2_8949.jpg\" \/>\n\t<meta property=\"og:image:width\" content=\"850\" \/>\n\t<meta property=\"og:image:height\" content=\"600\" \/>\n\t<meta property=\"og:image:type\" content=\"image\/jpeg\" \/>\n<meta name=\"author\" content=\"Kerstin Meisner\" \/>\n<meta name=\"twitter:label1\" content=\"Verfasst von\" \/>\n\t<meta name=\"twitter:data1\" content=\"Kerstin Meisner\" \/>\n\t<meta name=\"twitter:label2\" content=\"Gesch\u00e4tzte Lesezeit\" \/>\n\t<meta name=\"twitter:data2\" content=\"4\u00a0Minuten\" \/>\n<script type=\"application\/ld+json\" class=\"yoast-schema-graph\">{\"@context\":\"https:\/\/schema.org\",\"@graph\":[{\"@type\":\"WebPage\",\"@id\":\"https:\/\/www.memo-media.de\/blog\/boe-international-2022\/\",\"url\":\"https:\/\/www.memo-media.de\/blog\/boe-international-2022\/\",\"name\":\"BOE International 2022 - Die Branche zeigt sich\",\"isPartOf\":{\"@id\":\"https:\/\/www.memo-media.de\/blog\/#website\"},\"datePublished\":\"2022-01-19T12:00:55+00:00\",\"dateModified\":\"2022-01-21T11:18:20+00:00\",\"author\":{\"@id\":\"https:\/\/www.memo-media.de\/blog\/#\/schema\/person\/4a9ebc406469558526f2f3e5dd7a7ab0\"},\"description\":\"Es h\u00e4tte so sch\u00f6n werden k\u00f6nnen, das Wiedersehen auf der BOE International 2022. Hier lest ihr mehr zum geplanten Programm.\",\"breadcrumb\":{\"@id\":\"https:\/\/www.memo-media.de\/blog\/boe-international-2022\/#breadcrumb\"},\"inLanguage\":\"de\",\"potentialAction\":[{\"@type\":\"ReadAction\",\"target\":[\"https:\/\/www.memo-media.de\/blog\/boe-international-2022\/\"]}]},{\"@type\":\"BreadcrumbList\",\"@id\":\"https:\/\/www.memo-media.de\/blog\/boe-international-2022\/#breadcrumb\",\"itemListElement\":[{\"@type\":\"ListItem\",\"position\":1,\"name\":\"Home\",\"item\":\"https:\/\/www.memo-media.de\/blog\/\"},{\"@type\":\"ListItem\",\"position\":2,\"name\":\"BOE International 2022 &#8211; Die Branche zeigt sich\"}]},{\"@type\":\"WebSite\",\"@id\":\"https:\/\/www.memo-media.de\/blog\/#website\",\"url\":\"https:\/\/www.memo-media.de\/blog\/\",\"name\":\"memo-media Blog f\u00fcr die Eventplanung\",\"description\":\"News und Facts aus der Eventbranche f\u00fcr die Eventbranche\",\"potentialAction\":[{\"@type\":\"SearchAction\",\"target\":{\"@type\":\"EntryPoint\",\"urlTemplate\":\"https:\/\/www.memo-media.de\/blog\/?s={search_term_string}\"},\"query-input\":\"required name=search_term_string\"}],\"inLanguage\":\"de\"},{\"@type\":\"Person\",\"@id\":\"https:\/\/www.memo-media.de\/blog\/#\/schema\/person\/4a9ebc406469558526f2f3e5dd7a7ab0\",\"name\":\"Kerstin Meisner\",\"image\":{\"@type\":\"ImageObject\",\"inLanguage\":\"de\",\"@id\":\"https:\/\/www.memo-media.de\/blog\/#\/schema\/person\/image\/\",\"url\":\"https:\/\/www.memo-media.de\/blog\/wp-content\/uploads\/2022\/10\/kerstin-meisner_2022_03-mittel-150x150.jpg\",\"contentUrl\":\"https:\/\/www.memo-media.de\/blog\/wp-content\/uploads\/2022\/10\/kerstin-meisner_2022_03-mittel-150x150.jpg\",\"caption\":\"Kerstin Meisner\"},\"description\":\"Kerstin Meisner hat memo-media im Dezember 2000 gegr\u00fcndet. Die Website www.memo-media.de ist im Juni 2001 online gegangen und das erste Handbuch memo-media erschien im Herbst 2001. Seit 2007 wird das Magazin showcases von ihr als Herausgeberin herausgebracht, 2016 folgten die Eventmoods. Kerstin Meisner ist auch Chefredakteurin des memo-media Blogs f\u00fcr die Eventplanung und des monatlichen Eventbranchenbriefs, dem memoLetter.\",\"sameAs\":[\"https:\/\/www.memo-media.de\",\"https:\/\/www.facebook.com\/memomedia\"],\"url\":\"https:\/\/www.memo-media.de\/blog\/author\/kerstin-meisner\/\"}]}<\/script>\n<!-- \/ Yoast SEO Premium plugin. -->","yoast_head_json":{"title":"BOE International 2022 - Die Branche zeigt sich","description":"Es h\u00e4tte so sch\u00f6n werden k\u00f6nnen, das Wiedersehen auf der BOE International 2022. Hier lest ihr mehr zum geplanten Programm.","robots":{"index":"index","follow":"follow","max-snippet":"max-snippet:-1","max-image-preview":"max-image-preview:large","max-video-preview":"max-video-preview:-1"},"canonical":"https:\/\/www.memo-media.de\/blog\/boe-international-2022\/","og_locale":"de_DE","og_type":"article","og_title":"BOE International 2022 - Die Branche zeigt sich","og_description":"Es h\u00e4tte so sch\u00f6n werden k\u00f6nnen, das Wiedersehen auf der BOE International 2022. Hier lest ihr mehr zum geplanten Programm.","og_url":"https:\/\/www.memo-media.de\/blog\/boe-international-2022\/","og_site_name":"memo-media Blog f\u00fcr die Eventplanung","article_author":"https:\/\/www.facebook.com\/memomedia","article_published_time":"2022-01-19T12:00:55+00:00","article_modified_time":"2022-01-21T11:18:20+00:00","og_image":[{"width":850,"height":600,"url":"https:\/\/www.memo-media.de\/blog\/wp-content\/uploads\/2022\/01\/boe-021-ow2_8949.jpg","type":"image\/jpeg"}],"author":"Kerstin Meisner","twitter_misc":{"Verfasst von":"Kerstin Meisner","Gesch\u00e4tzte Lesezeit":"4\u00a0Minuten"},"schema":{"@context":"https:\/\/schema.org","@graph":[{"@type":"WebPage","@id":"https:\/\/www.memo-media.de\/blog\/boe-international-2022\/","url":"https:\/\/www.memo-media.de\/blog\/boe-international-2022\/","name":"BOE International 2022 - Die Branche zeigt sich","isPartOf":{"@id":"https:\/\/www.memo-media.de\/blog\/#website"},"datePublished":"2022-01-19T12:00:55+00:00","dateModified":"2022-01-21T11:18:20+00:00","author":{"@id":"https:\/\/www.memo-media.de\/blog\/#\/schema\/person\/4a9ebc406469558526f2f3e5dd7a7ab0"},"description":"Es h\u00e4tte so sch\u00f6n werden k\u00f6nnen, das Wiedersehen auf der BOE International 2022. Hier lest ihr mehr zum geplanten Programm.","breadcrumb":{"@id":"https:\/\/www.memo-media.de\/blog\/boe-international-2022\/#breadcrumb"},"inLanguage":"de","potentialAction":[{"@type":"ReadAction","target":["https:\/\/www.memo-media.de\/blog\/boe-international-2022\/"]}]},{"@type":"BreadcrumbList","@id":"https:\/\/www.memo-media.de\/blog\/boe-international-2022\/#breadcrumb","itemListElement":[{"@type":"ListItem","position":1,"name":"Home","item":"https:\/\/www.memo-media.de\/blog\/"},{"@type":"ListItem","position":2,"name":"BOE International 2022 &#8211; Die Branche zeigt sich"}]},{"@type":"WebSite","@id":"https:\/\/www.memo-media.de\/blog\/#website","url":"https:\/\/www.memo-media.de\/blog\/","name":"memo-media Blog f\u00fcr die Eventplanung","description":"News und Facts aus der Eventbranche f\u00fcr die Eventbranche","potentialAction":[{"@type":"SearchAction","target":{"@type":"EntryPoint","urlTemplate":"https:\/\/www.memo-media.de\/blog\/?s={search_term_string}"},"query-input":"required name=search_term_string"}],"inLanguage":"de"},{"@type":"Person","@id":"https:\/\/www.memo-media.de\/blog\/#\/schema\/person\/4a9ebc406469558526f2f3e5dd7a7ab0","name":"Kerstin Meisner","image":{"@type":"ImageObject","inLanguage":"de","@id":"https:\/\/www.memo-media.de\/blog\/#\/schema\/person\/image\/","url":"https:\/\/www.memo-media.de\/blog\/wp-content\/uploads\/2022\/10\/kerstin-meisner_2022_03-mittel-150x150.jpg","contentUrl":"https:\/\/www.memo-media.de\/blog\/wp-content\/uploads\/2022\/10\/kerstin-meisner_2022_03-mittel-150x150.jpg","caption":"Kerstin Meisner"},"description":"Kerstin Meisner hat memo-media im Dezember 2000 gegr\u00fcndet. Die Website www.memo-media.de ist im Juni 2001 online gegangen und das erste Handbuch memo-media erschien im Herbst 2001. Seit 2007 wird das Magazin showcases von ihr als Herausgeberin herausgebracht, 2016 folgten die Eventmoods. Kerstin Meisner ist auch Chefredakteurin des memo-media Blogs f\u00fcr die Eventplanung und des monatlichen Eventbranchenbriefs, dem memoLetter.","sameAs":["https:\/\/www.memo-media.de","https:\/\/www.facebook.com\/memomedia"],"url":"https:\/\/www.memo-media.de\/blog\/author\/kerstin-meisner\/"}]}},"_links":{"self":[{"href":"https:\/\/www.memo-media.de\/blog\/wp-json\/wp\/v2\/posts\/14346"}],"collection":[{"href":"https:\/\/www.memo-media.de\/blog\/wp-json\/wp\/v2\/posts"}],"about":[{"href":"https:\/\/www.memo-media.de\/blog\/wp-json\/wp\/v2\/types\/post"}],"author":[{"embeddable":true,"href":"https:\/\/www.memo-media.de\/blog\/wp-json\/wp\/v2\/users\/2"}],"replies":[{"embeddable":true,"href":"https:\/\/www.memo-media.de\/blog\/wp-json\/wp\/v2\/comments?post=14346"}],"version-history":[{"count":2,"href":"https:\/\/www.memo-media.de\/blog\/wp-json\/wp\/v2\/posts\/14346\/revisions"}],"predecessor-version":[{"id":14366,"href":"https:\/\/www.memo-media.de\/blog\/wp-json\/wp\/v2\/posts\/14346\/revisions\/14366"}],"wp:featuredmedia":[{"embeddable":true,"href":"https:\/\/www.memo-media.de\/blog\/wp-json\/wp\/v2\/media\/14365"}],"wp:attachment":[{"href":"https:\/\/www.memo-media.de\/blog\/wp-json\/wp\/v2\/media?parent=14346"}],"wp:term":[{"taxonomy":"category","embeddable":true,"href":"https:\/\/www.memo-media.de\/blog\/wp-json\/wp\/v2\/categories?post=14346"},{"taxonomy":"post_tag","embeddable":true,"href":"https:\/\/www.memo-media.de\/blog\/wp-json\/wp\/v2\/tags?post=14346"}],"curies":[{"name":"wp","href":"https:\/\/api.w.org\/{rel}","templated":true}]}}