{"id":13295,"date":"2021-04-20T14:00:26","date_gmt":"2021-04-20T12:00:26","guid":{"rendered":"https:\/\/www.memo-media.de\/blog\/?p=13295"},"modified":"2021-05-17T15:37:56","modified_gmt":"2021-05-17T13:37:56","slug":"tv-und-eventproduktion","status":"publish","type":"post","link":"https:\/\/www.memo-media.de\/blog\/tv-und-eventproduktion\/","title":{"rendered":"TV- und Eventproduktion mit Riedel: Beim America\u2019s Cup zeigte das Unternehmen, was m\u00f6glich ist"},"content":{"rendered":"<p>Es ist die \u00e4lteste Sporttroph\u00e4e der Welt \u2013 und die neuesten Technologien in Sachen Live-TV-Produktion und Event-Infrastruktur \u00fcberhaupt. F\u00fcr sein neuestes Projekt f\u00fcr die \u00dcbertragung des 36. America\u2019s Cup hat Riedel Communications, Experte f\u00fcr <a href=\"https:\/\/www.riedel.net\/de\/managed-technology\/\" target=\"_blank\" rel=\"noopener\">Managed Technology<\/a>, ein ma\u00dfgeschneidertes 360-Grad-Technologiekonzept realisiert und daf\u00fcr Kameral\u00f6sungen, Audiotechnologien und Sensorik samt technischer Infrastruktur geliefert. Das hei\u00dft: <a href=\"https:\/\/www.riedel.net\/de\/\" target=\"_blank\" rel=\"noopener\">Riedel vermietete die Technologie<\/a> und stellte die \u00a0Expertise, baute ma\u00dfgeschneiderte Technologien f\u00fcr die jeweilige Anforderung auf, installierte und betreute bei der Durchf\u00fchrung. Wie High-Tech segel- und salzwassertauglich werden kann, das hat uns CEO Thomas Riedel in einem Gespr\u00e4ch zum Thema TV- und Eventproduktion verraten.<\/p>\n<h3>Extreme Bedingungen auf hoher See<\/h3>\n<div id=\"attachment_13298\" style=\"width: 310px\" class=\"wp-caption alignleft\"><a href=\"https:\/\/www.memo-media.de\/blog\/wp-content\/uploads\/2021\/05\/riedel-americas_cup-bolero_s_ineos_britannia1050.jpg\"><img aria-describedby=\"caption-attachment-13298\" decoding=\"async\" loading=\"lazy\" class=\"wp-image-13298 size-medium\" src=\"https:\/\/www.memo-media.de\/blog\/wp-content\/uploads\/2021\/05\/riedel-americas_cup-bolero_s_ineos_britannia1050-300x230.jpg\" alt=\"Die gesamte Technologie muss den Bedingungen auf See standhalten. \" width=\"300\" height=\"230\" srcset=\"https:\/\/www.memo-media.de\/blog\/wp-content\/uploads\/2021\/05\/riedel-americas_cup-bolero_s_ineos_britannia1050-300x230.jpg 300w, https:\/\/www.memo-media.de\/blog\/wp-content\/uploads\/2021\/05\/riedel-americas_cup-bolero_s_ineos_britannia1050-1024x784.jpg 1024w, https:\/\/www.memo-media.de\/blog\/wp-content\/uploads\/2021\/05\/riedel-americas_cup-bolero_s_ineos_britannia1050-768x588.jpg 768w, https:\/\/www.memo-media.de\/blog\/wp-content\/uploads\/2021\/05\/riedel-americas_cup-bolero_s_ineos_britannia1050-335x257.jpg 335w, https:\/\/www.memo-media.de\/blog\/wp-content\/uploads\/2021\/05\/riedel-americas_cup-bolero_s_ineos_britannia1050-203x157.jpg 203w, https:\/\/www.memo-media.de\/blog\/wp-content\/uploads\/2021\/05\/riedel-americas_cup-bolero_s_ineos_britannia1050-72x54.jpg 72w, https:\/\/www.memo-media.de\/blog\/wp-content\/uploads\/2021\/05\/riedel-americas_cup-bolero_s_ineos_britannia1050.jpg 1050w\" sizes=\"(max-width: 300px) 100vw, 300px\" \/><\/a><p id=\"caption-attachment-13298\" class=\"wp-caption-text\">Die gesamte Technologie muss den Bedingungen auf See standhalten.<\/p><\/div>\n<p>\u201eEin 30-k\u00f6pfiges Team vor Ort in Neuseeland hat alle Audio-, Video-, Kommunikations-, Tracking- und Daten\u00fcbertragungssysteme verantwortet, inklusive der Signale von Bordkameras, Verfolgungsbooten und Helikoptern\u201c, erkl\u00e4rt Thomas Riedel. Gro\u00dfe Herausforderung dabei: Die Kamera-, Mikrofon- und \u00dcbertragungssysteme m\u00fcssen den extremen Bedingungen auf See, also im Salzwasser!, standhalten. \u201eDeswegen haben wir ma\u00dfgeschneidertes Equipment an Bord der Rennyachten bereitgestellt\u201c, so Riedel. Zum Beispiel: ein Frischwasser-Linsenwaschsystem, das auf Knopfdruck per Fernsteuerung den Booten die Salzkrusten von den Optiken wusch. Und dabei hat auch das riesige Netzwerk Riedels geholfen: Antennen und Radarsysteme, GPS-Tracking-Technologien und sogar hochspezialisiertes nautisches Know-how kam aus der eigenen \u201eRiedel-Familie\u201c, aber auch externe Partner wurden von Riedel Communications f\u00fcr die TV- und Eventproduktion eingebunden und koordiniert, etwa f\u00fcr das \u00fcbergreifende Technologiekonzept f\u00fcr die Berichterstattung.<\/p>\n<h3>Wuppertal &#8211; Neuseeland<\/h3>\n<div id=\"attachment_13299\" style=\"width: 310px\" class=\"wp-caption alignright\"><a href=\"https:\/\/www.memo-media.de\/blog\/wp-content\/uploads\/2021\/05\/riedel-americas_cup-hq_wuppertal_setup1000.jpg\"><img aria-describedby=\"caption-attachment-13299\" decoding=\"async\" loading=\"lazy\" class=\"wp-image-13299 size-medium\" src=\"https:\/\/www.memo-media.de\/blog\/wp-content\/uploads\/2021\/05\/riedel-americas_cup-hq_wuppertal_setup1000-300x200.jpg\" alt=\"Set-up in Wuppertal\" width=\"300\" height=\"200\" srcset=\"https:\/\/www.memo-media.de\/blog\/wp-content\/uploads\/2021\/05\/riedel-americas_cup-hq_wuppertal_setup1000-300x200.jpg 300w, https:\/\/www.memo-media.de\/blog\/wp-content\/uploads\/2021\/05\/riedel-americas_cup-hq_wuppertal_setup1000-768x512.jpg 768w, https:\/\/www.memo-media.de\/blog\/wp-content\/uploads\/2021\/05\/riedel-americas_cup-hq_wuppertal_setup1000-335x223.jpg 335w, https:\/\/www.memo-media.de\/blog\/wp-content\/uploads\/2021\/05\/riedel-americas_cup-hq_wuppertal_setup1000.jpg 1000w\" sizes=\"(max-width: 300px) 100vw, 300px\" \/><\/a><p id=\"caption-attachment-13299\" class=\"wp-caption-text\">Set-up in Wuppertal<\/p><\/div>\n<p>Aber nicht nur in Neuseeland war das Riedel-Team aktiv \u2013 auch <a href=\"https:\/\/www.riedel.net\/de\/unternehmen\/ueber-uns\/\" target=\"_blank\" rel=\"noopener\">von der Zentrale aus in Wuppertal war das Unternehmen<\/a> beim America\u2019s Cup fest eingebunden: \u00dcber das Riedel Remote Operations Center (ROC), ein leistungsf\u00e4higes Kommunikations- und Signal\u00fcbertragungszentrum, gab es Remote-Support direkt gesteuert aus der Heimat. Hier\u00fcber konnte die Crew aus der Ferne auf das gesamte System-Setup in Auckland zugreifen, einschlie\u00dflich der Video-, Audio- und Intercom-Signale. So konnte das ROC-Team wichtige Parameter der Ausr\u00fcstung an Bord der Sportboote, wie Kamerasteuerung, Audio-Setup, GPS-Daten\u00fcbertragung und Batteriemanagement \u00fcberwachen und steuern und die Crew in Neuseeland von Wuppertal aus st\u00e4ndig unterst\u00fctzen, wo es n\u00f6tig war.<\/p>\n<h3>TV- und Eventproduktion f\u00fcr neue Perspektiven<\/h3>\n<div id=\"attachment_13300\" style=\"width: 310px\" class=\"wp-caption alignleft\"><a href=\"https:\/\/www.memo-media.de\/blog\/wp-content\/uploads\/2021\/05\/riedel-americas_cup-international_broadcast_center1000.jpg\"><img aria-describedby=\"caption-attachment-13300\" decoding=\"async\" loading=\"lazy\" class=\"wp-image-13300 size-medium\" src=\"https:\/\/www.memo-media.de\/blog\/wp-content\/uploads\/2021\/05\/riedel-americas_cup-international_broadcast_center1000-300x200.jpg\" alt=\"TV- und Eventproduktion im internationalen Broadcast-Center. \" width=\"300\" height=\"200\" srcset=\"https:\/\/www.memo-media.de\/blog\/wp-content\/uploads\/2021\/05\/riedel-americas_cup-international_broadcast_center1000-300x200.jpg 300w, https:\/\/www.memo-media.de\/blog\/wp-content\/uploads\/2021\/05\/riedel-americas_cup-international_broadcast_center1000-768x511.jpg 768w, https:\/\/www.memo-media.de\/blog\/wp-content\/uploads\/2021\/05\/riedel-americas_cup-international_broadcast_center1000-335x223.jpg 335w, https:\/\/www.memo-media.de\/blog\/wp-content\/uploads\/2021\/05\/riedel-americas_cup-international_broadcast_center1000.jpg 1000w\" sizes=\"(max-width: 300px) 100vw, 300px\" \/><\/a><p id=\"caption-attachment-13300\" class=\"wp-caption-text\">TV- und Eventproduktion im internationalen Broadcast-Center.<\/p><\/div>\n<p>\u201eF\u00fcr uns war dieses Projekt eine ganz besondere Herausforderung\u201c, verr\u00e4t Thomas Riedel. Denn: Die Produktionsumgebungen seien zwar extrem anspruchsvoll gewesen, mit der jahrzehntelangen Erfahrung und dem gro\u00dfen Netzwerk aber eine TV- und Eventproduktion, die das Unternehmen sicher in bester Erinnerung behalten wird. Und das werden wohl auch die Zuschauer: \u201eDie eindrucksvolle Berichterstattung er\u00f6ffnet v\u00f6llig neue Perspektiven auf den Segelsport und zeigt, welchen gro\u00dfen Einfluss Technologie auf Unterhaltungsformate und die Greifbarkeit von Sportereignissen haben kann\u201c, findet Thomas Riedel. Was er damit meint: Der Ort des Wettbewerbs, die Zuschauer und die Kameraleute waren keine voneinander getrennten Bereiche mehr wie das fr\u00fcher einmal war. Sondern alles war miteinander verbunden und vernetzt \u2013 <a href=\"https:\/\/www.riedel.net\/de\/produkte-loesungen\/\" target=\"_blank\" rel=\"noopener\">eine Idee, die bei Riedel schon l\u00e4nger zum Einsatz kommt<\/a>. Nur mitgesegelt ist niemand vom Riedel-Team. Doch wenn in den Booten gen\u00fcgend Platz gewesen w\u00e4re, h\u00e4tte das Vor-ort-Team sicher auch das liebend gerne gemacht!<\/p>\n<p>&nbsp;<\/p>\n<p>Hier geht es zu <a href=\"https:\/\/www.eventbranchenverzeichnis.de\/details\/riedel-communications-22120.html\" target=\"_blank\" rel=\"noopener\">Riedel<\/a>.<\/p>\n","protected":false},"excerpt":{"rendered":"<p>Es ist die \u00e4lteste Sporttroph\u00e4e der Welt \u2013 und die neuesten Technologien in Sachen Live-TV-Produktion und Event-Infrastruktur \u00fcberhaupt. F\u00fcr sein&#8230;<\/p>\n","protected":false},"author":29,"featured_media":13301,"comment_status":"closed","ping_status":"open","sticky":false,"template":"","format":"standard","meta":[],"categories":[10],"tags":[2487,2486,2028,620,1342],"yoast_head":"<!-- This site is optimized with the Yoast SEO Premium plugin v20.5 (Yoast SEO v20.5) - https:\/\/yoast.com\/wordpress\/plugins\/seo\/ -->\n<title>TV- und Eventproduktion von Riedel beim America&#039;s Cup<\/title>\n<meta name=\"description\" content=\"Beim America&#039;s Cup in Neuseeland zeigte Riedel eindrucksvoll, wie TV- und Eventproduktion auch unter extremen Bedingungen geht.\" \/>\n<meta name=\"robots\" content=\"index, follow, max-snippet:-1, max-image-preview:large, max-video-preview:-1\" \/>\n<link rel=\"canonical\" href=\"https:\/\/www.memo-media.de\/blog\/tv-und-eventproduktion\/\" \/>\n<meta property=\"og:locale\" content=\"de_DE\" \/>\n<meta property=\"og:type\" content=\"article\" \/>\n<meta property=\"og:title\" content=\"TV- und Eventproduktion mit Riedel: Beim America\u2019s Cup zeigte das Unternehmen, was m\u00f6glich ist\" \/>\n<meta property=\"og:description\" content=\"Beim America&#039;s Cup in Neuseeland zeigte Riedel eindrucksvoll, wie TV- und Eventproduktion auch unter extremen Bedingungen geht.\" \/>\n<meta property=\"og:url\" content=\"https:\/\/www.memo-media.de\/blog\/tv-und-eventproduktion\/\" \/>\n<meta property=\"og:site_name\" content=\"memo-media Blog f\u00fcr die Eventplanung\" \/>\n<meta property=\"article:published_time\" content=\"2021-04-20T12:00:26+00:00\" \/>\n<meta property=\"article:modified_time\" content=\"2021-05-17T13:37:56+00:00\" \/>\n<meta property=\"og:image\" content=\"https:\/\/www.memo-media.de\/blog\/wp-content\/uploads\/2021\/05\/riedel-americas_cup-luna_rossa_te_rehutai1000.jpg\" \/>\n\t<meta property=\"og:image:width\" content=\"1000\" \/>\n\t<meta property=\"og:image:height\" content=\"609\" \/>\n\t<meta property=\"og:image:type\" content=\"image\/jpeg\" \/>\n<meta name=\"author\" content=\"Julia Gundelach\" \/>\n<meta name=\"twitter:label1\" content=\"Verfasst von\" \/>\n\t<meta name=\"twitter:data1\" content=\"Julia Gundelach\" \/>\n\t<meta name=\"twitter:label2\" content=\"Gesch\u00e4tzte Lesezeit\" \/>\n\t<meta name=\"twitter:data2\" content=\"3\u00a0Minuten\" \/>\n<script type=\"application\/ld+json\" class=\"yoast-schema-graph\">{\"@context\":\"https:\/\/schema.org\",\"@graph\":[{\"@type\":\"WebPage\",\"@id\":\"https:\/\/www.memo-media.de\/blog\/tv-und-eventproduktion\/\",\"url\":\"https:\/\/www.memo-media.de\/blog\/tv-und-eventproduktion\/\",\"name\":\"TV- und Eventproduktion von Riedel beim America's Cup\",\"isPartOf\":{\"@id\":\"https:\/\/www.memo-media.de\/blog\/#website\"},\"datePublished\":\"2021-04-20T12:00:26+00:00\",\"dateModified\":\"2021-05-17T13:37:56+00:00\",\"author\":{\"@id\":\"https:\/\/www.memo-media.de\/blog\/#\/schema\/person\/b01cd365604b7a1226e889d3e8e6f56d\"},\"description\":\"Beim America's Cup in Neuseeland zeigte Riedel eindrucksvoll, wie TV- und Eventproduktion auch unter extremen Bedingungen geht.\",\"breadcrumb\":{\"@id\":\"https:\/\/www.memo-media.de\/blog\/tv-und-eventproduktion\/#breadcrumb\"},\"inLanguage\":\"de\",\"potentialAction\":[{\"@type\":\"ReadAction\",\"target\":[\"https:\/\/www.memo-media.de\/blog\/tv-und-eventproduktion\/\"]}]},{\"@type\":\"BreadcrumbList\",\"@id\":\"https:\/\/www.memo-media.de\/blog\/tv-und-eventproduktion\/#breadcrumb\",\"itemListElement\":[{\"@type\":\"ListItem\",\"position\":1,\"name\":\"Home\",\"item\":\"https:\/\/www.memo-media.de\/blog\/\"},{\"@type\":\"ListItem\",\"position\":2,\"name\":\"TV- und Eventproduktion mit Riedel: Beim America\u2019s Cup zeigte das Unternehmen, was m\u00f6glich ist\"}]},{\"@type\":\"WebSite\",\"@id\":\"https:\/\/www.memo-media.de\/blog\/#website\",\"url\":\"https:\/\/www.memo-media.de\/blog\/\",\"name\":\"memo-media Blog f\u00fcr die Eventplanung\",\"description\":\"News und Facts aus der Eventbranche f\u00fcr die Eventbranche\",\"potentialAction\":[{\"@type\":\"SearchAction\",\"target\":{\"@type\":\"EntryPoint\",\"urlTemplate\":\"https:\/\/www.memo-media.de\/blog\/?s={search_term_string}\"},\"query-input\":\"required name=search_term_string\"}],\"inLanguage\":\"de\"},{\"@type\":\"Person\",\"@id\":\"https:\/\/www.memo-media.de\/blog\/#\/schema\/person\/b01cd365604b7a1226e889d3e8e6f56d\",\"name\":\"Julia Gundelach\",\"image\":{\"@type\":\"ImageObject\",\"inLanguage\":\"de\",\"@id\":\"https:\/\/www.memo-media.de\/blog\/#\/schema\/person\/image\/\",\"url\":\"https:\/\/www.memo-media.de\/blog\/wp-content\/uploads\/2021\/05\/julia-gundelach-150x150.jpg\",\"contentUrl\":\"https:\/\/www.memo-media.de\/blog\/wp-content\/uploads\/2021\/05\/julia-gundelach-150x150.jpg\",\"caption\":\"Julia Gundelach\"},\"description\":\"Julia Gundelach ist seit 2016 Teil des memo-media-Teams und bloggt am liebsten \u00fcber actionreiche Eventformate, die sie auch selbst mal testen darf. Als freie Redakteurin ist sie spezialisiert auf die Bereiche Marketing, PR und Werbung, aber auch auf neue Themen in der Veranstaltungswirtschaft. Zum Gl\u00fcck, denn eine buntere, vielf\u00e4ltigere und \u00fcberraschendere Welt, als das Event-Business kann sie sich nicht vorstellen!\",\"url\":\"https:\/\/www.memo-media.de\/blog\/author\/anna-steinberg\/\"}]}<\/script>\n<!-- \/ Yoast SEO Premium plugin. -->","yoast_head_json":{"title":"TV- und Eventproduktion von Riedel beim America's Cup","description":"Beim America's Cup in Neuseeland zeigte Riedel eindrucksvoll, wie TV- und Eventproduktion auch unter extremen Bedingungen geht.","robots":{"index":"index","follow":"follow","max-snippet":"max-snippet:-1","max-image-preview":"max-image-preview:large","max-video-preview":"max-video-preview:-1"},"canonical":"https:\/\/www.memo-media.de\/blog\/tv-und-eventproduktion\/","og_locale":"de_DE","og_type":"article","og_title":"TV- und Eventproduktion mit Riedel: Beim America\u2019s Cup zeigte das Unternehmen, was m\u00f6glich ist","og_description":"Beim America's Cup in Neuseeland zeigte Riedel eindrucksvoll, wie TV- und Eventproduktion auch unter extremen Bedingungen geht.","og_url":"https:\/\/www.memo-media.de\/blog\/tv-und-eventproduktion\/","og_site_name":"memo-media Blog f\u00fcr die Eventplanung","article_published_time":"2021-04-20T12:00:26+00:00","article_modified_time":"2021-05-17T13:37:56+00:00","og_image":[{"width":1000,"height":609,"url":"https:\/\/www.memo-media.de\/blog\/wp-content\/uploads\/2021\/05\/riedel-americas_cup-luna_rossa_te_rehutai1000.jpg","type":"image\/jpeg"}],"author":"Julia Gundelach","twitter_misc":{"Verfasst von":"Julia Gundelach","Gesch\u00e4tzte Lesezeit":"3\u00a0Minuten"},"schema":{"@context":"https:\/\/schema.org","@graph":[{"@type":"WebPage","@id":"https:\/\/www.memo-media.de\/blog\/tv-und-eventproduktion\/","url":"https:\/\/www.memo-media.de\/blog\/tv-und-eventproduktion\/","name":"TV- und Eventproduktion von Riedel beim America's Cup","isPartOf":{"@id":"https:\/\/www.memo-media.de\/blog\/#website"},"datePublished":"2021-04-20T12:00:26+00:00","dateModified":"2021-05-17T13:37:56+00:00","author":{"@id":"https:\/\/www.memo-media.de\/blog\/#\/schema\/person\/b01cd365604b7a1226e889d3e8e6f56d"},"description":"Beim America's Cup in Neuseeland zeigte Riedel eindrucksvoll, wie TV- und Eventproduktion auch unter extremen Bedingungen geht.","breadcrumb":{"@id":"https:\/\/www.memo-media.de\/blog\/tv-und-eventproduktion\/#breadcrumb"},"inLanguage":"de","potentialAction":[{"@type":"ReadAction","target":["https:\/\/www.memo-media.de\/blog\/tv-und-eventproduktion\/"]}]},{"@type":"BreadcrumbList","@id":"https:\/\/www.memo-media.de\/blog\/tv-und-eventproduktion\/#breadcrumb","itemListElement":[{"@type":"ListItem","position":1,"name":"Home","item":"https:\/\/www.memo-media.de\/blog\/"},{"@type":"ListItem","position":2,"name":"TV- und Eventproduktion mit Riedel: Beim America\u2019s Cup zeigte das Unternehmen, was m\u00f6glich ist"}]},{"@type":"WebSite","@id":"https:\/\/www.memo-media.de\/blog\/#website","url":"https:\/\/www.memo-media.de\/blog\/","name":"memo-media Blog f\u00fcr die Eventplanung","description":"News und Facts aus der Eventbranche f\u00fcr die Eventbranche","potentialAction":[{"@type":"SearchAction","target":{"@type":"EntryPoint","urlTemplate":"https:\/\/www.memo-media.de\/blog\/?s={search_term_string}"},"query-input":"required name=search_term_string"}],"inLanguage":"de"},{"@type":"Person","@id":"https:\/\/www.memo-media.de\/blog\/#\/schema\/person\/b01cd365604b7a1226e889d3e8e6f56d","name":"Julia Gundelach","image":{"@type":"ImageObject","inLanguage":"de","@id":"https:\/\/www.memo-media.de\/blog\/#\/schema\/person\/image\/","url":"https:\/\/www.memo-media.de\/blog\/wp-content\/uploads\/2021\/05\/julia-gundelach-150x150.jpg","contentUrl":"https:\/\/www.memo-media.de\/blog\/wp-content\/uploads\/2021\/05\/julia-gundelach-150x150.jpg","caption":"Julia Gundelach"},"description":"Julia Gundelach ist seit 2016 Teil des memo-media-Teams und bloggt am liebsten \u00fcber actionreiche Eventformate, die sie auch selbst mal testen darf. Als freie Redakteurin ist sie spezialisiert auf die Bereiche Marketing, PR und Werbung, aber auch auf neue Themen in der Veranstaltungswirtschaft. Zum Gl\u00fcck, denn eine buntere, vielf\u00e4ltigere und \u00fcberraschendere Welt, als das Event-Business kann sie sich nicht vorstellen!","url":"https:\/\/www.memo-media.de\/blog\/author\/anna-steinberg\/"}]}},"_links":{"self":[{"href":"https:\/\/www.memo-media.de\/blog\/wp-json\/wp\/v2\/posts\/13295"}],"collection":[{"href":"https:\/\/www.memo-media.de\/blog\/wp-json\/wp\/v2\/posts"}],"about":[{"href":"https:\/\/www.memo-media.de\/blog\/wp-json\/wp\/v2\/types\/post"}],"author":[{"embeddable":true,"href":"https:\/\/www.memo-media.de\/blog\/wp-json\/wp\/v2\/users\/29"}],"replies":[{"embeddable":true,"href":"https:\/\/www.memo-media.de\/blog\/wp-json\/wp\/v2\/comments?post=13295"}],"version-history":[{"count":5,"href":"https:\/\/www.memo-media.de\/blog\/wp-json\/wp\/v2\/posts\/13295\/revisions"}],"predecessor-version":[{"id":13358,"href":"https:\/\/www.memo-media.de\/blog\/wp-json\/wp\/v2\/posts\/13295\/revisions\/13358"}],"wp:featuredmedia":[{"embeddable":true,"href":"https:\/\/www.memo-media.de\/blog\/wp-json\/wp\/v2\/media\/13301"}],"wp:attachment":[{"href":"https:\/\/www.memo-media.de\/blog\/wp-json\/wp\/v2\/media?parent=13295"}],"wp:term":[{"taxonomy":"category","embeddable":true,"href":"https:\/\/www.memo-media.de\/blog\/wp-json\/wp\/v2\/categories?post=13295"},{"taxonomy":"post_tag","embeddable":true,"href":"https:\/\/www.memo-media.de\/blog\/wp-json\/wp\/v2\/tags?post=13295"}],"curies":[{"name":"wp","href":"https:\/\/api.w.org\/{rel}","templated":true}]}}