{"id":13118,"date":"2021-04-06T14:00:22","date_gmt":"2021-04-06T12:00:22","guid":{"rendered":"https:\/\/www.memo-media.de\/blog\/?p=13118"},"modified":"2022-06-01T14:26:15","modified_gmt":"2022-06-01T12:26:15","slug":"messeveranstaltungen","status":"publish","type":"post","link":"https:\/\/www.memo-media.de\/blog\/messeveranstaltungen\/","title":{"rendered":"Weiter, immer weiter! &#8211; Talking Heads zu Technikmessen &#038; Virtualit\u00e4t"},"content":{"rendered":"<p>Covid-19 bremste 2020 auch die Veranstaltungstechnikmessen und dazugeh\u00f6rigen Konferenzen aus. showcases lud die f\u00fchrenden K\u00f6pfe der internationalen Technikmessen zum virtuellen Gespr\u00e4ch. Wie es mit der Integrated Systems Europe <a href=\"https:\/\/www.iseurope.org\/\">(ISE)<\/a> weitergeht, beantwortet Managing Director Mike Blackman, f\u00fcr die <a href=\"https:\/\/www.eventbranchenverzeichnis.de\/details\/prolight-sound-27775.html\">Prolight + Sound<\/a> steht deren neue Leiterin Mira W\u00f6lfel Rede und Antwort und f\u00fcr die <a href=\"https:\/\/www.techxperience.de\/\">TechXperience<\/a> deren Initiator und Macher Dominik Deubner von der durchf\u00fchrenden <a href=\"https:\/\/www.eventbranchenverzeichnis.de\/details\/mice-club-46900.html\">Domset GmbH &amp; Co. KG<\/a>.<\/p>\n<p><strong>Walter Wehrhan: <\/strong>Die ISE, erstmalig in Barcelona, wurde von Februar 2021 auf den 1. bis 4. Juni 2021 verlegt. Die Prolight + Sound wurde als Liveformat ganz abgesagt, die TechXperience 2020 fand bereits vollst\u00e4ndig digital statt. Wie sieht es aktuell aus?<\/p>\n<p><strong>Mike Blackman:<\/strong> Die Verf\u00fcgbarkeit von Covid-Impfstoffen wird ein gro\u00dfer Schritt zur Lockerung der Reisebeschr\u00e4nkungen sein \u2013 inklusive der M\u00f6glichkeiten, sichere Flugreisen zu unternehmen. Bis jetzt standen unsere Vorbereitungen f\u00fcr die ISE unter dem Zeichen eines \u00bbWorst Case\u00ab. Anfang 2020 hatten wir bereits einen Leitfaden f\u00fcr Grundlagen einer sichere Messe ver\u00f6ffentlicht. In diesem Leitfaden hatten wir dargelegt, welche Anforderungen von Aussteller*innen und Besucher*innen verlangt werden: u. a. die grundlegenden Dinge wie H\u00e4nde waschen und desinfizieren, eine Gesichtsmaske tragen, Abstand zu anderen halten etc. Wir sprechen zurzeit permanent mit den zust\u00e4ndigen Beh\u00f6rden \u00fcber Sicherheit f\u00fcr Aussteller*innen und Besucher*innen bei Anreise und Aufenthalt in Barcelona. Aber wir werden weiterhin den Rat der nationalen Beh\u00f6rden befolgen. Bis Juni werden die internationalen Impfungen hoffentlich so weit fortgeschritten sein, dass die aktuell noch geltenden harten Ma\u00dfnahmen gelockert sind.<\/p>\n<p><strong>Mira W\u00f6lfel:<\/strong> Gemeinsam mit der Branche haben wir bis zum Ende gehofft, uns im April wieder in Frankfurt zu treffen. Wir hatten uns der Mission verschrieben, der Industrie neues Leben einzuhauchen, Wege aus der Krise zu finden und Inspiration f\u00fcr den Restart der Eventwirtschaft auszusenden. Denn wir wissen, wie gro\u00df das Interesse der Branche daran ist, sich wieder pers\u00f6nlich zu begegnen. Wir wissen aber auch, wie wichtig es gerade in diesen Zeiten ist, ein bestm\u00f6gliches Ma\u00df an Planungssicherheit zu gew\u00e4hrleisten. Aktuell gilt in Deutschland de facto ein Veranstaltungsverbot. Eine Entspannung bis zum geplanten Termin ist leider nicht in Sicht. Daher haben wir die Entscheidung getroffen, den Fokus auf <a href=\"https:\/\/www.memo-media.de\/eventinfo\/2022-04-26-prolight-sound-2022-frankfurt-am-main-8840.html\">2022 <\/a>zu richten. Es wird also 2021 keine Prolight + Sound in Frankfurt geben. Wir haben uns diesen Schritt alles andere als leicht gemacht. Wir sind aber \u00fcberzeugt, im Interesse der Branche richtig gehandelt zu haben.<\/p>\n<div id=\"attachment_13122\" style=\"width: 310px\" class=\"wp-caption alignright\"><a href=\"https:\/\/www.memo-media.de\/blog\/wp-content\/uploads\/2021\/02\/dominik-deubner-by-patrick-tichy-custom.jpg\"><img aria-describedby=\"caption-attachment-13122\" decoding=\"async\" loading=\"lazy\" class=\"wp-image-13122 size-medium\" src=\"https:\/\/www.memo-media.de\/blog\/wp-content\/uploads\/2021\/02\/dominik-deubner-by-patrick-tichy-custom-300x200.jpg\" alt=\"Dominik Deubner ist Initiator der TechXperience\" width=\"300\" height=\"200\" srcset=\"https:\/\/www.memo-media.de\/blog\/wp-content\/uploads\/2021\/02\/dominik-deubner-by-patrick-tichy-custom-300x200.jpg 300w, https:\/\/www.memo-media.de\/blog\/wp-content\/uploads\/2021\/02\/dominik-deubner-by-patrick-tichy-custom-768x512.jpg 768w, https:\/\/www.memo-media.de\/blog\/wp-content\/uploads\/2021\/02\/dominik-deubner-by-patrick-tichy-custom-335x223.jpg 335w, https:\/\/www.memo-media.de\/blog\/wp-content\/uploads\/2021\/02\/dominik-deubner-by-patrick-tichy-custom.jpg 1000w\" sizes=\"(max-width: 300px) 100vw, 300px\" \/><\/a><p id=\"caption-attachment-13122\" class=\"wp-caption-text\">Dominik Deubner ist Initiator der TechXperience<\/p><\/div>\n<p><strong>Dominik Deubner:<\/strong> Im Nachhinein kann ich sehr zufrieden mit der Resonanz und der Beteiligung an unserer EventTech-Konferenz sein. Ich hatte kurzerhand \u2013 ca. acht Wochen vor Termin \u2013 entschieden, die Veranstaltung rein digital durchzuf\u00fchren, da auch eine hybride Umsetzung im Dezember wenig Aussicht auf hohe Besucherbeteiligung gehabt h\u00e4tte. Diese Entscheidung hat sich im Nachhinein als goldrichtig erwiesen. Herausfordernder war es vielmehr, ein tragf\u00e4higes Umsetzungsmodell zu finden, mit dem alle beteiligten Akteur*innen \u2013 die EventTech-Anbieter*innen, die Fachbesucher*innen und ich als Veranstalter \u2013 gl\u00fccklich sind. Ich habe mich letztlich f\u00fcr ein Freemium-Modell entschieden: Durch das kostenfreie Fachbesucherticket ist es uns gelungen, weit \u00fcber 700 Fachbesucher f\u00fcr die Veranstaltung zu gewinnen, die optional ein kostenpflichtiges Premium-Upgrade buchen konnten. Die hohe Teilnehmerzahl auf Fachbesucher*innenseite wiederum hat die Beteiligung f\u00fcr die EventTech-Anbieter*innen sehr attraktiv gemacht, so dass ich als Veranstalter letzten Endes mit einem besseren Ergebnis aus der Veranstaltung gegangen bin als in den Vorjahren.<\/p>\n<p><strong>WW: <\/strong>Welche Themen und Expert*innen werden digital angeboten?<\/p>\n<p><strong>MW:<\/strong> Die Prolight + Sound 2021 war als Hybrid Edition geplant. Umfangreiche digitale Formate sollten also die Pr\u00e4senzveranstaltung erg\u00e4nzen und eine internationale Teilnahme erm\u00f6glichen. Zum Konzept z\u00e4hlten KI-gest\u00fctzte Matchmaking-Angebote, [memo_kategorie id=3701]Online-Weiterbildung[\/memo_kategorie], Live-Streaming, virtuelle Round Tables und mehr. Nun ist das On-site-Event als tragende S\u00e4ule der Hybridveranstaltung weggefallen. In diesem Zuge sind wir gemeinsam mit den Akteur*innen der Branche zu dem Schluss gekommen, dass eine rein digitale Messe ohne physische Basis den Anspr\u00fcchen der Entertainment-Technology-Industrie nicht gerecht wird und es daher nicht zur Umsetzung kommt. Dennoch m\u00f6chten wir den Austausch in der Branche auch in diesem Jahr unterst\u00fctzen: Am urspr\u00fcnglich geplanten ersten Messetag, dem 13. April, f\u00fchren wir ein neues, online-basiertes Content- und Begegnungsformat ein, das wir gemeinsam mit Partnern und Unternehmen organisieren und im Laufe des Jahres fortsetzen m\u00f6chten.<\/p>\n<div id=\"attachment_13120\" style=\"width: 310px\" class=\"wp-caption alignleft\"><a href=\"https:\/\/www.memo-media.de\/blog\/wp-content\/uploads\/2021\/02\/managing-director-ise-mike-blackman_ise-2020-custom.jpg\"><img aria-describedby=\"caption-attachment-13120\" decoding=\"async\" loading=\"lazy\" class=\"wp-image-13120 size-medium\" src=\"https:\/\/www.memo-media.de\/blog\/wp-content\/uploads\/2021\/02\/managing-director-ise-mike-blackman_ise-2020-custom-300x200.jpg\" alt=\"Managing Director der Integrated Systems Europe: Mike Blackman\" width=\"300\" height=\"200\" srcset=\"https:\/\/www.memo-media.de\/blog\/wp-content\/uploads\/2021\/02\/managing-director-ise-mike-blackman_ise-2020-custom-300x200.jpg 300w, https:\/\/www.memo-media.de\/blog\/wp-content\/uploads\/2021\/02\/managing-director-ise-mike-blackman_ise-2020-custom-768x512.jpg 768w, https:\/\/www.memo-media.de\/blog\/wp-content\/uploads\/2021\/02\/managing-director-ise-mike-blackman_ise-2020-custom-335x223.jpg 335w, https:\/\/www.memo-media.de\/blog\/wp-content\/uploads\/2021\/02\/managing-director-ise-mike-blackman_ise-2020-custom.jpg 1000w\" sizes=\"(max-width: 300px) 100vw, 300px\" \/><\/a><p id=\"caption-attachment-13120\" class=\"wp-caption-text\">Managing Director der Integrated Systems Europe: Mike Blackman<\/p><\/div>\n<p><strong>MB:<\/strong> Die Themen von RISE Spotlight, was unser bislang schon laufendes digitales Format der ISE ist, stimmen im Gro\u00dfen und Ganzen mit den beliebten und erfolgreichen Technology Zones der ISE \u00fcberein. So werden wir im Anschluss an die Auftaktveranstaltung zur \u00bbWorkspace Evolution\u00ab, die im \u00dcbrigen durch die Unified Communications Zone inspiriert war, Veranstaltungen zu den Themen XR, digitales Lernen, Live-Events, Smart Building, Digital Signage sowie Broadcast- und Content Creation pr\u00e4sentieren. Wir werden beim \u00bbRISE Spotlight\u00ab-Format weiterhin Podiumsdiskussionen, Interviews, einen \u00dcberblick \u00fcber Startup-Aktivit\u00e4ten bis hin zu interaktiven Diskussionsrunden und Networking bieten.<\/p>\n<p><strong>DD:<\/strong> Die technische Expertise, die sich dieser Tage alle Branchenakteur*innen aneignen, wird sicher f\u00fcr die Weiterentwicklung der Branche von gro\u00dfem Nutzen sein und den Professionalit\u00e4tsgrad f\u00fcr k\u00fcnftige hybride Umsetzungsmodelle erh\u00f6hen. Wenn ich aber die mit der Umsetzung einer rein digitalen oder gar hybriden Veranstaltung verbundenen Aufw\u00e4nde im Zusammenhang mit einer Coronabedingten \u00dcbers\u00e4ttigung von Digitalformaten auf Besucher*innenseite anschaue, bin ich da von \u00fcberzeugt, dass die Live-Formate nach Bew\u00e4ltigung der Krise zur\u00fcckkommen werden. Es bleibt zu w\u00fcnschen, dass in Zukunft Live-Veranstaltungen selektiver und fokussierter geplant werden und sich hier die Spreu vom Weizen st\u00e4rker trennt. [memo_kategorie id=3845]Digitale oder hybride Formate[\/memo_kategorie] werden sicher ihren festen Platz im Veranstaltungsmix finden, insbesondere dann, wenn die Reichweitenverl\u00e4ngerung des Internets gekonnt ausgespielt wird.<\/p>\n<blockquote><p>Die technische Expertise, die sich dieser Tage alle Branchenakteur*innen aneignen, wird sicher f\u00fcr die Weiterentwicklung der Branche von gro\u00dfem Nutzen sein<\/p><\/blockquote>\n<p><strong>WW: <\/strong>Was k\u00f6nnen die Besucher*innen im aktuellen Jahr erwarten?<\/p>\n<p><strong>MB:<\/strong> Zum ersten Mal haben wir f\u00fcr die ISE 2021 eine eigene Zone \u00bbBroadcast &amp; Content Creation\u00ab eingerichtet. Warum? Fortschritte in den Bereichen Vernetzung, Speicherung, Verteilung und Streaming haben den Zugang zu Broadcast-L\u00f6sungen in professioneller Qualit\u00e4t wesentlich erleichtert. Kreative k\u00f6nnen nun ihre Inhalte zu eigenen Bedingungen erstellen und auch als Urheber verbreiten. Die ISE pr\u00e4sentiert seit mehreren Jahren L\u00f6sungen f\u00fcr die Erstellung von Broadcast-Inhalten f\u00fcr den Einsatz in Festinstallationen und auch bei Live-Veranstaltungen \u2013 und f\u00fcr 2021 werden wir diesen Bereich konsolidieren und erweitern. Die Besucher*innen werden eine breite Palette von ad\u00e4quaten Systemen und Ger\u00e4ten entdecken.<\/p>\n<p>In der Zone f\u00fcr Live-Events werden die neuesten Technologien und L\u00f6sungen vorgestellt die u. a. einzigartige, immersive Erlebnisse bei Events schaffen sollen. Gezeigt werden u. a. Beleuchtungs-, Lichtsteuerungs-, Rigging- und B\u00fchnen-Technik sowie Motion-Tracking, <a href=\"https:\/\/www.eventbranchenverzeichnis.de\/verzeichnis\/showproduktionen-192\/visuelle-inszenierungen-850\/3d-mapping-video-mapping-3823\">Video-Mapping,<\/a> professionelles Audio und Holografie-Technologien f\u00fcr den Einsatz in kleinen Veranstaltungsorten bis hin zu gro\u00dfen Stadien. Wir sehen diesen Sektor als einen Schl\u00fcsselbereich f\u00fcr das Wachstum der Messe, da wir von der Event-Branche \u2013 trotz der aktuellen Corona-Krise \u2013 sehr \u00fcberzeugt sind.<\/p>\n<p><strong>WW:<\/strong> Welche Konsequenzen seht ihr denn auf mittlere Frist?<\/p>\n<div id=\"attachment_13121\" style=\"width: 310px\" class=\"wp-caption alignright\"><a href=\"https:\/\/www.memo-media.de\/blog\/wp-content\/uploads\/2021\/02\/mira_woelfel_2016_messefrankfurt-custom.jpg\"><img aria-describedby=\"caption-attachment-13121\" decoding=\"async\" loading=\"lazy\" class=\"wp-image-13121 size-medium\" src=\"https:\/\/www.memo-media.de\/blog\/wp-content\/uploads\/2021\/02\/mira_woelfel_2016_messefrankfurt-custom-300x300.jpg\" alt=\"Mira W\u00f6lfel ist die Leiterin der Prolight + Sound\" width=\"300\" height=\"300\" srcset=\"https:\/\/www.memo-media.de\/blog\/wp-content\/uploads\/2021\/02\/mira_woelfel_2016_messefrankfurt-custom-300x300.jpg 300w, https:\/\/www.memo-media.de\/blog\/wp-content\/uploads\/2021\/02\/mira_woelfel_2016_messefrankfurt-custom-150x150.jpg 150w, https:\/\/www.memo-media.de\/blog\/wp-content\/uploads\/2021\/02\/mira_woelfel_2016_messefrankfurt-custom.jpg 804w\" sizes=\"(max-width: 300px) 100vw, 300px\" \/><\/a><p id=\"caption-attachment-13121\" class=\"wp-caption-text\">Mira W\u00f6lfel ist die Leiterin der Prolight + Sound<\/p><\/div>\n<p><strong>MW:<\/strong> Meine \u00dcberzeugung ist: Am Verlangen nach Events und pers\u00f6nlicher Begegnung wird die aktuelle Situation nichts \u00e4ndern. F\u00fcr jedes Unternehmen der gesamten Event-Wirtschaft waren die vergangenen Monate ein Pr\u00fcfstein der eigenen Digitalkompetenz. Auch wir als international agierender Messeveranstalter mussten Prozesse neu denken und uns die Frage stellen, welche Erfolgsfaktoren einer Messe sich erfolgreich in den digitalen Raum \u00fcberf\u00fchren lassen. Ein vorl\u00e4ufiges Fazit: Digitale Formate k\u00f6nnen eine \u00fcberzeugende Erg\u00e4nzung zum On-site-Event darstellen, beispielsweise durch die M\u00f6glichkeiten zur Kontaktanbahnung bereits im Vorfeld, zur Organisation des Messetages oder zur optimalen Verwaltung von Leads. Und selbstverst\u00e4ndlich k\u00f6nnen sie die internationale Reichweite f\u00fcr den Content von Aussteller*innen weiter ausbauen und die Relevanz von Messeveranstaltungen somit nachhaltig steigern \u2013 hierin liegen neue Chancen. In diesem Zuge ist denkbar, dass einige dieser Angebote auch im Post-Corona-Zeitalter Bestand haben werden.<\/p>\n<p>Dennoch ist unstrittig, dass der direkte Kontakt auf dem Gel\u00e4nde durch nichts zu ersetzen ist und auch weiterhin die Basis erfolgreicher Messeveranstaltungen stellt. Somit steht f\u00fcr mich mittelfristig nur eines im Vordergrund: die Vorfreude auf ein m\u00f6glichst baldiges Wiedersehen mit den gro\u00dfartigen Menschen aus der Branche, hier in Frankfurt am Main.<\/p>\n<p><strong>WW: <\/strong>Dominik, welchen Ausblick hast du?<\/p>\n<p><strong>DD:<\/strong> Aktuell sitze ich konkret an den Planungen f\u00fcr unser Community-Event <a href=\"https:\/\/www.memo-media.de\/eventinfo\/2021-09-05-mice-club-live-2021-stuttgart-8831.html\">MICE Club LIVE<\/a>, das im September 2021 hoffentlich wieder als Live-Veranstaltung in Stuttgart zum Thema \u00bbZukunft beginnt im Kopf\u00ab stattfinden wird. Ende November soll die dann vierte TechXperience nach M\u00f6glichkeit wieder in unserer eingespielten Location \u2013 der kING in Ingelheim \u2013 stattfinden. Ob mit digitalem Ableger oder rein live \u2013 das werden wir sehen.<\/p>\n","protected":false},"excerpt":{"rendered":"<p>Covid-19 bremste 2020 auch die Veranstaltungstechnikmessen und dazugeh\u00f6rigen Konferenzen aus. showcases lud die f\u00fchrenden K\u00f6pfe der internationalen Technikmessen zum virtuellen&#8230;<\/p>\n","protected":false},"author":4,"featured_media":13119,"comment_status":"closed","ping_status":"open","sticky":false,"template":"","format":"standard","meta":[],"categories":[8,7,22,454],"tags":[150,121,2378,2465,56,2466],"yoast_head":"<!-- This site is optimized with the Yoast SEO Premium plugin v20.5 (Yoast SEO v20.5) - https:\/\/yoast.com\/wordpress\/plugins\/seo\/ -->\n<title>Die Messeveranstaltungen der Veranstaltungstechnik<\/title>\n<meta name=\"description\" content=\"Die K\u00f6pfe der Messeveranstaltungen aus der Technikbranche haben im showcases-Magazine 1-21 Fragen zur Zukunft der Branche beantwortet.\" \/>\n<meta name=\"robots\" content=\"index, follow, max-snippet:-1, max-image-preview:large, max-video-preview:-1\" \/>\n<link rel=\"canonical\" href=\"https:\/\/www.memo-media.de\/blog\/messeveranstaltungen\/\" \/>\n<meta property=\"og:locale\" content=\"de_DE\" \/>\n<meta property=\"og:type\" content=\"article\" \/>\n<meta property=\"og:title\" content=\"Weiter, immer weiter! - Talking Heads zu Technikmessen &amp; Virtualit\u00e4t\" \/>\n<meta property=\"og:description\" content=\"Die K\u00f6pfe der Messeveranstaltungen aus der Technikbranche haben im showcases-Magazine 1-21 Fragen zur Zukunft der Branche beantwortet.\" \/>\n<meta property=\"og:url\" content=\"https:\/\/www.memo-media.de\/blog\/messeveranstaltungen\/\" \/>\n<meta property=\"og:site_name\" content=\"memo-media Blog f\u00fcr die Eventplanung\" \/>\n<meta property=\"article:author\" content=\"https:\/\/www.facebook.com\/theartcore\" \/>\n<meta property=\"article:published_time\" content=\"2021-04-06T12:00:22+00:00\" \/>\n<meta property=\"article:modified_time\" content=\"2022-06-01T12:26:15+00:00\" \/>\n<meta property=\"og:image\" content=\"https:\/\/www.memo-media.de\/blog\/wp-content\/uploads\/2021\/02\/44_mk2_8038-custom.jpg\" \/>\n\t<meta property=\"og:image:width\" content=\"1050\" \/>\n\t<meta property=\"og:image:height\" content=\"701\" \/>\n\t<meta property=\"og:image:type\" content=\"image\/jpeg\" \/>\n<meta name=\"author\" content=\"Andreas Sch\u00e4fer\" \/>\n<meta name=\"twitter:label1\" content=\"Verfasst von\" \/>\n\t<meta name=\"twitter:data1\" content=\"Andreas Sch\u00e4fer\" \/>\n\t<meta name=\"twitter:label2\" content=\"Gesch\u00e4tzte Lesezeit\" \/>\n\t<meta name=\"twitter:data2\" content=\"7\u00a0Minuten\" \/>\n<script type=\"application\/ld+json\" class=\"yoast-schema-graph\">{\"@context\":\"https:\/\/schema.org\",\"@graph\":[{\"@type\":\"WebPage\",\"@id\":\"https:\/\/www.memo-media.de\/blog\/messeveranstaltungen\/\",\"url\":\"https:\/\/www.memo-media.de\/blog\/messeveranstaltungen\/\",\"name\":\"Die Messeveranstaltungen der Veranstaltungstechnik\",\"isPartOf\":{\"@id\":\"https:\/\/www.memo-media.de\/blog\/#website\"},\"datePublished\":\"2021-04-06T12:00:22+00:00\",\"dateModified\":\"2022-06-01T12:26:15+00:00\",\"author\":{\"@id\":\"https:\/\/www.memo-media.de\/blog\/#\/schema\/person\/47b954ab670be9899b70793ff6260866\"},\"description\":\"Die K\u00f6pfe der Messeveranstaltungen aus der Technikbranche haben im showcases-Magazine 1-21 Fragen zur Zukunft der Branche beantwortet.\",\"breadcrumb\":{\"@id\":\"https:\/\/www.memo-media.de\/blog\/messeveranstaltungen\/#breadcrumb\"},\"inLanguage\":\"de\",\"potentialAction\":[{\"@type\":\"ReadAction\",\"target\":[\"https:\/\/www.memo-media.de\/blog\/messeveranstaltungen\/\"]}]},{\"@type\":\"BreadcrumbList\",\"@id\":\"https:\/\/www.memo-media.de\/blog\/messeveranstaltungen\/#breadcrumb\",\"itemListElement\":[{\"@type\":\"ListItem\",\"position\":1,\"name\":\"Home\",\"item\":\"https:\/\/www.memo-media.de\/blog\/\"},{\"@type\":\"ListItem\",\"position\":2,\"name\":\"Weiter, immer weiter! &#8211; Talking Heads zu Technikmessen &#038; Virtualit\u00e4t\"}]},{\"@type\":\"WebSite\",\"@id\":\"https:\/\/www.memo-media.de\/blog\/#website\",\"url\":\"https:\/\/www.memo-media.de\/blog\/\",\"name\":\"memo-media Blog f\u00fcr die Eventplanung\",\"description\":\"News und Facts aus der Eventbranche f\u00fcr die Eventbranche\",\"potentialAction\":[{\"@type\":\"SearchAction\",\"target\":{\"@type\":\"EntryPoint\",\"urlTemplate\":\"https:\/\/www.memo-media.de\/blog\/?s={search_term_string}\"},\"query-input\":\"required name=search_term_string\"}],\"inLanguage\":\"de\"},{\"@type\":\"Person\",\"@id\":\"https:\/\/www.memo-media.de\/blog\/#\/schema\/person\/47b954ab670be9899b70793ff6260866\",\"name\":\"Andreas Sch\u00e4fer\",\"image\":{\"@type\":\"ImageObject\",\"inLanguage\":\"de\",\"@id\":\"https:\/\/www.memo-media.de\/blog\/#\/schema\/person\/image\/\",\"url\":\"https:\/\/www.memo-media.de\/blog\/wp-content\/uploads\/2014\/04\/andreas-schaefer-c-martin-fago-150x150.jpg\",\"contentUrl\":\"https:\/\/www.memo-media.de\/blog\/wp-content\/uploads\/2014\/04\/andreas-schaefer-c-martin-fago-150x150.jpg\",\"caption\":\"Andreas Sch\u00e4fer\"},\"description\":\"Andreas Sch\u00e4fer besuchte die Master Class von Robert Lewis am Europ\u00e4ischen Schauspielerinstitut. Seit 1990 Regie und Leitung bei internationalen Theater- und Kunstevents auf der EXPO2000, f\u00fcr die Fraunhofer Gesellschaft, Initiativkreis Ruhrgebiet, Else-Lasker-Sch\u00fcler-Gesellschaft, Friedrich-Ebert-Stiftung u.a. 2014 European Best Event Award in Silber f\u00fcr einen Kunstevent im Europaparlament f\u00fcr die Stiftung EFCNI. Transitraum Else, internationales literarisches Projekt der Else-Lasker-Sch\u00fcler-Gesellschaft und Astronautenkost in Kooperation mit diversen Goethe-Instituten und der Villa Aurora u.a. mit Inger Nilsson, Lainie Kazan und John Nettles u.a. in Stockholm, New York, London und weiterer Beteiligung von 65 internationalen K\u00fcnstler*innen. F\u00f6rderpreis Digitale Dramaturgie Kultursekretariat NRW 2020. Seit 2009 ist er zweiter Chefredakteur der showcases im memo-media-Verlag.\",\"sameAs\":[\"http:\/\/www.andreas-schaefer.eu\",\"https:\/\/www.facebook.com\/theartcore\"],\"url\":\"https:\/\/www.memo-media.de\/blog\/author\/andreas-schaefer\/\"}]}<\/script>\n<!-- \/ Yoast SEO Premium plugin. -->","yoast_head_json":{"title":"Die Messeveranstaltungen der Veranstaltungstechnik","description":"Die K\u00f6pfe der Messeveranstaltungen aus der Technikbranche haben im showcases-Magazine 1-21 Fragen zur Zukunft der Branche beantwortet.","robots":{"index":"index","follow":"follow","max-snippet":"max-snippet:-1","max-image-preview":"max-image-preview:large","max-video-preview":"max-video-preview:-1"},"canonical":"https:\/\/www.memo-media.de\/blog\/messeveranstaltungen\/","og_locale":"de_DE","og_type":"article","og_title":"Weiter, immer weiter! - Talking Heads zu Technikmessen & Virtualit\u00e4t","og_description":"Die K\u00f6pfe der Messeveranstaltungen aus der Technikbranche haben im showcases-Magazine 1-21 Fragen zur Zukunft der Branche beantwortet.","og_url":"https:\/\/www.memo-media.de\/blog\/messeveranstaltungen\/","og_site_name":"memo-media Blog f\u00fcr die Eventplanung","article_author":"https:\/\/www.facebook.com\/theartcore","article_published_time":"2021-04-06T12:00:22+00:00","article_modified_time":"2022-06-01T12:26:15+00:00","og_image":[{"width":1050,"height":701,"url":"https:\/\/www.memo-media.de\/blog\/wp-content\/uploads\/2021\/02\/44_mk2_8038-custom.jpg","type":"image\/jpeg"}],"author":"Andreas Sch\u00e4fer","twitter_misc":{"Verfasst von":"Andreas Sch\u00e4fer","Gesch\u00e4tzte Lesezeit":"7\u00a0Minuten"},"schema":{"@context":"https:\/\/schema.org","@graph":[{"@type":"WebPage","@id":"https:\/\/www.memo-media.de\/blog\/messeveranstaltungen\/","url":"https:\/\/www.memo-media.de\/blog\/messeveranstaltungen\/","name":"Die Messeveranstaltungen der Veranstaltungstechnik","isPartOf":{"@id":"https:\/\/www.memo-media.de\/blog\/#website"},"datePublished":"2021-04-06T12:00:22+00:00","dateModified":"2022-06-01T12:26:15+00:00","author":{"@id":"https:\/\/www.memo-media.de\/blog\/#\/schema\/person\/47b954ab670be9899b70793ff6260866"},"description":"Die K\u00f6pfe der Messeveranstaltungen aus der Technikbranche haben im showcases-Magazine 1-21 Fragen zur Zukunft der Branche beantwortet.","breadcrumb":{"@id":"https:\/\/www.memo-media.de\/blog\/messeveranstaltungen\/#breadcrumb"},"inLanguage":"de","potentialAction":[{"@type":"ReadAction","target":["https:\/\/www.memo-media.de\/blog\/messeveranstaltungen\/"]}]},{"@type":"BreadcrumbList","@id":"https:\/\/www.memo-media.de\/blog\/messeveranstaltungen\/#breadcrumb","itemListElement":[{"@type":"ListItem","position":1,"name":"Home","item":"https:\/\/www.memo-media.de\/blog\/"},{"@type":"ListItem","position":2,"name":"Weiter, immer weiter! &#8211; Talking Heads zu Technikmessen &#038; Virtualit\u00e4t"}]},{"@type":"WebSite","@id":"https:\/\/www.memo-media.de\/blog\/#website","url":"https:\/\/www.memo-media.de\/blog\/","name":"memo-media Blog f\u00fcr die Eventplanung","description":"News und Facts aus der Eventbranche f\u00fcr die Eventbranche","potentialAction":[{"@type":"SearchAction","target":{"@type":"EntryPoint","urlTemplate":"https:\/\/www.memo-media.de\/blog\/?s={search_term_string}"},"query-input":"required name=search_term_string"}],"inLanguage":"de"},{"@type":"Person","@id":"https:\/\/www.memo-media.de\/blog\/#\/schema\/person\/47b954ab670be9899b70793ff6260866","name":"Andreas Sch\u00e4fer","image":{"@type":"ImageObject","inLanguage":"de","@id":"https:\/\/www.memo-media.de\/blog\/#\/schema\/person\/image\/","url":"https:\/\/www.memo-media.de\/blog\/wp-content\/uploads\/2014\/04\/andreas-schaefer-c-martin-fago-150x150.jpg","contentUrl":"https:\/\/www.memo-media.de\/blog\/wp-content\/uploads\/2014\/04\/andreas-schaefer-c-martin-fago-150x150.jpg","caption":"Andreas Sch\u00e4fer"},"description":"Andreas Sch\u00e4fer besuchte die Master Class von Robert Lewis am Europ\u00e4ischen Schauspielerinstitut. Seit 1990 Regie und Leitung bei internationalen Theater- und Kunstevents auf der EXPO2000, f\u00fcr die Fraunhofer Gesellschaft, Initiativkreis Ruhrgebiet, Else-Lasker-Sch\u00fcler-Gesellschaft, Friedrich-Ebert-Stiftung u.a. 2014 European Best Event Award in Silber f\u00fcr einen Kunstevent im Europaparlament f\u00fcr die Stiftung EFCNI. Transitraum Else, internationales literarisches Projekt der Else-Lasker-Sch\u00fcler-Gesellschaft und Astronautenkost in Kooperation mit diversen Goethe-Instituten und der Villa Aurora u.a. mit Inger Nilsson, Lainie Kazan und John Nettles u.a. in Stockholm, New York, London und weiterer Beteiligung von 65 internationalen K\u00fcnstler*innen. F\u00f6rderpreis Digitale Dramaturgie Kultursekretariat NRW 2020. Seit 2009 ist er zweiter Chefredakteur der showcases im memo-media-Verlag.","sameAs":["http:\/\/www.andreas-schaefer.eu","https:\/\/www.facebook.com\/theartcore"],"url":"https:\/\/www.memo-media.de\/blog\/author\/andreas-schaefer\/"}]}},"_links":{"self":[{"href":"https:\/\/www.memo-media.de\/blog\/wp-json\/wp\/v2\/posts\/13118"}],"collection":[{"href":"https:\/\/www.memo-media.de\/blog\/wp-json\/wp\/v2\/posts"}],"about":[{"href":"https:\/\/www.memo-media.de\/blog\/wp-json\/wp\/v2\/types\/post"}],"author":[{"embeddable":true,"href":"https:\/\/www.memo-media.de\/blog\/wp-json\/wp\/v2\/users\/4"}],"replies":[{"embeddable":true,"href":"https:\/\/www.memo-media.de\/blog\/wp-json\/wp\/v2\/comments?post=13118"}],"version-history":[{"count":5,"href":"https:\/\/www.memo-media.de\/blog\/wp-json\/wp\/v2\/posts\/13118\/revisions"}],"predecessor-version":[{"id":13283,"href":"https:\/\/www.memo-media.de\/blog\/wp-json\/wp\/v2\/posts\/13118\/revisions\/13283"}],"wp:featuredmedia":[{"embeddable":true,"href":"https:\/\/www.memo-media.de\/blog\/wp-json\/wp\/v2\/media\/13119"}],"wp:attachment":[{"href":"https:\/\/www.memo-media.de\/blog\/wp-json\/wp\/v2\/media?parent=13118"}],"wp:term":[{"taxonomy":"category","embeddable":true,"href":"https:\/\/www.memo-media.de\/blog\/wp-json\/wp\/v2\/categories?post=13118"},{"taxonomy":"post_tag","embeddable":true,"href":"https:\/\/www.memo-media.de\/blog\/wp-json\/wp\/v2\/tags?post=13118"}],"curies":[{"name":"wp","href":"https:\/\/api.w.org\/{rel}","templated":true}]}}