{"id":12616,"date":"2020-12-08T10:00:42","date_gmt":"2020-12-08T08:00:42","guid":{"rendered":"https:\/\/www.memo-media.de\/blog\/?p=12616"},"modified":"2023-05-24T13:14:55","modified_gmt":"2023-05-24T11:14:55","slug":"endlich-wieder-laecheln-mit-der-transparenten-maske-klara-und-gutes-tun","status":"publish","type":"post","link":"https:\/\/www.memo-media.de\/blog\/endlich-wieder-laecheln-mit-der-transparenten-maske-klara-und-gutes-tun\/","title":{"rendered":"Endlich wieder l\u00e4cheln mit der transparenten Maske Klara \u2013 und Gutes tun"},"content":{"rendered":"<p>\u201eAm liebsten w\u00e4re es mir, wenn keiner mehr mein Produkt braucht\u201c \u2013 dass ein Firmengr\u00fcnder, der mit Herzblut und Hingabe ein neues Produkt entwickelt und am Markt positioniert, so etwas sagt, ist eher selten. Oder besser gesagt, vermutlich wohl noch nie passiert. Aber 2020 ist eben nichts normal, das wissen mittlerweile alle. Wir waschen H\u00e4nde, bis sie wehtun, k\u00f6nnen uns nicht erinnern, wann wir unsere Freunde das letzte Mal umarmt haben \u2013 und finden es v\u00f6llig normal, von anderen nur die Augen zu sehen und nicht das ganze Gesicht. Einer, der das nicht normal findet, ist Tobias Danzer, der mit seiner Firma Nox Robots eigentlich Roboter f\u00fcr Events entwickelt. Und neuerdings eine transparente Maske, die nicht nur dazu beitr\u00e4gt, dass man die Mimik seiner Mitmenschen endlich wieder sehen kann, sondern auch noch nachhaltig ist und ein soziales Projekt unterst\u00fctzt. Und trotzdem w\u00e4re es dem Firmengr\u00fcnder \u2013 wie uns wohl allen \u2013 am liebsten, wenn das Thema Mund-Nasen-Schutz endlich der Vergangenheit angeh\u00f6rt und wieder Normalit\u00e4t einkehrt.<\/p>\n<h3>Klarsehen, Klarheit schaffen, Str\u00e4nde kl\u00e4ren \u2013 das ist die transparente Maske Klara<\/h3>\n<div id=\"attachment_12622\" style=\"width: 310px\" class=\"wp-caption alignleft\"><a href=\"https:\/\/www.memo-media.de\/blog\/wp-content\/uploads\/2020\/12\/dsc_3001_memo1000.jpg\"><img aria-describedby=\"caption-attachment-12622\" decoding=\"async\" loading=\"lazy\" class=\"wp-image-12622 size-medium\" src=\"https:\/\/www.memo-media.de\/blog\/wp-content\/uploads\/2020\/12\/dsc_3001_memo1000-300x142.jpg\" alt=\"Endlich wieder L\u00e4cheln - und Lippenstift tragen! \" width=\"300\" height=\"142\" srcset=\"https:\/\/www.memo-media.de\/blog\/wp-content\/uploads\/2020\/12\/dsc_3001_memo1000-300x142.jpg 300w, https:\/\/www.memo-media.de\/blog\/wp-content\/uploads\/2020\/12\/dsc_3001_memo1000-768x364.jpg 768w, https:\/\/www.memo-media.de\/blog\/wp-content\/uploads\/2020\/12\/dsc_3001_memo1000-335x159.jpg 335w, https:\/\/www.memo-media.de\/blog\/wp-content\/uploads\/2020\/12\/dsc_3001_memo1000.jpg 1000w\" sizes=\"(max-width: 300px) 100vw, 300px\" \/><\/a><p id=\"caption-attachment-12622\" class=\"wp-caption-text\">Endlich wieder L\u00e4cheln &#8211; und Lippenstift tragen!<\/p><\/div>\n<p>\u201eAls dieses Jahr pl\u00f6tzlich s\u00e4mtliche Events abgesagt wurden, war uns klar: Wir brauchen einen anderen Plan\u201c, erz\u00e4hlt Tobias Danzer. Seine Idee: transparente Masken, die das L\u00e4cheln nicht mehr verdecken. Die die Brillen nicht beschlagen lassen, die angenehm zu tragen und dabei auch noch nachhaltig sind. Und diese Idee wurde schnell zur Realit\u00e4t. \u201eDas Know-how, neue Produkte zu entwickeln, und eine Manufaktur f\u00fcr die Fertigung hatten wir ja schon durch die Roboter-Agentur. Also haben wir an dem Produkt gefeilt, Prototypen entwickelt und getestet, und die Klara war geboren.\u201c So hei\u00dft sie, die transparente Maske \u2013 denn sie bietet klare Sicht auf die Mitmenschen, auf jedes Lachen und jedes Schmunzeln, sie schafft Klarheit in dieser wirren Zeit \u2013 und sie kl\u00e4rt sogar noch mehr: die Str\u00e4nde in der Karibik und die Umweltverschmutzung durch Plastikm\u00fcll.<\/p>\n<h3>Recycelt und lebensmittelecht<\/h3>\n<div id=\"attachment_12624\" style=\"width: 310px\" class=\"wp-caption alignright\"><a href=\"https:\/\/www.memo-media.de\/blog\/wp-content\/uploads\/2020\/12\/klara2.jpg\"><img aria-describedby=\"caption-attachment-12624\" decoding=\"async\" loading=\"lazy\" class=\"wp-image-12624 size-medium\" src=\"https:\/\/www.memo-media.de\/blog\/wp-content\/uploads\/2020\/12\/klara2-300x263.jpg\" alt=\"Die transparente Maske besteht haupts\u00e4chlich aus Recycling-Material. \" width=\"300\" height=\"263\" srcset=\"https:\/\/www.memo-media.de\/blog\/wp-content\/uploads\/2020\/12\/klara2-300x263.jpg 300w, https:\/\/www.memo-media.de\/blog\/wp-content\/uploads\/2020\/12\/klara2-768x674.jpg 768w, https:\/\/www.memo-media.de\/blog\/wp-content\/uploads\/2020\/12\/klara2-335x294.jpg 335w, https:\/\/www.memo-media.de\/blog\/wp-content\/uploads\/2020\/12\/klara2.jpg 1000w\" sizes=\"(max-width: 300px) 100vw, 300px\" \/><\/a><p id=\"caption-attachment-12624\" class=\"wp-caption-text\">Die transparente Maske besteht haupts\u00e4chlich aus Recycling-Material.<\/p><\/div>\n<p>Wie das zusammenh\u00e4ngt? Die transparente Maske wird aus recyceltem Kunststoff gefertigt, war also mal M\u00fcll. Auch die Befestigungsb\u00e4nder bestehen aus wiederverwendeten Materialien \u2013 lediglich eine d\u00fcnne Schicht auf der Vorder- und R\u00fcckseite aus \u201eneuem\u201c Plastik sorgt daf\u00fcr, dass der Mundschutz auch lebensmittelecht ist. In jeder Maske steckt ungef\u00e4hr eine PET-Flasche, erkl\u00e4rt Tobias Danzer. Sein Unternehmen geht aber noch einen Schritt weiter in Sachen Nachhaltigkeit: F\u00fcr jede transparente Maske, die er verkauft, wird an den Str\u00e4nden Tobagos, wo \u00fcbrigens Danzers Schwester lebt, ein halbes Pfund Plastikm\u00fcll gesammelt. Auch diese Woche wurden wieder einige Zentner M\u00fcll dort gesammelt. So werden nicht nur die Str\u00e4nde sauber, sondern auch Arbeitspl\u00e4tze geschaffen, die durch das Corona-bedingte Ausbleiben des Tourismus auf der Insel dringend n\u00f6tig sind.<\/p>\n<h3>Aerodynamische Str\u00f6mungstests<\/h3>\n<div id=\"attachment_12625\" style=\"width: 310px\" class=\"wp-caption alignleft\"><a href=\"https:\/\/www.memo-media.de\/blog\/wp-content\/uploads\/2020\/12\/klara3.jpg\"><img aria-describedby=\"caption-attachment-12625\" decoding=\"async\" loading=\"lazy\" class=\"wp-image-12625 size-medium\" src=\"https:\/\/www.memo-media.de\/blog\/wp-content\/uploads\/2020\/12\/klara3-300x300.jpg\" alt=\"Tests zeigten, dass die Luft nach unten ausstr\u00f6mt. \" width=\"300\" height=\"300\" srcset=\"https:\/\/www.memo-media.de\/blog\/wp-content\/uploads\/2020\/12\/klara3-300x300.jpg 300w, https:\/\/www.memo-media.de\/blog\/wp-content\/uploads\/2020\/12\/klara3-150x150.jpg 150w, https:\/\/www.memo-media.de\/blog\/wp-content\/uploads\/2020\/12\/klara3-768x768.jpg 768w, https:\/\/www.memo-media.de\/blog\/wp-content\/uploads\/2020\/12\/klara3-335x335.jpg 335w, https:\/\/www.memo-media.de\/blog\/wp-content\/uploads\/2020\/12\/klara3.jpg 1000w\" sizes=\"(max-width: 300px) 100vw, 300px\" \/><\/a><p id=\"caption-attachment-12625\" class=\"wp-caption-text\">Tests zeigten, dass die Luft nach unten ausstr\u00f6mt.<\/p><\/div>\n<p>Die transparente Maske erf\u00fcllt die Richtlinien, die f\u00fcr den sogenannten \u201eCommunity Mund-Nasen-Schutz\u201c gelten. Visiere sind dagegen oft nicht anerkannt, weil der Abstand zwischen Visier und Gesicht zu gro\u00df ist. Die Wirksamkeit haben Tobias Danzer und sein Team mit aerodynamischen Str\u00f6mungstests in ihrer Werkstatt, in der sonst die Roboter unterwegs sind, getestet. Es zeigte sich, dass \u2013 im Unterschied zu Stoffmasken \u2013 die Luft nicht an den Seiten ausstr\u00f6mt, sondern nach unten, zum eigenen K\u00f6rper hin. Sie wird komplett in Deutschland gefertigt, auf Wunsch kann die transparente Maske an der Seite mit Firmenlogo gebrandet werden und ein spezielles Etui gibt es auch.<\/p>\n<p>Und die Maske l\u00f6st noch ein ganz anderes Problem, das vor allem viele haben, die regelm\u00e4\u00dfig auf der B\u00fchne stehen: Als K\u00fcnstler blickt man nicht mehr in reihenweise bedeckte Gesichter. Sondern kann endlich wieder sehen, was die Zuschauer f\u00fchlen. Tobias Danzer sagt, dass er endlich wieder gerne ins B\u00fcro geht, seit es die Klara gibt. Kein Wunder, schlie\u00dflich gibt er mit der transparenten Maske den Menschen ihr L\u00e4cheln zur\u00fcck.<\/p>\n<p>Mit dem Gutscheincode GreenTukan_10% gibt es 10 Prozent Rabatt bei klara-maske.de!<\/p>\n<p>&nbsp;<\/p>\n","protected":false},"excerpt":{"rendered":"<p>\u201eAm liebsten w\u00e4re es mir, wenn keiner mehr mein Produkt braucht\u201c \u2013 dass ein Firmengr\u00fcnder, der mit Herzblut und Hingabe&#8230;<\/p>\n","protected":false},"author":29,"featured_media":12623,"comment_status":"closed","ping_status":"open","sticky":false,"template":"","format":"standard","meta":[],"categories":[12,10],"tags":[1940,1948,2226,2227,1915],"yoast_head":"<!-- This site is optimized with the Yoast SEO Premium plugin v20.5 (Yoast SEO v20.5) - https:\/\/yoast.com\/wordpress\/plugins\/seo\/ -->\n<title>Endlich wieder l\u00e4cheln mit der transparenten Maske Klara \u2013 und Gutes tun<\/title>\n<meta name=\"description\" content=\"Statt Robotern macht Tobias Danzer jetzt transparente Masken, die auch noch gut f\u00fcr die Umwelt sind und ein soziales Projekt unterst\u00fctzen.\" \/>\n<meta name=\"robots\" content=\"index, follow, max-snippet:-1, max-image-preview:large, max-video-preview:-1\" \/>\n<link rel=\"canonical\" href=\"https:\/\/www.memo-media.de\/blog\/endlich-wieder-laecheln-mit-der-transparenten-maske-klara-und-gutes-tun\/\" \/>\n<meta property=\"og:locale\" content=\"de_DE\" \/>\n<meta property=\"og:type\" content=\"article\" \/>\n<meta property=\"og:title\" content=\"Endlich wieder l\u00e4cheln mit der transparenten Maske Klara \u2013 und Gutes tun\" \/>\n<meta property=\"og:description\" content=\"Statt Robotern macht Tobias Danzer jetzt transparente Masken, die auch noch gut f\u00fcr die Umwelt sind und ein soziales Projekt unterst\u00fctzen.\" \/>\n<meta property=\"og:url\" content=\"https:\/\/www.memo-media.de\/blog\/endlich-wieder-laecheln-mit-der-transparenten-maske-klara-und-gutes-tun\/\" \/>\n<meta property=\"og:site_name\" content=\"memo-media Blog f\u00fcr die Eventplanung\" \/>\n<meta property=\"article:published_time\" content=\"2020-12-08T08:00:42+00:00\" \/>\n<meta property=\"article:modified_time\" content=\"2023-05-24T11:14:55+00:00\" \/>\n<meta property=\"og:image\" content=\"https:\/\/www.memo-media.de\/blog\/wp-content\/uploads\/2020\/12\/klara-aufm.jpg\" \/>\n\t<meta property=\"og:image:width\" content=\"1050\" \/>\n\t<meta property=\"og:image:height\" content=\"804\" \/>\n\t<meta property=\"og:image:type\" content=\"image\/jpeg\" \/>\n<meta name=\"author\" content=\"Julia Gundelach\" \/>\n<meta name=\"twitter:label1\" content=\"Verfasst von\" \/>\n\t<meta name=\"twitter:data1\" content=\"Julia Gundelach\" \/>\n\t<meta name=\"twitter:label2\" content=\"Gesch\u00e4tzte Lesezeit\" \/>\n\t<meta name=\"twitter:data2\" content=\"4\u00a0Minuten\" \/>\n<script type=\"application\/ld+json\" class=\"yoast-schema-graph\">{\"@context\":\"https:\/\/schema.org\",\"@graph\":[{\"@type\":\"WebPage\",\"@id\":\"https:\/\/www.memo-media.de\/blog\/endlich-wieder-laecheln-mit-der-transparenten-maske-klara-und-gutes-tun\/\",\"url\":\"https:\/\/www.memo-media.de\/blog\/endlich-wieder-laecheln-mit-der-transparenten-maske-klara-und-gutes-tun\/\",\"name\":\"Endlich wieder l\u00e4cheln mit der transparenten Maske Klara \u2013 und Gutes tun\",\"isPartOf\":{\"@id\":\"https:\/\/www.memo-media.de\/blog\/#website\"},\"datePublished\":\"2020-12-08T08:00:42+00:00\",\"dateModified\":\"2023-05-24T11:14:55+00:00\",\"author\":{\"@id\":\"https:\/\/www.memo-media.de\/blog\/#\/schema\/person\/b01cd365604b7a1226e889d3e8e6f56d\"},\"description\":\"Statt Robotern macht Tobias Danzer jetzt transparente Masken, die auch noch gut f\u00fcr die Umwelt sind und ein soziales Projekt unterst\u00fctzen.\",\"breadcrumb\":{\"@id\":\"https:\/\/www.memo-media.de\/blog\/endlich-wieder-laecheln-mit-der-transparenten-maske-klara-und-gutes-tun\/#breadcrumb\"},\"inLanguage\":\"de\",\"potentialAction\":[{\"@type\":\"ReadAction\",\"target\":[\"https:\/\/www.memo-media.de\/blog\/endlich-wieder-laecheln-mit-der-transparenten-maske-klara-und-gutes-tun\/\"]}]},{\"@type\":\"BreadcrumbList\",\"@id\":\"https:\/\/www.memo-media.de\/blog\/endlich-wieder-laecheln-mit-der-transparenten-maske-klara-und-gutes-tun\/#breadcrumb\",\"itemListElement\":[{\"@type\":\"ListItem\",\"position\":1,\"name\":\"Home\",\"item\":\"https:\/\/www.memo-media.de\/blog\/\"},{\"@type\":\"ListItem\",\"position\":2,\"name\":\"Endlich wieder l\u00e4cheln mit der transparenten Maske Klara \u2013 und Gutes tun\"}]},{\"@type\":\"WebSite\",\"@id\":\"https:\/\/www.memo-media.de\/blog\/#website\",\"url\":\"https:\/\/www.memo-media.de\/blog\/\",\"name\":\"memo-media Blog f\u00fcr die Eventplanung\",\"description\":\"News und Facts aus der Eventbranche f\u00fcr die Eventbranche\",\"potentialAction\":[{\"@type\":\"SearchAction\",\"target\":{\"@type\":\"EntryPoint\",\"urlTemplate\":\"https:\/\/www.memo-media.de\/blog\/?s={search_term_string}\"},\"query-input\":\"required name=search_term_string\"}],\"inLanguage\":\"de\"},{\"@type\":\"Person\",\"@id\":\"https:\/\/www.memo-media.de\/blog\/#\/schema\/person\/b01cd365604b7a1226e889d3e8e6f56d\",\"name\":\"Julia Gundelach\",\"image\":{\"@type\":\"ImageObject\",\"inLanguage\":\"de\",\"@id\":\"https:\/\/www.memo-media.de\/blog\/#\/schema\/person\/image\/\",\"url\":\"https:\/\/www.memo-media.de\/blog\/wp-content\/uploads\/2021\/05\/julia-gundelach-150x150.jpg\",\"contentUrl\":\"https:\/\/www.memo-media.de\/blog\/wp-content\/uploads\/2021\/05\/julia-gundelach-150x150.jpg\",\"caption\":\"Julia Gundelach\"},\"description\":\"Julia Gundelach ist seit 2016 Teil des memo-media-Teams und bloggt am liebsten \u00fcber actionreiche Eventformate, die sie auch selbst mal testen darf. Als freie Redakteurin ist sie spezialisiert auf die Bereiche Marketing, PR und Werbung, aber auch auf neue Themen in der Veranstaltungswirtschaft. Zum Gl\u00fcck, denn eine buntere, vielf\u00e4ltigere und \u00fcberraschendere Welt, als das Event-Business kann sie sich nicht vorstellen!\",\"url\":\"https:\/\/www.memo-media.de\/blog\/author\/anna-steinberg\/\"}]}<\/script>\n<!-- \/ Yoast SEO Premium plugin. -->","yoast_head_json":{"title":"Endlich wieder l\u00e4cheln mit der transparenten Maske Klara \u2013 und Gutes tun","description":"Statt Robotern macht Tobias Danzer jetzt transparente Masken, die auch noch gut f\u00fcr die Umwelt sind und ein soziales Projekt unterst\u00fctzen.","robots":{"index":"index","follow":"follow","max-snippet":"max-snippet:-1","max-image-preview":"max-image-preview:large","max-video-preview":"max-video-preview:-1"},"canonical":"https:\/\/www.memo-media.de\/blog\/endlich-wieder-laecheln-mit-der-transparenten-maske-klara-und-gutes-tun\/","og_locale":"de_DE","og_type":"article","og_title":"Endlich wieder l\u00e4cheln mit der transparenten Maske Klara \u2013 und Gutes tun","og_description":"Statt Robotern macht Tobias Danzer jetzt transparente Masken, die auch noch gut f\u00fcr die Umwelt sind und ein soziales Projekt unterst\u00fctzen.","og_url":"https:\/\/www.memo-media.de\/blog\/endlich-wieder-laecheln-mit-der-transparenten-maske-klara-und-gutes-tun\/","og_site_name":"memo-media Blog f\u00fcr die Eventplanung","article_published_time":"2020-12-08T08:00:42+00:00","article_modified_time":"2023-05-24T11:14:55+00:00","og_image":[{"width":1050,"height":804,"url":"https:\/\/www.memo-media.de\/blog\/wp-content\/uploads\/2020\/12\/klara-aufm.jpg","type":"image\/jpeg"}],"author":"Julia Gundelach","twitter_misc":{"Verfasst von":"Julia Gundelach","Gesch\u00e4tzte Lesezeit":"4\u00a0Minuten"},"schema":{"@context":"https:\/\/schema.org","@graph":[{"@type":"WebPage","@id":"https:\/\/www.memo-media.de\/blog\/endlich-wieder-laecheln-mit-der-transparenten-maske-klara-und-gutes-tun\/","url":"https:\/\/www.memo-media.de\/blog\/endlich-wieder-laecheln-mit-der-transparenten-maske-klara-und-gutes-tun\/","name":"Endlich wieder l\u00e4cheln mit der transparenten Maske Klara \u2013 und Gutes tun","isPartOf":{"@id":"https:\/\/www.memo-media.de\/blog\/#website"},"datePublished":"2020-12-08T08:00:42+00:00","dateModified":"2023-05-24T11:14:55+00:00","author":{"@id":"https:\/\/www.memo-media.de\/blog\/#\/schema\/person\/b01cd365604b7a1226e889d3e8e6f56d"},"description":"Statt Robotern macht Tobias Danzer jetzt transparente Masken, die auch noch gut f\u00fcr die Umwelt sind und ein soziales Projekt unterst\u00fctzen.","breadcrumb":{"@id":"https:\/\/www.memo-media.de\/blog\/endlich-wieder-laecheln-mit-der-transparenten-maske-klara-und-gutes-tun\/#breadcrumb"},"inLanguage":"de","potentialAction":[{"@type":"ReadAction","target":["https:\/\/www.memo-media.de\/blog\/endlich-wieder-laecheln-mit-der-transparenten-maske-klara-und-gutes-tun\/"]}]},{"@type":"BreadcrumbList","@id":"https:\/\/www.memo-media.de\/blog\/endlich-wieder-laecheln-mit-der-transparenten-maske-klara-und-gutes-tun\/#breadcrumb","itemListElement":[{"@type":"ListItem","position":1,"name":"Home","item":"https:\/\/www.memo-media.de\/blog\/"},{"@type":"ListItem","position":2,"name":"Endlich wieder l\u00e4cheln mit der transparenten Maske Klara \u2013 und Gutes tun"}]},{"@type":"WebSite","@id":"https:\/\/www.memo-media.de\/blog\/#website","url":"https:\/\/www.memo-media.de\/blog\/","name":"memo-media Blog f\u00fcr die Eventplanung","description":"News und Facts aus der Eventbranche f\u00fcr die Eventbranche","potentialAction":[{"@type":"SearchAction","target":{"@type":"EntryPoint","urlTemplate":"https:\/\/www.memo-media.de\/blog\/?s={search_term_string}"},"query-input":"required name=search_term_string"}],"inLanguage":"de"},{"@type":"Person","@id":"https:\/\/www.memo-media.de\/blog\/#\/schema\/person\/b01cd365604b7a1226e889d3e8e6f56d","name":"Julia Gundelach","image":{"@type":"ImageObject","inLanguage":"de","@id":"https:\/\/www.memo-media.de\/blog\/#\/schema\/person\/image\/","url":"https:\/\/www.memo-media.de\/blog\/wp-content\/uploads\/2021\/05\/julia-gundelach-150x150.jpg","contentUrl":"https:\/\/www.memo-media.de\/blog\/wp-content\/uploads\/2021\/05\/julia-gundelach-150x150.jpg","caption":"Julia Gundelach"},"description":"Julia Gundelach ist seit 2016 Teil des memo-media-Teams und bloggt am liebsten \u00fcber actionreiche Eventformate, die sie auch selbst mal testen darf. Als freie Redakteurin ist sie spezialisiert auf die Bereiche Marketing, PR und Werbung, aber auch auf neue Themen in der Veranstaltungswirtschaft. Zum Gl\u00fcck, denn eine buntere, vielf\u00e4ltigere und \u00fcberraschendere Welt, als das Event-Business kann sie sich nicht vorstellen!","url":"https:\/\/www.memo-media.de\/blog\/author\/anna-steinberg\/"}]}},"_links":{"self":[{"href":"https:\/\/www.memo-media.de\/blog\/wp-json\/wp\/v2\/posts\/12616"}],"collection":[{"href":"https:\/\/www.memo-media.de\/blog\/wp-json\/wp\/v2\/posts"}],"about":[{"href":"https:\/\/www.memo-media.de\/blog\/wp-json\/wp\/v2\/types\/post"}],"author":[{"embeddable":true,"href":"https:\/\/www.memo-media.de\/blog\/wp-json\/wp\/v2\/users\/29"}],"replies":[{"embeddable":true,"href":"https:\/\/www.memo-media.de\/blog\/wp-json\/wp\/v2\/comments?post=12616"}],"version-history":[{"count":9,"href":"https:\/\/www.memo-media.de\/blog\/wp-json\/wp\/v2\/posts\/12616\/revisions"}],"predecessor-version":[{"id":16118,"href":"https:\/\/www.memo-media.de\/blog\/wp-json\/wp\/v2\/posts\/12616\/revisions\/16118"}],"wp:featuredmedia":[{"embeddable":true,"href":"https:\/\/www.memo-media.de\/blog\/wp-json\/wp\/v2\/media\/12623"}],"wp:attachment":[{"href":"https:\/\/www.memo-media.de\/blog\/wp-json\/wp\/v2\/media?parent=12616"}],"wp:term":[{"taxonomy":"category","embeddable":true,"href":"https:\/\/www.memo-media.de\/blog\/wp-json\/wp\/v2\/categories?post=12616"},{"taxonomy":"post_tag","embeddable":true,"href":"https:\/\/www.memo-media.de\/blog\/wp-json\/wp\/v2\/tags?post=12616"}],"curies":[{"name":"wp","href":"https:\/\/api.w.org\/{rel}","templated":true}]}}