{"id":12486,"date":"2020-11-04T12:00:32","date_gmt":"2020-11-04T10:00:32","guid":{"rendered":"https:\/\/www.memo-media.de\/blog\/?p=12486"},"modified":"2020-11-04T16:10:05","modified_gmt":"2020-11-04T14:10:05","slug":"zweite-grossdemo-alarmstuferot-berlin","status":"publish","type":"post","link":"https:\/\/www.memo-media.de\/blog\/zweite-grossdemo-alarmstuferot-berlin\/","title":{"rendered":"Zweite Gro\u00dfdemo #AlarmstufeRot in Berlin"},"content":{"rendered":"<p>Jetzt ist die hervorragend organisierte und durchgef\u00fchrte Demo zu <a href=\"https:\/\/alarmstuferot.org\/\" target=\"_blank\" rel=\"noopener noreferrer\">#alarmstuferot<\/a> eine Woche her und kaum etwas ist passiert. Thomas Barei\u00df, CDU, der als Mittelsmann zwischen Wirtschaftsministerium und Veranstaltungsbranche fungierte, ereiferte sich auf der B\u00fchne der Kundgebung am 28. Oktober fast mit Spuckefetzen vor dem Mund, dass \u201eman\u201c Geduld haben sollte, dass sp\u00e4testens Montag die neuen, angepassten Bestimmungen ver\u00f6ffentlicht werden w\u00fcrden.<\/p>\n<p>Am Freitagnachmittag dann p\u00fcnktlich zum Feierabend im Berliner Abgeordnetenleben dann die 1. Lesung im Bundestag \u201eFolgen von Corona f\u00fcr die Veranstaltungswirtschaft beraten\u201c. Es sprechen Vertreter der Linken, der AFD, der SPD, der Gr\u00fcnen, der CDU und der FPD. Also alle. Und eigentlich sagen auch alle das gleiche. Sie haben ihre Hausaufgaben gemacht, sind jetzt alle Experten in der Problematik der Krise der Veranstaltungsplanung und wissen um das Drama. Genug Themen also f\u00fcr viel hei\u00dfe Luft. Denn heute, eine Woche nach der Demo, ist noch nichts passiert. Und Barei\u00df selbst f\u00e4llt das wohl auch auf. Nachdem er gelobt wurde, wie viel &#8220;P\u00fcrgel&#8221; der Branche er auf der B\u00fchne einstecken musste, verl\u00e4sst den Plenarsaal und wird nicht mehr gesehen. Vielleicht eilte er zu Altmaier: &#8220;Hey Peter, ich hatte denen doch was versprochen!&#8221;<\/p>\n<p>Was sollen wir denn alle noch machen? Wieviel Atem haben die Gro\u00dfen der Branche noch, wie viel die Kleinen, also die neudeutsch Solo-Selbstst\u00e4ndigen? Und wer glaubt noch an Politiker-Versprechungen?<\/p>\n\n\t\t<style type=\"text\/css\">\n\t\t\t#gallery-1 {\n\t\t\t\tmargin: auto;\n\t\t\t}\n\t\t\t#gallery-1 .gallery-item {\n\t\t\t\tfloat: left;\n\t\t\t\tmargin-top: 10px;\n\t\t\t\ttext-align: center;\n\t\t\t\twidth: 33%;\n\t\t\t}\n\t\t\t#gallery-1 img {\n\t\t\t\tborder: 2px solid #cfcfcf;\n\t\t\t}\n\t\t\t#gallery-1 .gallery-caption {\n\t\t\t\tmargin-left: 0;\n\t\t\t}\n\t\t\t\/* see gallery_shortcode() in wp-includes\/media.php *\/\n\t\t<\/style>\n\t\t<div id='gallery-1' class='gallery galleryid-12486 gallery-columns-3 gallery-size-medium'><dl class='gallery-item'>\n\t\t\t<dt class='gallery-icon landscape'>\n\t\t\t\t<a href='https:\/\/www.memo-media.de\/blog\/zweite-grossdemo-alarmstuferot-berlin\/_mg_4896-custom\/'><img width=\"300\" height=\"180\" src=\"https:\/\/www.memo-media.de\/blog\/wp-content\/uploads\/2020\/10\/mg_4896-custom-300x180.jpg\" class=\"attachment-medium size-medium\" alt=\"\" decoding=\"async\" loading=\"lazy\" srcset=\"https:\/\/www.memo-media.de\/blog\/wp-content\/uploads\/2020\/10\/mg_4896-custom-300x180.jpg 300w, https:\/\/www.memo-media.de\/blog\/wp-content\/uploads\/2020\/10\/mg_4896-custom-768x462.jpg 768w, https:\/\/www.memo-media.de\/blog\/wp-content\/uploads\/2020\/10\/mg_4896-custom-335x201.jpg 335w, https:\/\/www.memo-media.de\/blog\/wp-content\/uploads\/2020\/10\/mg_4896-custom.jpg 1000w\" sizes=\"(max-width: 300px) 100vw, 300px\" \/><\/a>\n\t\t\t<\/dt><\/dl><dl class='gallery-item'>\n\t\t\t<dt class='gallery-icon landscape'>\n\t\t\t\t<a href='https:\/\/www.memo-media.de\/blog\/zweite-grossdemo-alarmstuferot-berlin\/_mg_4874-custom\/'><img width=\"300\" height=\"200\" src=\"https:\/\/www.memo-media.de\/blog\/wp-content\/uploads\/2020\/10\/mg_4874-custom-300x200.jpg\" class=\"attachment-medium size-medium\" alt=\"\" decoding=\"async\" loading=\"lazy\" srcset=\"https:\/\/www.memo-media.de\/blog\/wp-content\/uploads\/2020\/10\/mg_4874-custom-300x200.jpg 300w, https:\/\/www.memo-media.de\/blog\/wp-content\/uploads\/2020\/10\/mg_4874-custom-768x512.jpg 768w, https:\/\/www.memo-media.de\/blog\/wp-content\/uploads\/2020\/10\/mg_4874-custom-335x223.jpg 335w, https:\/\/www.memo-media.de\/blog\/wp-content\/uploads\/2020\/10\/mg_4874-custom.jpg 1000w\" sizes=\"(max-width: 300px) 100vw, 300px\" \/><\/a>\n\t\t\t<\/dt><\/dl><dl class='gallery-item'>\n\t\t\t<dt class='gallery-icon landscape'>\n\t\t\t\t<a href='https:\/\/www.memo-media.de\/blog\/zweite-grossdemo-alarmstuferot-berlin\/_mg_4979-custom\/'><img width=\"300\" height=\"200\" src=\"https:\/\/www.memo-media.de\/blog\/wp-content\/uploads\/2020\/10\/mg_4979-custom-300x200.jpg\" class=\"attachment-medium size-medium\" alt=\"\" decoding=\"async\" loading=\"lazy\" srcset=\"https:\/\/www.memo-media.de\/blog\/wp-content\/uploads\/2020\/10\/mg_4979-custom-300x200.jpg 300w, https:\/\/www.memo-media.de\/blog\/wp-content\/uploads\/2020\/10\/mg_4979-custom-768x512.jpg 768w, https:\/\/www.memo-media.de\/blog\/wp-content\/uploads\/2020\/10\/mg_4979-custom-335x223.jpg 335w, https:\/\/www.memo-media.de\/blog\/wp-content\/uploads\/2020\/10\/mg_4979-custom.jpg 1000w\" sizes=\"(max-width: 300px) 100vw, 300px\" \/><\/a>\n\t\t\t<\/dt><\/dl><br style=\"clear: both\" \/>\n\t\t<\/div>\n\n<p>&nbsp;<\/p>\n<h2>Trotz professioneller Reaktion erneuter Stillstand der Veranstaltungsbranche<\/h2>\n<div id=\"attachment_12501\" style=\"width: 310px\" class=\"wp-caption alignright\"><a href=\"https:\/\/www.memo-media.de\/blog\/wp-content\/uploads\/2020\/10\/mg_5140-custom.jpg\"><img aria-describedby=\"caption-attachment-12501\" decoding=\"async\" loading=\"lazy\" class=\"wp-image-12501 size-medium\" src=\"https:\/\/www.memo-media.de\/blog\/wp-content\/uploads\/2020\/10\/mg_5140-custom-300x200.jpg\" alt=\"Gro\u00dfdemo #alarmstuferot Berlin\" width=\"300\" height=\"200\" srcset=\"https:\/\/www.memo-media.de\/blog\/wp-content\/uploads\/2020\/10\/mg_5140-custom-300x200.jpg 300w, https:\/\/www.memo-media.de\/blog\/wp-content\/uploads\/2020\/10\/mg_5140-custom-768x512.jpg 768w, https:\/\/www.memo-media.de\/blog\/wp-content\/uploads\/2020\/10\/mg_5140-custom-335x223.jpg 335w, https:\/\/www.memo-media.de\/blog\/wp-content\/uploads\/2020\/10\/mg_5140-custom.jpg 1000w\" sizes=\"(max-width: 300px) 100vw, 300px\" \/><\/a><p id=\"caption-attachment-12501\" class=\"wp-caption-text\">Die Veranstaltungsbranche wird erneut in den Stillstand geschickt.<\/p><\/div>\n<p>Wir haben unseren Part erf\u00fcllt! Wir haben uns weitergebildet, sind Experten f\u00fcr die Hygiene auf Veranstaltungen. Haben Tools der Extraklasse erfunden, Abstandsmelder, automatische Fiebermesser mit Masken-Checker, neuartiges Catering und und und. Haben Allianzen geschlossen, wo vorher nicht einmal Gespr\u00e4chsbedarf war. Haben uns als Branche formiert und vorgerechnet, wie viele und wie wichtig wir f\u00fcr die Wirtschaft sind.<\/p>\n<p>Und werden jetzt wieder in den Stillstand geschickt, weil sich die Regierung nicht anders zu helfen wei\u00df. Wer hat denn laut sagen d\u00fcrfen, dass kontrolliert durchgef\u00fchrte Veranstaltungen sicher besser sind als illegale Raves, unangemeldete Riesenhochzeiten und und und?<\/p>\n<h2>#alarmstuferot wird zu #alarmstufeschwarz<\/h2>\n<div id=\"attachment_12498\" style=\"width: 310px\" class=\"wp-caption alignleft\"><a href=\"https:\/\/www.memo-media.de\/blog\/wp-content\/uploads\/2020\/10\/mg_5093-custom.jpg\"><img aria-describedby=\"caption-attachment-12498\" decoding=\"async\" loading=\"lazy\" class=\"wp-image-12498 size-medium\" src=\"https:\/\/www.memo-media.de\/blog\/wp-content\/uploads\/2020\/10\/mg_5093-custom-300x200.jpg\" alt=\"#alarmstuferot Berlin\" width=\"300\" height=\"200\" srcset=\"https:\/\/www.memo-media.de\/blog\/wp-content\/uploads\/2020\/10\/mg_5093-custom-300x200.jpg 300w, https:\/\/www.memo-media.de\/blog\/wp-content\/uploads\/2020\/10\/mg_5093-custom-768x512.jpg 768w, https:\/\/www.memo-media.de\/blog\/wp-content\/uploads\/2020\/10\/mg_5093-custom-335x223.jpg 335w, https:\/\/www.memo-media.de\/blog\/wp-content\/uploads\/2020\/10\/mg_5093-custom.jpg 1000w\" sizes=\"(max-width: 300px) 100vw, 300px\" \/><\/a><p id=\"caption-attachment-12498\" class=\"wp-caption-text\">Die Konsequenz: Kultur, Entertainment, Messen und Events gehen vor die Hunde!<\/p><\/div>\n<p>Dass Beisammen-Sein, Sich-Treffen, im Austausch miteinander sein, ein Grundbed\u00fcrfnis ist, das d\u00fcrfte jedem klar sein. Das ist, wenn nicht system-relevant, dann sicher gesellschafts-relevant. Im privaten wie auch im gesch\u00e4ftlichen Rahmen. Dass die deutsche Veranstaltungsbranche darin Weltmarktf\u00fchrer ist, dass wissen jetzt auch viele.<\/p>\n<p>Aber was es in der Konsequenz bedeutet, das alles vor die Hunde gehen zu lassen &#8211; eine gut funktionierende Branche, die noch nie in Berlin gebettelt hat um Steuernachl\u00e4sse, Kohlepfennige oder Abwrackpr\u00e4mien, das werden erst alle merken, wenn sie weg sind, die Kultur und das Entertainment, die Weihnachtsm\u00e4rkte, die Messen und Kongresse, die Konzerte und Vari\u00e9tes, die Stra\u00dfenfeste, Gartenschauen, Gala-Veranstaltungen, Festivals und und und.<\/p>\n<p>#alarmstuferot wird zu #alarmstufeschwarz \u2013 wie peinlich f\u00fcr Deutschland, wie traurig f\u00fcr uns alle.<\/p>\n<h3>Einblicke in die zweite Gro\u00dfdemo #alarmstuferot in Berlin:<\/h3>\n<p><a href=\"https:\/\/www.memo-media.de\/blog\/wp-content\/uploads\/2020\/10\/mg_4932-custom.jpg\"><img decoding=\"async\" loading=\"lazy\" class=\"alignnone size-medium wp-image-12495\" src=\"https:\/\/www.memo-media.de\/blog\/wp-content\/uploads\/2020\/10\/mg_4932-custom-300x200.jpg\" alt=\"\" width=\"300\" height=\"200\" srcset=\"https:\/\/www.memo-media.de\/blog\/wp-content\/uploads\/2020\/10\/mg_4932-custom-300x200.jpg 300w, https:\/\/www.memo-media.de\/blog\/wp-content\/uploads\/2020\/10\/mg_4932-custom-768x512.jpg 768w, https:\/\/www.memo-media.de\/blog\/wp-content\/uploads\/2020\/10\/mg_4932-custom-335x223.jpg 335w, https:\/\/www.memo-media.de\/blog\/wp-content\/uploads\/2020\/10\/mg_4932-custom.jpg 1000w\" sizes=\"(max-width: 300px) 100vw, 300px\" \/><\/a> <a href=\"https:\/\/www.memo-media.de\/blog\/wp-content\/uploads\/2020\/10\/mg_4917-custom.jpg\"><img decoding=\"async\" loading=\"lazy\" class=\"alignnone size-medium wp-image-12494\" src=\"https:\/\/www.memo-media.de\/blog\/wp-content\/uploads\/2020\/10\/mg_4917-custom-300x200.jpg\" alt=\"\" width=\"300\" height=\"200\" srcset=\"https:\/\/www.memo-media.de\/blog\/wp-content\/uploads\/2020\/10\/mg_4917-custom-300x200.jpg 300w, https:\/\/www.memo-media.de\/blog\/wp-content\/uploads\/2020\/10\/mg_4917-custom-768x512.jpg 768w, https:\/\/www.memo-media.de\/blog\/wp-content\/uploads\/2020\/10\/mg_4917-custom-335x223.jpg 335w, https:\/\/www.memo-media.de\/blog\/wp-content\/uploads\/2020\/10\/mg_4917-custom.jpg 1000w\" sizes=\"(max-width: 300px) 100vw, 300px\" \/><\/a><\/p>\n\n\t\t<style type=\"text\/css\">\n\t\t\t#gallery-2 {\n\t\t\t\tmargin: auto;\n\t\t\t}\n\t\t\t#gallery-2 .gallery-item {\n\t\t\t\tfloat: left;\n\t\t\t\tmargin-top: 10px;\n\t\t\t\ttext-align: center;\n\t\t\t\twidth: 33%;\n\t\t\t}\n\t\t\t#gallery-2 img {\n\t\t\t\tborder: 2px solid #cfcfcf;\n\t\t\t}\n\t\t\t#gallery-2 .gallery-caption {\n\t\t\t\tmargin-left: 0;\n\t\t\t}\n\t\t\t\/* see gallery_shortcode() in wp-includes\/media.php *\/\n\t\t<\/style>\n\t\t<div id='gallery-2' class='gallery galleryid-12486 gallery-columns-3 gallery-size-medium'><dl class='gallery-item'>\n\t\t\t<dt class='gallery-icon landscape'>\n\t\t\t\t<a href='https:\/\/www.memo-media.de\/blog\/zweite-grossdemo-alarmstuferot-berlin\/_mg_4968-custom\/'><img width=\"300\" height=\"200\" src=\"https:\/\/www.memo-media.de\/blog\/wp-content\/uploads\/2020\/10\/mg_4968-custom-300x200.jpg\" class=\"attachment-medium size-medium\" alt=\"\" decoding=\"async\" loading=\"lazy\" srcset=\"https:\/\/www.memo-media.de\/blog\/wp-content\/uploads\/2020\/10\/mg_4968-custom-300x200.jpg 300w, https:\/\/www.memo-media.de\/blog\/wp-content\/uploads\/2020\/10\/mg_4968-custom-768x512.jpg 768w, https:\/\/www.memo-media.de\/blog\/wp-content\/uploads\/2020\/10\/mg_4968-custom-335x223.jpg 335w, https:\/\/www.memo-media.de\/blog\/wp-content\/uploads\/2020\/10\/mg_4968-custom.jpg 1000w\" sizes=\"(max-width: 300px) 100vw, 300px\" \/><\/a>\n\t\t\t<\/dt><\/dl><dl class='gallery-item'>\n\t\t\t<dt class='gallery-icon landscape'>\n\t\t\t\t<a href='https:\/\/www.memo-media.de\/blog\/zweite-grossdemo-alarmstuferot-berlin\/_mg_5105-custom\/'><img width=\"300\" height=\"200\" src=\"https:\/\/www.memo-media.de\/blog\/wp-content\/uploads\/2020\/10\/mg_5105-custom-300x200.jpg\" class=\"attachment-medium size-medium\" alt=\"\" decoding=\"async\" loading=\"lazy\" srcset=\"https:\/\/www.memo-media.de\/blog\/wp-content\/uploads\/2020\/10\/mg_5105-custom-300x200.jpg 300w, https:\/\/www.memo-media.de\/blog\/wp-content\/uploads\/2020\/10\/mg_5105-custom-768x512.jpg 768w, https:\/\/www.memo-media.de\/blog\/wp-content\/uploads\/2020\/10\/mg_5105-custom-335x223.jpg 335w, https:\/\/www.memo-media.de\/blog\/wp-content\/uploads\/2020\/10\/mg_5105-custom.jpg 1000w\" sizes=\"(max-width: 300px) 100vw, 300px\" \/><\/a>\n\t\t\t<\/dt><\/dl><dl class='gallery-item'>\n\t\t\t<dt class='gallery-icon landscape'>\n\t\t\t\t<a href='https:\/\/www.memo-media.de\/blog\/zweite-grossdemo-alarmstuferot-berlin\/_mg_5129-custom\/'><img width=\"300\" height=\"200\" src=\"https:\/\/www.memo-media.de\/blog\/wp-content\/uploads\/2020\/10\/mg_5129-custom-300x200.jpg\" class=\"attachment-medium size-medium\" alt=\"\" decoding=\"async\" loading=\"lazy\" srcset=\"https:\/\/www.memo-media.de\/blog\/wp-content\/uploads\/2020\/10\/mg_5129-custom-300x200.jpg 300w, https:\/\/www.memo-media.de\/blog\/wp-content\/uploads\/2020\/10\/mg_5129-custom-768x512.jpg 768w, https:\/\/www.memo-media.de\/blog\/wp-content\/uploads\/2020\/10\/mg_5129-custom-335x223.jpg 335w, https:\/\/www.memo-media.de\/blog\/wp-content\/uploads\/2020\/10\/mg_5129-custom.jpg 1000w\" sizes=\"(max-width: 300px) 100vw, 300px\" \/><\/a>\n\t\t\t<\/dt><\/dl><br style=\"clear: both\" \/>\n\t\t<\/div>\n\n<p><a href=\"https:\/\/www.memo-media.de\/blog\/wp-content\/uploads\/2020\/10\/mg_5195-custom.jpg\"><img decoding=\"async\" loading=\"lazy\" class=\"alignnone size-medium wp-image-12502\" src=\"https:\/\/www.memo-media.de\/blog\/wp-content\/uploads\/2020\/10\/mg_5195-custom-300x200.jpg\" alt=\"\" width=\"300\" height=\"200\" srcset=\"https:\/\/www.memo-media.de\/blog\/wp-content\/uploads\/2020\/10\/mg_5195-custom-300x200.jpg 300w, https:\/\/www.memo-media.de\/blog\/wp-content\/uploads\/2020\/10\/mg_5195-custom-768x512.jpg 768w, https:\/\/www.memo-media.de\/blog\/wp-content\/uploads\/2020\/10\/mg_5195-custom-335x223.jpg 335w, https:\/\/www.memo-media.de\/blog\/wp-content\/uploads\/2020\/10\/mg_5195-custom.jpg 1000w\" sizes=\"(max-width: 300px) 100vw, 300px\" \/><\/a> <a href=\"https:\/\/www.memo-media.de\/blog\/wp-content\/uploads\/2020\/10\/mg_5250-custom.jpg\"><img decoding=\"async\" loading=\"lazy\" class=\"alignnone size-medium wp-image-12504\" src=\"https:\/\/www.memo-media.de\/blog\/wp-content\/uploads\/2020\/10\/mg_5250-custom-300x200.jpg\" alt=\"\" width=\"300\" height=\"200\" srcset=\"https:\/\/www.memo-media.de\/blog\/wp-content\/uploads\/2020\/10\/mg_5250-custom-300x200.jpg 300w, https:\/\/www.memo-media.de\/blog\/wp-content\/uploads\/2020\/10\/mg_5250-custom-768x512.jpg 768w, https:\/\/www.memo-media.de\/blog\/wp-content\/uploads\/2020\/10\/mg_5250-custom-335x223.jpg 335w, https:\/\/www.memo-media.de\/blog\/wp-content\/uploads\/2020\/10\/mg_5250-custom.jpg 1000w\" sizes=\"(max-width: 300px) 100vw, 300px\" \/><\/a> <a href=\"https:\/\/www.memo-media.de\/blog\/wp-content\/uploads\/2020\/10\/mg_5214-custom.jpg\"><img decoding=\"async\" loading=\"lazy\" class=\"alignnone size-medium wp-image-12503\" src=\"https:\/\/www.memo-media.de\/blog\/wp-content\/uploads\/2020\/10\/mg_5214-custom-300x200.jpg\" alt=\"\" width=\"300\" height=\"200\" srcset=\"https:\/\/www.memo-media.de\/blog\/wp-content\/uploads\/2020\/10\/mg_5214-custom-300x200.jpg 300w, https:\/\/www.memo-media.de\/blog\/wp-content\/uploads\/2020\/10\/mg_5214-custom-768x512.jpg 768w, https:\/\/www.memo-media.de\/blog\/wp-content\/uploads\/2020\/10\/mg_5214-custom-335x223.jpg 335w, https:\/\/www.memo-media.de\/blog\/wp-content\/uploads\/2020\/10\/mg_5214-custom.jpg 1000w\" sizes=\"(max-width: 300px) 100vw, 300px\" \/><\/a> <a href=\"https:\/\/www.memo-media.de\/blog\/wp-content\/uploads\/2020\/10\/mg_5259-custom.jpg\"><img decoding=\"async\" loading=\"lazy\" class=\"alignnone size-medium wp-image-12487\" src=\"https:\/\/www.memo-media.de\/blog\/wp-content\/uploads\/2020\/10\/mg_5259-custom-300x200.jpg\" alt=\"\" width=\"300\" height=\"200\" srcset=\"https:\/\/www.memo-media.de\/blog\/wp-content\/uploads\/2020\/10\/mg_5259-custom-300x200.jpg 300w, https:\/\/www.memo-media.de\/blog\/wp-content\/uploads\/2020\/10\/mg_5259-custom-768x512.jpg 768w, https:\/\/www.memo-media.de\/blog\/wp-content\/uploads\/2020\/10\/mg_5259-custom-335x223.jpg 335w, https:\/\/www.memo-media.de\/blog\/wp-content\/uploads\/2020\/10\/mg_5259-custom.jpg 1000w\" sizes=\"(max-width: 300px) 100vw, 300px\" \/><\/a><\/p>\n\n\t\t<style type=\"text\/css\">\n\t\t\t#gallery-3 {\n\t\t\t\tmargin: auto;\n\t\t\t}\n\t\t\t#gallery-3 .gallery-item {\n\t\t\t\tfloat: left;\n\t\t\t\tmargin-top: 10px;\n\t\t\t\ttext-align: center;\n\t\t\t\twidth: 33%;\n\t\t\t}\n\t\t\t#gallery-3 img {\n\t\t\t\tborder: 2px solid #cfcfcf;\n\t\t\t}\n\t\t\t#gallery-3 .gallery-caption {\n\t\t\t\tmargin-left: 0;\n\t\t\t}\n\t\t\t\/* see gallery_shortcode() in wp-includes\/media.php *\/\n\t\t<\/style>\n\t\t<div id='gallery-3' class='gallery galleryid-12486 gallery-columns-3 gallery-size-medium'><dl class='gallery-item'>\n\t\t\t<dt class='gallery-icon landscape'>\n\t\t\t\t<a href='https:\/\/www.memo-media.de\/blog\/zweite-grossdemo-alarmstuferot-berlin\/_mg_5322-custom\/'><img width=\"300\" height=\"200\" src=\"https:\/\/www.memo-media.de\/blog\/wp-content\/uploads\/2020\/10\/mg_5322-custom-300x200.jpg\" class=\"attachment-medium size-medium\" alt=\"\" decoding=\"async\" loading=\"lazy\" srcset=\"https:\/\/www.memo-media.de\/blog\/wp-content\/uploads\/2020\/10\/mg_5322-custom-300x200.jpg 300w, https:\/\/www.memo-media.de\/blog\/wp-content\/uploads\/2020\/10\/mg_5322-custom-768x512.jpg 768w, https:\/\/www.memo-media.de\/blog\/wp-content\/uploads\/2020\/10\/mg_5322-custom-335x223.jpg 335w, https:\/\/www.memo-media.de\/blog\/wp-content\/uploads\/2020\/10\/mg_5322-custom.jpg 1000w\" sizes=\"(max-width: 300px) 100vw, 300px\" \/><\/a>\n\t\t\t<\/dt><\/dl><dl class='gallery-item'>\n\t\t\t<dt class='gallery-icon landscape'>\n\t\t\t\t<a href='https:\/\/www.memo-media.de\/blog\/zweite-grossdemo-alarmstuferot-berlin\/_mg_5298-custom\/'><img width=\"300\" height=\"200\" src=\"https:\/\/www.memo-media.de\/blog\/wp-content\/uploads\/2020\/10\/mg_5298-custom-300x200.jpg\" class=\"attachment-medium size-medium\" alt=\"\" decoding=\"async\" loading=\"lazy\" srcset=\"https:\/\/www.memo-media.de\/blog\/wp-content\/uploads\/2020\/10\/mg_5298-custom-300x200.jpg 300w, https:\/\/www.memo-media.de\/blog\/wp-content\/uploads\/2020\/10\/mg_5298-custom-768x512.jpg 768w, https:\/\/www.memo-media.de\/blog\/wp-content\/uploads\/2020\/10\/mg_5298-custom-335x223.jpg 335w, https:\/\/www.memo-media.de\/blog\/wp-content\/uploads\/2020\/10\/mg_5298-custom.jpg 1000w\" sizes=\"(max-width: 300px) 100vw, 300px\" \/><\/a>\n\t\t\t<\/dt><\/dl><dl class='gallery-item'>\n\t\t\t<dt class='gallery-icon landscape'>\n\t\t\t\t<a href='https:\/\/www.memo-media.de\/blog\/zweite-grossdemo-alarmstuferot-berlin\/_mg_5378-custom\/'><img width=\"300\" height=\"200\" src=\"https:\/\/www.memo-media.de\/blog\/wp-content\/uploads\/2020\/10\/mg_5378-custom-300x200.jpg\" class=\"attachment-medium size-medium\" alt=\"\" decoding=\"async\" loading=\"lazy\" srcset=\"https:\/\/www.memo-media.de\/blog\/wp-content\/uploads\/2020\/10\/mg_5378-custom-300x200.jpg 300w, https:\/\/www.memo-media.de\/blog\/wp-content\/uploads\/2020\/10\/mg_5378-custom-768x512.jpg 768w, https:\/\/www.memo-media.de\/blog\/wp-content\/uploads\/2020\/10\/mg_5378-custom-335x223.jpg 335w, https:\/\/www.memo-media.de\/blog\/wp-content\/uploads\/2020\/10\/mg_5378-custom.jpg 1000w\" sizes=\"(max-width: 300px) 100vw, 300px\" \/><\/a>\n\t\t\t<\/dt><\/dl><br style=\"clear: both\" \/>\n\t\t<\/div>\n\n","protected":false},"excerpt":{"rendered":"<p>Jetzt ist die hervorragend organisierte und durchgef\u00fchrte Demo zu #alarmstuferot eine Woche her und kaum etwas ist passiert. Thomas Barei\u00df,&#8230;<\/p>\n","protected":false},"author":2,"featured_media":12492,"comment_status":"closed","ping_status":"open","sticky":false,"template":"","format":"standard","meta":[],"categories":[8],"tags":[2341,1722,2366,252,1943],"yoast_head":"<!-- This site is optimized with the Yoast SEO Premium plugin v20.5 (Yoast SEO v20.5) - https:\/\/yoast.com\/wordpress\/plugins\/seo\/ -->\n<title>Zweite Gro\u00dfdemo #AlarmstufeRot in Berlin<\/title>\n<meta name=\"description\" content=\"#alarmstuferot wird zu #alarmstufeschwarz. Eine Stellungnahme im Blog f\u00fcr die Eventplanung eine Woche nach der zweiten Gro\u00dfdemo in Berlin.\" \/>\n<meta name=\"robots\" content=\"index, follow, max-snippet:-1, max-image-preview:large, max-video-preview:-1\" \/>\n<link rel=\"canonical\" href=\"https:\/\/www.memo-media.de\/blog\/zweite-grossdemo-alarmstuferot-berlin\/\" \/>\n<meta property=\"og:locale\" content=\"de_DE\" \/>\n<meta property=\"og:type\" content=\"article\" \/>\n<meta property=\"og:title\" content=\"Zweite Gro\u00dfdemo #AlarmstufeRot in Berlin\" \/>\n<meta property=\"og:description\" content=\"#alarmstuferot wird zu #alarmstufeschwarz. Eine Stellungnahme im Blog f\u00fcr die Eventplanung eine Woche nach der zweiten Gro\u00dfdemo in Berlin.\" \/>\n<meta property=\"og:url\" content=\"https:\/\/www.memo-media.de\/blog\/zweite-grossdemo-alarmstuferot-berlin\/\" \/>\n<meta property=\"og:site_name\" content=\"memo-media Blog f\u00fcr die Eventplanung\" \/>\n<meta property=\"article:author\" content=\"https:\/\/www.facebook.com\/memomedia\" \/>\n<meta property=\"article:published_time\" content=\"2020-11-04T10:00:32+00:00\" \/>\n<meta property=\"article:modified_time\" content=\"2020-11-04T14:10:05+00:00\" \/>\n<meta property=\"og:image\" content=\"https:\/\/www.memo-media.de\/blog\/wp-content\/uploads\/2020\/10\/mg_4882-custom.jpg\" \/>\n\t<meta property=\"og:image:width\" content=\"1050\" \/>\n\t<meta property=\"og:image:height\" content=\"700\" \/>\n\t<meta property=\"og:image:type\" content=\"image\/jpeg\" \/>\n<meta name=\"author\" content=\"Kerstin Meisner\" \/>\n<meta name=\"twitter:label1\" content=\"Verfasst von\" \/>\n\t<meta name=\"twitter:data1\" content=\"Kerstin Meisner\" \/>\n\t<meta name=\"twitter:label2\" content=\"Gesch\u00e4tzte Lesezeit\" \/>\n\t<meta name=\"twitter:data2\" content=\"3\u00a0Minuten\" \/>\n<script type=\"application\/ld+json\" class=\"yoast-schema-graph\">{\"@context\":\"https:\/\/schema.org\",\"@graph\":[{\"@type\":\"WebPage\",\"@id\":\"https:\/\/www.memo-media.de\/blog\/zweite-grossdemo-alarmstuferot-berlin\/\",\"url\":\"https:\/\/www.memo-media.de\/blog\/zweite-grossdemo-alarmstuferot-berlin\/\",\"name\":\"Zweite Gro\u00dfdemo #AlarmstufeRot in Berlin\",\"isPartOf\":{\"@id\":\"https:\/\/www.memo-media.de\/blog\/#website\"},\"datePublished\":\"2020-11-04T10:00:32+00:00\",\"dateModified\":\"2020-11-04T14:10:05+00:00\",\"author\":{\"@id\":\"https:\/\/www.memo-media.de\/blog\/#\/schema\/person\/4a9ebc406469558526f2f3e5dd7a7ab0\"},\"description\":\"#alarmstuferot wird zu #alarmstufeschwarz. Eine Stellungnahme im Blog f\u00fcr die Eventplanung eine Woche nach der zweiten Gro\u00dfdemo in Berlin.\",\"breadcrumb\":{\"@id\":\"https:\/\/www.memo-media.de\/blog\/zweite-grossdemo-alarmstuferot-berlin\/#breadcrumb\"},\"inLanguage\":\"de\",\"potentialAction\":[{\"@type\":\"ReadAction\",\"target\":[\"https:\/\/www.memo-media.de\/blog\/zweite-grossdemo-alarmstuferot-berlin\/\"]}]},{\"@type\":\"BreadcrumbList\",\"@id\":\"https:\/\/www.memo-media.de\/blog\/zweite-grossdemo-alarmstuferot-berlin\/#breadcrumb\",\"itemListElement\":[{\"@type\":\"ListItem\",\"position\":1,\"name\":\"Home\",\"item\":\"https:\/\/www.memo-media.de\/blog\/\"},{\"@type\":\"ListItem\",\"position\":2,\"name\":\"Zweite Gro\u00dfdemo #AlarmstufeRot in Berlin\"}]},{\"@type\":\"WebSite\",\"@id\":\"https:\/\/www.memo-media.de\/blog\/#website\",\"url\":\"https:\/\/www.memo-media.de\/blog\/\",\"name\":\"memo-media Blog f\u00fcr die Eventplanung\",\"description\":\"News und Facts aus der Eventbranche f\u00fcr die Eventbranche\",\"potentialAction\":[{\"@type\":\"SearchAction\",\"target\":{\"@type\":\"EntryPoint\",\"urlTemplate\":\"https:\/\/www.memo-media.de\/blog\/?s={search_term_string}\"},\"query-input\":\"required name=search_term_string\"}],\"inLanguage\":\"de\"},{\"@type\":\"Person\",\"@id\":\"https:\/\/www.memo-media.de\/blog\/#\/schema\/person\/4a9ebc406469558526f2f3e5dd7a7ab0\",\"name\":\"Kerstin Meisner\",\"image\":{\"@type\":\"ImageObject\",\"inLanguage\":\"de\",\"@id\":\"https:\/\/www.memo-media.de\/blog\/#\/schema\/person\/image\/\",\"url\":\"https:\/\/www.memo-media.de\/blog\/wp-content\/uploads\/2022\/10\/kerstin-meisner_2022_03-mittel-150x150.jpg\",\"contentUrl\":\"https:\/\/www.memo-media.de\/blog\/wp-content\/uploads\/2022\/10\/kerstin-meisner_2022_03-mittel-150x150.jpg\",\"caption\":\"Kerstin Meisner\"},\"description\":\"Kerstin Meisner hat memo-media im Dezember 2000 gegr\u00fcndet. Die Website www.memo-media.de ist im Juni 2001 online gegangen und das erste Handbuch memo-media erschien im Herbst 2001. Seit 2007 wird das Magazin showcases von ihr als Herausgeberin herausgebracht, 2016 folgten die Eventmoods. Kerstin Meisner ist auch Chefredakteurin des memo-media Blogs f\u00fcr die Eventplanung und des monatlichen Eventbranchenbriefs, dem memoLetter.\",\"sameAs\":[\"https:\/\/www.memo-media.de\",\"https:\/\/www.facebook.com\/memomedia\"],\"url\":\"https:\/\/www.memo-media.de\/blog\/author\/kerstin-meisner\/\"}]}<\/script>\n<!-- \/ Yoast SEO Premium plugin. -->","yoast_head_json":{"title":"Zweite Gro\u00dfdemo #AlarmstufeRot in Berlin","description":"#alarmstuferot wird zu #alarmstufeschwarz. Eine Stellungnahme im Blog f\u00fcr die Eventplanung eine Woche nach der zweiten Gro\u00dfdemo in Berlin.","robots":{"index":"index","follow":"follow","max-snippet":"max-snippet:-1","max-image-preview":"max-image-preview:large","max-video-preview":"max-video-preview:-1"},"canonical":"https:\/\/www.memo-media.de\/blog\/zweite-grossdemo-alarmstuferot-berlin\/","og_locale":"de_DE","og_type":"article","og_title":"Zweite Gro\u00dfdemo #AlarmstufeRot in Berlin","og_description":"#alarmstuferot wird zu #alarmstufeschwarz. Eine Stellungnahme im Blog f\u00fcr die Eventplanung eine Woche nach der zweiten Gro\u00dfdemo in Berlin.","og_url":"https:\/\/www.memo-media.de\/blog\/zweite-grossdemo-alarmstuferot-berlin\/","og_site_name":"memo-media Blog f\u00fcr die Eventplanung","article_author":"https:\/\/www.facebook.com\/memomedia","article_published_time":"2020-11-04T10:00:32+00:00","article_modified_time":"2020-11-04T14:10:05+00:00","og_image":[{"width":1050,"height":700,"url":"https:\/\/www.memo-media.de\/blog\/wp-content\/uploads\/2020\/10\/mg_4882-custom.jpg","type":"image\/jpeg"}],"author":"Kerstin Meisner","twitter_misc":{"Verfasst von":"Kerstin Meisner","Gesch\u00e4tzte Lesezeit":"3\u00a0Minuten"},"schema":{"@context":"https:\/\/schema.org","@graph":[{"@type":"WebPage","@id":"https:\/\/www.memo-media.de\/blog\/zweite-grossdemo-alarmstuferot-berlin\/","url":"https:\/\/www.memo-media.de\/blog\/zweite-grossdemo-alarmstuferot-berlin\/","name":"Zweite Gro\u00dfdemo #AlarmstufeRot in Berlin","isPartOf":{"@id":"https:\/\/www.memo-media.de\/blog\/#website"},"datePublished":"2020-11-04T10:00:32+00:00","dateModified":"2020-11-04T14:10:05+00:00","author":{"@id":"https:\/\/www.memo-media.de\/blog\/#\/schema\/person\/4a9ebc406469558526f2f3e5dd7a7ab0"},"description":"#alarmstuferot wird zu #alarmstufeschwarz. Eine Stellungnahme im Blog f\u00fcr die Eventplanung eine Woche nach der zweiten Gro\u00dfdemo in Berlin.","breadcrumb":{"@id":"https:\/\/www.memo-media.de\/blog\/zweite-grossdemo-alarmstuferot-berlin\/#breadcrumb"},"inLanguage":"de","potentialAction":[{"@type":"ReadAction","target":["https:\/\/www.memo-media.de\/blog\/zweite-grossdemo-alarmstuferot-berlin\/"]}]},{"@type":"BreadcrumbList","@id":"https:\/\/www.memo-media.de\/blog\/zweite-grossdemo-alarmstuferot-berlin\/#breadcrumb","itemListElement":[{"@type":"ListItem","position":1,"name":"Home","item":"https:\/\/www.memo-media.de\/blog\/"},{"@type":"ListItem","position":2,"name":"Zweite Gro\u00dfdemo #AlarmstufeRot in Berlin"}]},{"@type":"WebSite","@id":"https:\/\/www.memo-media.de\/blog\/#website","url":"https:\/\/www.memo-media.de\/blog\/","name":"memo-media Blog f\u00fcr die Eventplanung","description":"News und Facts aus der Eventbranche f\u00fcr die Eventbranche","potentialAction":[{"@type":"SearchAction","target":{"@type":"EntryPoint","urlTemplate":"https:\/\/www.memo-media.de\/blog\/?s={search_term_string}"},"query-input":"required name=search_term_string"}],"inLanguage":"de"},{"@type":"Person","@id":"https:\/\/www.memo-media.de\/blog\/#\/schema\/person\/4a9ebc406469558526f2f3e5dd7a7ab0","name":"Kerstin Meisner","image":{"@type":"ImageObject","inLanguage":"de","@id":"https:\/\/www.memo-media.de\/blog\/#\/schema\/person\/image\/","url":"https:\/\/www.memo-media.de\/blog\/wp-content\/uploads\/2022\/10\/kerstin-meisner_2022_03-mittel-150x150.jpg","contentUrl":"https:\/\/www.memo-media.de\/blog\/wp-content\/uploads\/2022\/10\/kerstin-meisner_2022_03-mittel-150x150.jpg","caption":"Kerstin Meisner"},"description":"Kerstin Meisner hat memo-media im Dezember 2000 gegr\u00fcndet. Die Website www.memo-media.de ist im Juni 2001 online gegangen und das erste Handbuch memo-media erschien im Herbst 2001. Seit 2007 wird das Magazin showcases von ihr als Herausgeberin herausgebracht, 2016 folgten die Eventmoods. Kerstin Meisner ist auch Chefredakteurin des memo-media Blogs f\u00fcr die Eventplanung und des monatlichen Eventbranchenbriefs, dem memoLetter.","sameAs":["https:\/\/www.memo-media.de","https:\/\/www.facebook.com\/memomedia"],"url":"https:\/\/www.memo-media.de\/blog\/author\/kerstin-meisner\/"}]}},"_links":{"self":[{"href":"https:\/\/www.memo-media.de\/blog\/wp-json\/wp\/v2\/posts\/12486"}],"collection":[{"href":"https:\/\/www.memo-media.de\/blog\/wp-json\/wp\/v2\/posts"}],"about":[{"href":"https:\/\/www.memo-media.de\/blog\/wp-json\/wp\/v2\/types\/post"}],"author":[{"embeddable":true,"href":"https:\/\/www.memo-media.de\/blog\/wp-json\/wp\/v2\/users\/2"}],"replies":[{"embeddable":true,"href":"https:\/\/www.memo-media.de\/blog\/wp-json\/wp\/v2\/comments?post=12486"}],"version-history":[{"count":9,"href":"https:\/\/www.memo-media.de\/blog\/wp-json\/wp\/v2\/posts\/12486\/revisions"}],"predecessor-version":[{"id":12520,"href":"https:\/\/www.memo-media.de\/blog\/wp-json\/wp\/v2\/posts\/12486\/revisions\/12520"}],"wp:featuredmedia":[{"embeddable":true,"href":"https:\/\/www.memo-media.de\/blog\/wp-json\/wp\/v2\/media\/12492"}],"wp:attachment":[{"href":"https:\/\/www.memo-media.de\/blog\/wp-json\/wp\/v2\/media?parent=12486"}],"wp:term":[{"taxonomy":"category","embeddable":true,"href":"https:\/\/www.memo-media.de\/blog\/wp-json\/wp\/v2\/categories?post=12486"},{"taxonomy":"post_tag","embeddable":true,"href":"https:\/\/www.memo-media.de\/blog\/wp-json\/wp\/v2\/tags?post=12486"}],"curies":[{"name":"wp","href":"https:\/\/api.w.org\/{rel}","templated":true}]}}