{"id":12173,"date":"2020-09-08T14:00:49","date_gmt":"2020-09-08T12:00:49","guid":{"rendered":"https:\/\/www.memo-media.de\/blog\/?p=12173"},"modified":"2023-05-24T13:00:55","modified_gmt":"2023-05-24T11:00:55","slug":"led-dekoration-fuer-hochzeiten-leuchtende-ideen-fuer-jede-location","status":"publish","type":"post","link":"https:\/\/www.memo-media.de\/blog\/led-dekoration-fuer-hochzeiten-leuchtende-ideen-fuer-jede-location\/","title":{"rendered":"Leuchtende Ideen f\u00fcr jede Location \u2013LED-Dekoration f\u00fcr Hochzeiten"},"content":{"rendered":"<p>Na toll, statt festlich gedeckter Tische im Innenhof einer alten Burg an einem lauen Sommerabend bei Kerzenschein mit \u00fcber 100 G\u00e4sten hei\u00dft der Plan B nun Gew\u00f6lbekeller, Anfang November, vermutlich inklusive Regen und Matschwetter und eine dezimierten G\u00e4stez\u00e4hl. Corona hat auch Freunden von mir einen dicken Strich durch ihre Traumhochzeit gemacht und damit die gesamte Planung durcheinandergewirbelt. Die Entt\u00e4uschung kann sich sicher jeder vorstellen.<\/p>\n<div id=\"attachment_12175\" style=\"width: 310px\" class=\"wp-caption alignleft\"><a href=\"https:\/\/www.memo-media.de\/blog\/wp-content\/uploads\/2020\/09\/led-dekoration-fuer-hochzeiten_6.jpg\"><img aria-describedby=\"caption-attachment-12175\" decoding=\"async\" loading=\"lazy\" class=\"wp-image-12175 size-medium\" src=\"https:\/\/www.memo-media.de\/blog\/wp-content\/uploads\/2020\/09\/led-dekoration-fuer-hochzeiten_6-300x200.jpg\" alt=\"Magische Akzente mit LED-Dekoration f\u00fcr Hochzeiten\" width=\"300\" height=\"200\" srcset=\"https:\/\/www.memo-media.de\/blog\/wp-content\/uploads\/2020\/09\/led-dekoration-fuer-hochzeiten_6-300x200.jpg 300w, https:\/\/www.memo-media.de\/blog\/wp-content\/uploads\/2020\/09\/led-dekoration-fuer-hochzeiten_6-768x513.jpg 768w, https:\/\/www.memo-media.de\/blog\/wp-content\/uploads\/2020\/09\/led-dekoration-fuer-hochzeiten_6-335x224.jpg 335w, https:\/\/www.memo-media.de\/blog\/wp-content\/uploads\/2020\/09\/led-dekoration-fuer-hochzeiten_6.jpg 997w\" sizes=\"(max-width: 300px) 100vw, 300px\" \/><\/a><p id=\"caption-attachment-12175\" class=\"wp-caption-text\">Magische Akzente mit LED-Dekoration f\u00fcr Hochzeiten<\/p><\/div>\n<h3>Licht in der Dunkelheit mit LED-Dekoration f\u00fcr Hochzeiten<\/h3>\n<p>Doch jetzt kommt im wahrsten Sinne ein Lichtschimmer in das tr\u00fcbe Szenario. LED-Dekoration f\u00fcr Hochzeiten ist das Zauberwort. Unter diesem Suchbegriff spuckt mir das Eventbranchenverzeichnis von memo-media Micha Wei\u00df aus. Ein Anruf bei seiner Firma <a href=\"http:\/\/www.event-led.de\/\" target=\"_blank\" rel=\"noopener noreferrer\">Event LED<\/a> in Berlin und ich kann mir nichts Besseres vorstellen als eine Hochzeit in der dunklen Jahreszeit. Schon nach einer knappen Schilderung der Eckdaten sprudelt Micha \u00fcber vor Ideen, wie sich ein Gew\u00f6lbekeller in die perfekte Hochzeitslocation verwandeln l\u00e4sst. F\u00fcr die Detailplanung vereinbaren wir eine virtuelle Ortsbegehung per Videotelefonie mit dem Brautpaar.<\/p>\n<div id=\"attachment_12178\" style=\"width: 310px\" class=\"wp-caption alignright\"><a href=\"https:\/\/www.memo-media.de\/blog\/wp-content\/uploads\/2020\/09\/led-dekoration-fuer-hochzeiten_3.jpg\"><img aria-describedby=\"caption-attachment-12178\" decoding=\"async\" loading=\"lazy\" class=\"wp-image-12178 size-medium\" src=\"https:\/\/www.memo-media.de\/blog\/wp-content\/uploads\/2020\/09\/led-dekoration-fuer-hochzeiten_3-300x189.jpg\" alt=\"Leuchtende Sitzgruppen und Dekorationen f\u00fcr die perfekte Partylocation\" width=\"300\" height=\"189\" srcset=\"https:\/\/www.memo-media.de\/blog\/wp-content\/uploads\/2020\/09\/led-dekoration-fuer-hochzeiten_3-300x189.jpg 300w, https:\/\/www.memo-media.de\/blog\/wp-content\/uploads\/2020\/09\/led-dekoration-fuer-hochzeiten_3-768x484.jpg 768w, https:\/\/www.memo-media.de\/blog\/wp-content\/uploads\/2020\/09\/led-dekoration-fuer-hochzeiten_3-335x211.jpg 335w, https:\/\/www.memo-media.de\/blog\/wp-content\/uploads\/2020\/09\/led-dekoration-fuer-hochzeiten_3.jpg 999w\" sizes=\"(max-width: 300px) 100vw, 300px\" \/><\/a><p id=\"caption-attachment-12178\" class=\"wp-caption-text\">Leuchtende Sitzgruppen und Dekorationen f\u00fcr die perfekte Partylocation<\/p><\/div>\n<p>Einige Tage sp\u00e4ter ist es soweit: Mit dem Tablett in der Hand laufen wir durch den Gew\u00f6lbekeller. \u201eHier vorne k\u00f6nnten wir vielleicht eine Stehlampe aufstellen\u201c \u00fcberlegt das Brautpaar, \u201edann wirkt der Raum direkt etwas freundlicher.\u201c \u201eSchon, aber genau dort hinter sollte doch der Caterer die Gin-Bar aufbauen, wenn ich das richtig verstanden habe\u201c, hakt Micha nach, \u201edann w\u00fcrden sich doch eher zwei oder drei <a href=\"http:\/\/www.event-led.de\/#!\/wuerfel\" target=\"_blank\" rel=\"noopener noreferrer\">LED-W\u00fcrfel<\/a> anbieten, die als Tische genutzt werden k\u00f6nnen und dazu ein paar gem\u00fctliche Sessel.\u201c Endlich ein Lieferant, der nicht nur sein Gewerk sieht, sondern mitdenkt! \u201eJetzt brauchen wir nur noch die Tonanlage f\u00fcr die perfekte Partystimmung\u201c, meint der Br\u00e4utigam. \u201eKein Problem, die kann ich euch mitliefern\u201c l\u00f6st Micha auch das letzte Problem. Die passende <a href=\"https:\/\/www.event-led.de\/produkte\/\" target=\"_blank\" rel=\"noopener noreferrer\">Veranstaltungstechnik<\/a> ist quasi das i-T\u00fcpfelchen auf seinem Vermietungsservice von LED-Dekoration f\u00fcr Hochzeiten.<\/p>\n<p>Als eine Skizze mit Michas Ideen im Postfach landet, ist die Sache entschieden: Event LED wird den Raum in Szene setzen. Die Braut ist begeistert und ich habe neben einer Sorge weniger in Sachen Hochzeitsplanung einen tollen Gespr\u00e4chspartner f\u00fcr unseren Blog.<\/p>\n<h3>Von einfach bis professionell \u2013 LED-Dekoration f\u00fcr Hochzeiten nach Ma\u00df<\/h3>\n<div id=\"attachment_12179\" style=\"width: 310px\" class=\"wp-caption alignleft\"><a href=\"https:\/\/www.memo-media.de\/blog\/wp-content\/uploads\/2020\/09\/led-dekoration-fuer-hochzeiten_4.jpg\"><img aria-describedby=\"caption-attachment-12179\" decoding=\"async\" loading=\"lazy\" class=\"wp-image-12179 size-medium\" src=\"https:\/\/www.memo-media.de\/blog\/wp-content\/uploads\/2020\/09\/led-dekoration-fuer-hochzeiten_4-300x200.jpg\" alt=\"Ein &quot;leuchtender Sektempfang&quot; ist mal eine ganz andere Idee, seine G\u00e4ste zu begr\u00fc\u00dfen.\" width=\"300\" height=\"200\" srcset=\"https:\/\/www.memo-media.de\/blog\/wp-content\/uploads\/2020\/09\/led-dekoration-fuer-hochzeiten_4-300x200.jpg 300w, https:\/\/www.memo-media.de\/blog\/wp-content\/uploads\/2020\/09\/led-dekoration-fuer-hochzeiten_4-768x513.jpg 768w, https:\/\/www.memo-media.de\/blog\/wp-content\/uploads\/2020\/09\/led-dekoration-fuer-hochzeiten_4-335x224.jpg 335w, https:\/\/www.memo-media.de\/blog\/wp-content\/uploads\/2020\/09\/led-dekoration-fuer-hochzeiten_4.jpg 997w\" sizes=\"(max-width: 300px) 100vw, 300px\" \/><\/a><p id=\"caption-attachment-12179\" class=\"wp-caption-text\">Ein &#8220;leuchtender Sektempfang&#8221; ist mal eine ganz andere Idee, seine G\u00e4ste zu begr\u00fc\u00dfen.<\/p><\/div>\n<p>Micha und ich treffen uns auf eine telefonische Tasse Kaffee und plaudern \u00fcber sein Unternehmen. \u201eIch wollte einfach was Sch\u00f6nes basteln und ein \u00fcberschaubares Unternehmen aufziehen\u201c erz\u00e4hlt er \u00fcber den Beginn seiner Vermietung von Leuchtdekoration f\u00fcr Hochzeiten und andere Events. Mit Materialien aus dem Baumarkt, Stehlampen vom M\u00f6beldiscounter und einfachen LED-Einheiten hat alles begonnen. Heute baut Micha maximal noch Prototypen von Geh\u00e4useideen und gibt das Ganze dann bei anderen Handwerkern in Auftrag \u201eDie lachen dann erstmal \u00fcber meine Bastelk\u00fcnste und produzieren mir dann alle Objekte, so wie ich beziehungsweise meine Kunden sie haben m\u00f6chten und das in entsprechender St\u00fcckzahl.\u201c Dorthinein lassen sich dann die CE-zertifizierten LED-Einheiten stecken. Entweder die einfache und kosteng\u00fcnstige Variante, die per Fernbedienung geschaltet werden oder die inzwischen weit verbreiteten ASTERA-Einheiten, die ganz professionell \u00fcber ein Mischpult oder das Tablet angesteuert werden. \u201eDer Kunde entscheidet, ob er die einfache Beleuchtung m\u00f6chte oder die professionelle Lichtshow. Aber gerade bei Hochzeiten gilt, meiner Meinung nach, \u201aes muss nicht geklotzt werden\u2018. Wir wollen mit unserer LED-Dekoration f\u00fcr Hochzeiten einfach jede Ecke der Location durchdacht sch\u00f6n mitgestalten.\u201c<\/p>\n<h3>Detailliebe in Gemeinschaftsarbeit mit dem Kunden<\/h3>\n<p>Auf meine Frage, was das Geheimnis einer perfekt beleuchteten Hochzeitslocation ist, wei\u00df Micha eine ganz schlichte Antwort: \u201eWenn das Brautpaar sich in die Planung einmischt. Erst wenn die Handschrift des Brautpaares erkennbar wird, wird es meiner Meinung nach zu einer geschmackvollen und individuellen Hochzeit. Da ist es egal, ob alles in Bonbonfarben leuchten soll oder nur einzelne Dinge mit Licht im Farbschema der sonstigen Dekoration in Szene gesetzt werden sollen. Wir helfen immer gerne, die Ideen des Brautpaares und anderer Beteiligten logistisch umzusetzen.\u201c<\/p>\n<div id=\"attachment_12177\" style=\"width: 210px\" class=\"wp-caption alignright\"><a href=\"https:\/\/www.memo-media.de\/blog\/wp-content\/uploads\/2020\/09\/led-dekoration-fuer-hochzeiten_2.jpg\"><img aria-describedby=\"caption-attachment-12177\" decoding=\"async\" loading=\"lazy\" class=\"size-medium wp-image-12177\" src=\"https:\/\/www.memo-media.de\/blog\/wp-content\/uploads\/2020\/09\/led-dekoration-fuer-hochzeiten_2-200x300.jpg\" alt=\"LED-Dekoration f\u00fcr Hochzeiten ist in einer fast unersch\u00f6pflichen Farbpalette m\u00f6glich\" width=\"200\" height=\"300\" srcset=\"https:\/\/www.memo-media.de\/blog\/wp-content\/uploads\/2020\/09\/led-dekoration-fuer-hochzeiten_2-200x300.jpg 200w, https:\/\/www.memo-media.de\/blog\/wp-content\/uploads\/2020\/09\/led-dekoration-fuer-hochzeiten_2-335x503.jpg 335w, https:\/\/www.memo-media.de\/blog\/wp-content\/uploads\/2020\/09\/led-dekoration-fuer-hochzeiten_2.jpg 666w\" sizes=\"(max-width: 200px) 100vw, 200px\" \/><\/a><p id=\"caption-attachment-12177\" class=\"wp-caption-text\">LED-Dekoration f\u00fcr Hochzeiten ist in einer fast unersch\u00f6pflichen Farbpalette m\u00f6glich<\/p><\/div>\n<h3>Flexibilit\u00e4t, Nachhaltigkeit und Vielfalt \u2013 Was will man mehr?<\/h3>\n<p>Und als wenn das nicht genug Argumente f\u00fcr das Mieten von LED-Dekoration f\u00fcr Hochzeiten bei Event LED w\u00e4re, trumpft Micha mit einigen weiteren Highlights auf: \u201eWir laden alle Akkus klimaneutral mit 100 % \u00d6kostrom, und sie halten locker eine ganze Partydauer. Event LED kann eine schier unvorstellbare Auswahl an Objekte liefern und diese auch in einer riesigen St\u00fcckzahl. \u201eMit hunderten <a href=\"http:\/\/www.event-led.de\/#!\/kugeln\" target=\"_blank\" rel=\"noopener noreferrer\">LED-Kugeln<\/a> den Weg zu Location zu illuminieren ist ebenso m\u00f6glich wie ein farbliches Parkleitsystem mit <a href=\"http:\/\/www.event-led.de\/#!\/saeulen\" target=\"_blank\" rel=\"noopener noreferrer\">LED-S\u00e4ulen<\/a> oder <a href=\"http:\/\/www.event-led.de\/#!\/led-loungetisch-mojo\" target=\"_blank\" rel=\"noopener noreferrer\">LED-Tische<\/a> als Corona-taugliche Abstandsbarrieren,\u201c lacht Micha. \u201eUnd alle Objekte sind nat\u00fcrlich auch mit Wunsch-Aufdruck zu haben.\u201c Durch das Fehlen von l\u00e4stigen Kabeln gibt es keine Stolperfallen auf der Tanzfl\u00e4che. Und wenn es mal regnet, k\u00f6nnen wir in wenigen Minuten alles abbauen oder umstellen. Das ist aber nat\u00fcrlich nur n\u00f6tig, wenn es sich nicht um unsere Outdoor-Objekte handelt. Die halten selbstverst\u00e4ndlich auch Regen- und Matschwetter aus.\u201c \u2013 \u201eZum Gl\u00fcck,\u201c denke ich, \u201edenn f\u00fcr die Novemberhochzeit k\u00f6nnte genau das entscheidend sein\u2026\u201c<\/p>\n<p>\u201eEin eng befreundeter Lichtdesigner, den ich sehr gerne beauftrage, hat gesagt \u201aI have a strong emphasis on making something beautiful\u2018 und genau das ist es, was ich will: Mit LED-Dekoration f\u00fcr Hochzeiten einen besonderen Tag zu etwas einmaligem zu machen. Am Ende eines solchen Auftrags m\u00f6chte ich in gl\u00fcckliche Gesichter gucken.\u201c<\/p>\n<p>Wie die Dekoration der <a href=\"https:\/\/www.memo-media.de\/blog\/stage-entertainment-theater-mieten-fuer-jede-veranstaltung\/\">Hochzeitslocation<\/a> live aussehen wird, wei\u00df ich erst im November, aber ich bin felsenfest \u00fcberzeugt, dass es gro\u00dfartig wird! Was f\u00fcr ein Gl\u00fcck, bei tristem Regenwetter eine Hochzeit feiern zu k\u00f6nnen!<\/p>\n<a  class=\"pixcode  pixcode--btn  btn  btn--large  btn--beta\" href=\"https:\/\/www.eventbranchenverzeichnis.de\/details\/michael-weiss-veranstaltungstechnik-event-led-de-47017.html\" target=\"_blank\">Den Kontakt gibt es hier!<\/a>\n","protected":false},"excerpt":{"rendered":"<p>Na toll, statt festlich gedeckter Tische im Innenhof einer alten Burg an einem lauen Sommerabend bei Kerzenschein mit \u00fcber 100&#8230;<\/p>\n","protected":false},"author":39,"featured_media":12176,"comment_status":"closed","ping_status":"open","sticky":false,"template":"","format":"standard","meta":[],"categories":[454,10],"tags":[320,2351,2353,994,2352,2354,1631],"yoast_head":"<!-- This site is optimized with the Yoast SEO Premium plugin v20.5 (Yoast SEO v20.5) - https:\/\/yoast.com\/wordpress\/plugins\/seo\/ -->\n<title>LED-Dekoration f\u00fcr Hochzeiten - Leuchtende Ideen f\u00fcr jede Location<\/title>\n<meta name=\"description\" content=\"Hochzeit bei Regen- und Matschwetter? Mit LED-Dekoration f\u00fcr Hochzeiten von Event LED kann man sich nichts sch\u00f6neres vorstellen.\" \/>\n<meta name=\"robots\" content=\"index, follow, max-snippet:-1, max-image-preview:large, max-video-preview:-1\" \/>\n<link rel=\"canonical\" href=\"https:\/\/www.memo-media.de\/blog\/led-dekoration-fuer-hochzeiten-leuchtende-ideen-fuer-jede-location\/\" \/>\n<meta property=\"og:locale\" content=\"de_DE\" \/>\n<meta property=\"og:type\" content=\"article\" \/>\n<meta property=\"og:title\" content=\"Leuchtende Ideen f\u00fcr jede Location \u2013LED-Dekoration f\u00fcr Hochzeiten\" \/>\n<meta property=\"og:description\" content=\"Hochzeit bei Regen- und Matschwetter? Mit LED-Dekoration f\u00fcr Hochzeiten von Event LED kann man sich nichts sch\u00f6neres vorstellen.\" \/>\n<meta property=\"og:url\" content=\"https:\/\/www.memo-media.de\/blog\/led-dekoration-fuer-hochzeiten-leuchtende-ideen-fuer-jede-location\/\" \/>\n<meta property=\"og:site_name\" content=\"memo-media Blog f\u00fcr die Eventplanung\" \/>\n<meta property=\"article:published_time\" content=\"2020-09-08T12:00:49+00:00\" \/>\n<meta property=\"article:modified_time\" content=\"2023-05-24T11:00:55+00:00\" \/>\n<meta property=\"og:image\" content=\"https:\/\/www.memo-media.de\/blog\/wp-content\/uploads\/2020\/09\/led-dekoration-fuer-hochzeiten_1.jpg\" \/>\n\t<meta property=\"og:image:width\" content=\"1050\" \/>\n\t<meta property=\"og:image:height\" content=\"804\" \/>\n\t<meta property=\"og:image:type\" content=\"image\/jpeg\" \/>\n<meta name=\"author\" content=\"Sandra Thiele\" \/>\n<meta name=\"twitter:label1\" content=\"Verfasst von\" \/>\n\t<meta name=\"twitter:data1\" content=\"Sandra Thiele\" \/>\n\t<meta name=\"twitter:label2\" content=\"Gesch\u00e4tzte Lesezeit\" \/>\n\t<meta name=\"twitter:data2\" content=\"5\u00a0Minuten\" \/>\n<script type=\"application\/ld+json\" class=\"yoast-schema-graph\">{\"@context\":\"https:\/\/schema.org\",\"@graph\":[{\"@type\":\"WebPage\",\"@id\":\"https:\/\/www.memo-media.de\/blog\/led-dekoration-fuer-hochzeiten-leuchtende-ideen-fuer-jede-location\/\",\"url\":\"https:\/\/www.memo-media.de\/blog\/led-dekoration-fuer-hochzeiten-leuchtende-ideen-fuer-jede-location\/\",\"name\":\"LED-Dekoration f\u00fcr Hochzeiten - Leuchtende Ideen f\u00fcr jede Location\",\"isPartOf\":{\"@id\":\"https:\/\/www.memo-media.de\/blog\/#website\"},\"datePublished\":\"2020-09-08T12:00:49+00:00\",\"dateModified\":\"2023-05-24T11:00:55+00:00\",\"author\":{\"@id\":\"https:\/\/www.memo-media.de\/blog\/#\/schema\/person\/dfcd1b3e0325726c5ce8071885f462a8\"},\"description\":\"Hochzeit bei Regen- und Matschwetter? Mit LED-Dekoration f\u00fcr Hochzeiten von Event LED kann man sich nichts sch\u00f6neres vorstellen.\",\"breadcrumb\":{\"@id\":\"https:\/\/www.memo-media.de\/blog\/led-dekoration-fuer-hochzeiten-leuchtende-ideen-fuer-jede-location\/#breadcrumb\"},\"inLanguage\":\"de\",\"potentialAction\":[{\"@type\":\"ReadAction\",\"target\":[\"https:\/\/www.memo-media.de\/blog\/led-dekoration-fuer-hochzeiten-leuchtende-ideen-fuer-jede-location\/\"]}]},{\"@type\":\"BreadcrumbList\",\"@id\":\"https:\/\/www.memo-media.de\/blog\/led-dekoration-fuer-hochzeiten-leuchtende-ideen-fuer-jede-location\/#breadcrumb\",\"itemListElement\":[{\"@type\":\"ListItem\",\"position\":1,\"name\":\"Home\",\"item\":\"https:\/\/www.memo-media.de\/blog\/\"},{\"@type\":\"ListItem\",\"position\":2,\"name\":\"Leuchtende Ideen f\u00fcr jede Location \u2013LED-Dekoration f\u00fcr Hochzeiten\"}]},{\"@type\":\"WebSite\",\"@id\":\"https:\/\/www.memo-media.de\/blog\/#website\",\"url\":\"https:\/\/www.memo-media.de\/blog\/\",\"name\":\"memo-media Blog f\u00fcr die Eventplanung\",\"description\":\"News und Facts aus der Eventbranche f\u00fcr die Eventbranche\",\"potentialAction\":[{\"@type\":\"SearchAction\",\"target\":{\"@type\":\"EntryPoint\",\"urlTemplate\":\"https:\/\/www.memo-media.de\/blog\/?s={search_term_string}\"},\"query-input\":\"required name=search_term_string\"}],\"inLanguage\":\"de\"},{\"@type\":\"Person\",\"@id\":\"https:\/\/www.memo-media.de\/blog\/#\/schema\/person\/dfcd1b3e0325726c5ce8071885f462a8\",\"name\":\"Sandra Thiele\",\"image\":{\"@type\":\"ImageObject\",\"inLanguage\":\"de\",\"@id\":\"https:\/\/www.memo-media.de\/blog\/#\/schema\/person\/image\/\",\"url\":\"https:\/\/www.memo-media.de\/blog\/wp-content\/uploads\/2023\/07\/htd750-20230303-91083-150x150.jpg\",\"contentUrl\":\"https:\/\/www.memo-media.de\/blog\/wp-content\/uploads\/2023\/07\/htd750-20230303-91083-150x150.jpg\",\"caption\":\"Sandra Thiele\"},\"description\":\"Sandra Thiele ist freiberufliche Autorin und Redakteurin. Als diplomierte Oecotrophologin sind Themen aus Ern\u00e4hrung und Landwirtschaft ihr eigentliches Fachgebiet. So ist sie nicht nur verantwortlich f\u00fcr diverse Ver\u00f6ffentlichungen f\u00fcr Verbraucher, sondern vor allem auch f\u00fcr Bildungsmaterialien f\u00fcr Kinder und Jugendliche. Seit 2019 ist Sandra f\u00fcr memo-media als Bloggerin und Autorin unterwegs. Jedes Mal aufs Neue ist sie dabei \u00fcber die unglaubliche Vielfalt der Eventbranche und das damit verbundene Aufgabengebiet begeistert und l\u00e4sst dies in jedem Wort durchklingen, das sie f\u00fcr uns schreibt.\",\"sameAs\":[\"http:\/\/www.sandra-thiele.de\"],\"url\":\"https:\/\/www.memo-media.de\/blog\/author\/sandra-thiele\/\"}]}<\/script>\n<!-- \/ Yoast SEO Premium plugin. -->","yoast_head_json":{"title":"LED-Dekoration f\u00fcr Hochzeiten - Leuchtende Ideen f\u00fcr jede Location","description":"Hochzeit bei Regen- und Matschwetter? Mit LED-Dekoration f\u00fcr Hochzeiten von Event LED kann man sich nichts sch\u00f6neres vorstellen.","robots":{"index":"index","follow":"follow","max-snippet":"max-snippet:-1","max-image-preview":"max-image-preview:large","max-video-preview":"max-video-preview:-1"},"canonical":"https:\/\/www.memo-media.de\/blog\/led-dekoration-fuer-hochzeiten-leuchtende-ideen-fuer-jede-location\/","og_locale":"de_DE","og_type":"article","og_title":"Leuchtende Ideen f\u00fcr jede Location \u2013LED-Dekoration f\u00fcr Hochzeiten","og_description":"Hochzeit bei Regen- und Matschwetter? Mit LED-Dekoration f\u00fcr Hochzeiten von Event LED kann man sich nichts sch\u00f6neres vorstellen.","og_url":"https:\/\/www.memo-media.de\/blog\/led-dekoration-fuer-hochzeiten-leuchtende-ideen-fuer-jede-location\/","og_site_name":"memo-media Blog f\u00fcr die Eventplanung","article_published_time":"2020-09-08T12:00:49+00:00","article_modified_time":"2023-05-24T11:00:55+00:00","og_image":[{"width":1050,"height":804,"url":"https:\/\/www.memo-media.de\/blog\/wp-content\/uploads\/2020\/09\/led-dekoration-fuer-hochzeiten_1.jpg","type":"image\/jpeg"}],"author":"Sandra Thiele","twitter_misc":{"Verfasst von":"Sandra Thiele","Gesch\u00e4tzte Lesezeit":"5\u00a0Minuten"},"schema":{"@context":"https:\/\/schema.org","@graph":[{"@type":"WebPage","@id":"https:\/\/www.memo-media.de\/blog\/led-dekoration-fuer-hochzeiten-leuchtende-ideen-fuer-jede-location\/","url":"https:\/\/www.memo-media.de\/blog\/led-dekoration-fuer-hochzeiten-leuchtende-ideen-fuer-jede-location\/","name":"LED-Dekoration f\u00fcr Hochzeiten - Leuchtende Ideen f\u00fcr jede Location","isPartOf":{"@id":"https:\/\/www.memo-media.de\/blog\/#website"},"datePublished":"2020-09-08T12:00:49+00:00","dateModified":"2023-05-24T11:00:55+00:00","author":{"@id":"https:\/\/www.memo-media.de\/blog\/#\/schema\/person\/dfcd1b3e0325726c5ce8071885f462a8"},"description":"Hochzeit bei Regen- und Matschwetter? Mit LED-Dekoration f\u00fcr Hochzeiten von Event LED kann man sich nichts sch\u00f6neres vorstellen.","breadcrumb":{"@id":"https:\/\/www.memo-media.de\/blog\/led-dekoration-fuer-hochzeiten-leuchtende-ideen-fuer-jede-location\/#breadcrumb"},"inLanguage":"de","potentialAction":[{"@type":"ReadAction","target":["https:\/\/www.memo-media.de\/blog\/led-dekoration-fuer-hochzeiten-leuchtende-ideen-fuer-jede-location\/"]}]},{"@type":"BreadcrumbList","@id":"https:\/\/www.memo-media.de\/blog\/led-dekoration-fuer-hochzeiten-leuchtende-ideen-fuer-jede-location\/#breadcrumb","itemListElement":[{"@type":"ListItem","position":1,"name":"Home","item":"https:\/\/www.memo-media.de\/blog\/"},{"@type":"ListItem","position":2,"name":"Leuchtende Ideen f\u00fcr jede Location \u2013LED-Dekoration f\u00fcr Hochzeiten"}]},{"@type":"WebSite","@id":"https:\/\/www.memo-media.de\/blog\/#website","url":"https:\/\/www.memo-media.de\/blog\/","name":"memo-media Blog f\u00fcr die Eventplanung","description":"News und Facts aus der Eventbranche f\u00fcr die Eventbranche","potentialAction":[{"@type":"SearchAction","target":{"@type":"EntryPoint","urlTemplate":"https:\/\/www.memo-media.de\/blog\/?s={search_term_string}"},"query-input":"required name=search_term_string"}],"inLanguage":"de"},{"@type":"Person","@id":"https:\/\/www.memo-media.de\/blog\/#\/schema\/person\/dfcd1b3e0325726c5ce8071885f462a8","name":"Sandra Thiele","image":{"@type":"ImageObject","inLanguage":"de","@id":"https:\/\/www.memo-media.de\/blog\/#\/schema\/person\/image\/","url":"https:\/\/www.memo-media.de\/blog\/wp-content\/uploads\/2023\/07\/htd750-20230303-91083-150x150.jpg","contentUrl":"https:\/\/www.memo-media.de\/blog\/wp-content\/uploads\/2023\/07\/htd750-20230303-91083-150x150.jpg","caption":"Sandra Thiele"},"description":"Sandra Thiele ist freiberufliche Autorin und Redakteurin. Als diplomierte Oecotrophologin sind Themen aus Ern\u00e4hrung und Landwirtschaft ihr eigentliches Fachgebiet. So ist sie nicht nur verantwortlich f\u00fcr diverse Ver\u00f6ffentlichungen f\u00fcr Verbraucher, sondern vor allem auch f\u00fcr Bildungsmaterialien f\u00fcr Kinder und Jugendliche. Seit 2019 ist Sandra f\u00fcr memo-media als Bloggerin und Autorin unterwegs. Jedes Mal aufs Neue ist sie dabei \u00fcber die unglaubliche Vielfalt der Eventbranche und das damit verbundene Aufgabengebiet begeistert und l\u00e4sst dies in jedem Wort durchklingen, das sie f\u00fcr uns schreibt.","sameAs":["http:\/\/www.sandra-thiele.de"],"url":"https:\/\/www.memo-media.de\/blog\/author\/sandra-thiele\/"}]}},"_links":{"self":[{"href":"https:\/\/www.memo-media.de\/blog\/wp-json\/wp\/v2\/posts\/12173"}],"collection":[{"href":"https:\/\/www.memo-media.de\/blog\/wp-json\/wp\/v2\/posts"}],"about":[{"href":"https:\/\/www.memo-media.de\/blog\/wp-json\/wp\/v2\/types\/post"}],"author":[{"embeddable":true,"href":"https:\/\/www.memo-media.de\/blog\/wp-json\/wp\/v2\/users\/39"}],"replies":[{"embeddable":true,"href":"https:\/\/www.memo-media.de\/blog\/wp-json\/wp\/v2\/comments?post=12173"}],"version-history":[{"count":9,"href":"https:\/\/www.memo-media.de\/blog\/wp-json\/wp\/v2\/posts\/12173\/revisions"}],"predecessor-version":[{"id":16111,"href":"https:\/\/www.memo-media.de\/blog\/wp-json\/wp\/v2\/posts\/12173\/revisions\/16111"}],"wp:featuredmedia":[{"embeddable":true,"href":"https:\/\/www.memo-media.de\/blog\/wp-json\/wp\/v2\/media\/12176"}],"wp:attachment":[{"href":"https:\/\/www.memo-media.de\/blog\/wp-json\/wp\/v2\/media?parent=12173"}],"wp:term":[{"taxonomy":"category","embeddable":true,"href":"https:\/\/www.memo-media.de\/blog\/wp-json\/wp\/v2\/categories?post=12173"},{"taxonomy":"post_tag","embeddable":true,"href":"https:\/\/www.memo-media.de\/blog\/wp-json\/wp\/v2\/tags?post=12173"}],"curies":[{"name":"wp","href":"https:\/\/api.w.org\/{rel}","templated":true}]}}