{"id":12157,"date":"2020-09-02T14:00:59","date_gmt":"2020-09-02T12:00:59","guid":{"rendered":"https:\/\/www.memo-media.de\/blog\/?p=12157"},"modified":"2020-09-08T08:42:03","modified_gmt":"2020-09-08T06:42:03","slug":"moderieren-lernen-fuer-hybride-und-digitale-events-gut-trainiert-mit-profi-cristian-galvez","status":"publish","type":"post","link":"https:\/\/www.memo-media.de\/blog\/moderieren-lernen-fuer-hybride-und-digitale-events-gut-trainiert-mit-profi-cristian-galvez\/","title":{"rendered":"Moderieren lernen f\u00fcr hybride und digitale Events: Gut trainiert mit Profi Cristi\u00e1n G\u00e1lvez"},"content":{"rendered":"<p>Das mit den digitalen und hybriden Events, die seit der Corona-Krise fast alle Pr\u00e4senzveranstaltungen ersetzen, ist ja so eine Sache: Einerseits freue ich mich, dass ich auf diese Weise auch in Covid-Zeiten an Kongressen, Messen und Business-Talks teilnehmen kann. Auf der anderen Seite habe ich aber oft das Gef\u00fchl, gar nicht so richtig dabei zu sein \u2013 anstatt mittendrin, mit H\u00e4ndesch\u00fctteln, Kaffeeduft und einem kleinen Stapel Visitenkarten im Nachgang. Denn: Die Ablenkung am eigenen Laptop ist hoch, es gibt immer E-Mails zu beantworten, Telefonate zu f\u00fchren, was zu recherchieren. Nur wenn mich ein Event so richtig packt und es der Moderator schafft, buchst\u00e4blich durch die Kamera in mein Homeoffice zu schl\u00fcpfen, bleibe ich voll und ganz bei der Sache und klicke garantiert nicht weg. Doch da liegt das Problem. Denn ein hybrides oder digitales Event ist keine Pr\u00e4senzveranstaltung, die ins Internet verlegt wird. Sondern bringt ganz neue Anforderungen an Studio, Kameramann und vor allem Moderator mit sich. Warum Moderieren lernen gerade f\u00fcr virtuelle Events so wichtig ist und <a href=\"https:\/\/www.moderieren-lernen.de\/\" target=\"_blank\" rel=\"noopener noreferrer\">was es dabei zu beachten gibt<\/a>, hat mir einer verraten, der es wissen muss: Cristi\u00e1n G\u00e1lvez hat bereits mehr als 6.000 Pr\u00e4sentationen gehalten \u2013 und im vergangenen Jahr sogar Barack Obama interviewt.<\/p>\n<h3>Von Obamas Talk-Partner das Moderieren lernen<\/h3>\n<div id=\"attachment_12159\" style=\"width: 310px\" class=\"wp-caption alignleft\"><a href=\"https:\/\/www.memo-media.de\/blog\/wp-content\/uploads\/2020\/09\/moderieren-lernen2.jpg\"><img aria-describedby=\"caption-attachment-12159\" decoding=\"async\" loading=\"lazy\" class=\"wp-image-12159 size-medium\" src=\"https:\/\/www.memo-media.de\/blog\/wp-content\/uploads\/2020\/09\/moderieren-lernen2-300x169.jpg\" alt=\"Cristi\u00e1n verpackt seine Inhalte in leicht verst\u00e4ndliche Bausteine. \" width=\"300\" height=\"169\" srcset=\"https:\/\/www.memo-media.de\/blog\/wp-content\/uploads\/2020\/09\/moderieren-lernen2-300x169.jpg 300w, https:\/\/www.memo-media.de\/blog\/wp-content\/uploads\/2020\/09\/moderieren-lernen2-768x432.jpg 768w, https:\/\/www.memo-media.de\/blog\/wp-content\/uploads\/2020\/09\/moderieren-lernen2-335x189.jpg 335w, https:\/\/www.memo-media.de\/blog\/wp-content\/uploads\/2020\/09\/moderieren-lernen2.jpg 1000w\" sizes=\"(max-width: 300px) 100vw, 300px\" \/><\/a><p id=\"caption-attachment-12159\" class=\"wp-caption-text\">Cristi\u00e1n verpackt seine Inhalte in leicht verst\u00e4ndliche Bausteine.<\/p><\/div>\n<p>Cristi\u00e1n ist Moderator, Autor, Trainer und Redner und hat ein neues digitales Lernprogramm auf den Markt gebracht, mit der Teilnehmer das Moderieren lernen, und zwar f\u00fcr digitale und hybride Events. Das Training richtet sich an alle, die jetzt vor der Aufgabe stehen, Events zu moderieren, die im digitalen Raum stattfinden und <a href=\"https:\/\/www.moderieren-lernen.de\/\" target=\"_blank\" rel=\"noopener noreferrer\">gibt Teilnehmern zum Launchpreis von nur 97 Euro ein echtes Handwerkszeug<\/a> f\u00fcr die n\u00e4chste Moderation an die Hand. Die Themen: Interaktion, Aktivierung, Dialog, Technik und Verbundenheit im virtuellen Raum. \u201eWir erkl\u00e4ren, wie man trotz Abstand ein Gef\u00fchl von Verbundenheit erzeugt, wie virtuelle Podiumsdiskussionen gelingen, wie man es schafft, lebendige und aktivierende Momente auch durch die \u201aschwarze Linse\u2018 zu erzeugen. Und wie man dazu die aktuelle Technik richtig einsetzt\u201c, erkl\u00e4rt der Moderator. Denn: Bei digitalen Formaten fehlt etwas Entscheidendes: Sie sind nur zweidimensional. Es fehlen Sitznachbarn, Ger\u00e4usche, Ger\u00fcche. Das Programm zeigt, wie man trotzdem Wissen vermitteln und Content transportieren kann, der in den K\u00f6pfen bleibt \u2013 auch, wenn die Zuschauer \u201anur\u2018 am Laptop sitzen. Das professionelle Lernprogramm wurde selbst als hybrides Event aufgezeichnet \u2013 und nimmt die Teilnehmer so direkt mit in die neue Veranstaltungswelt.<\/p>\n<h3>Produziert in hybrider Eventlocation<\/h3>\n<div id=\"attachment_12160\" style=\"width: 310px\" class=\"wp-caption alignright\"><a href=\"https:\/\/www.memo-media.de\/blog\/wp-content\/uploads\/2020\/09\/moderieren-lernen3.jpg\"><img aria-describedby=\"caption-attachment-12160\" decoding=\"async\" loading=\"lazy\" class=\"wp-image-12160 size-medium\" src=\"https:\/\/www.memo-media.de\/blog\/wp-content\/uploads\/2020\/09\/moderieren-lernen3-300x169.jpg\" alt=\"Im Online-Training holt sich der Moderator zahlreiche Experten an die Seite. \" width=\"300\" height=\"169\" srcset=\"https:\/\/www.memo-media.de\/blog\/wp-content\/uploads\/2020\/09\/moderieren-lernen3-300x169.jpg 300w, https:\/\/www.memo-media.de\/blog\/wp-content\/uploads\/2020\/09\/moderieren-lernen3-768x432.jpg 768w, https:\/\/www.memo-media.de\/blog\/wp-content\/uploads\/2020\/09\/moderieren-lernen3-335x189.jpg 335w, https:\/\/www.memo-media.de\/blog\/wp-content\/uploads\/2020\/09\/moderieren-lernen3.jpg 1000w\" sizes=\"(max-width: 300px) 100vw, 300px\" \/><\/a><p id=\"caption-attachment-12160\" class=\"wp-caption-text\">Im Online-Training holt sich der Moderator zahlreiche Experten an die Seite.<\/p><\/div>\n<p>Und genau deswegen wurde das Training auch nicht einfach im Studio aufgenommen. Sondern in der hybriden Eventlocation <a href=\"https:\/\/www.memo-media.de\/blog\/hybride-eventlocation\/\">GATE22<\/a> sehr aufw\u00e4ndig produziert und gedreht, mit modernster Technik und echten Zuschauern. <a href=\"https:\/\/www.moderieren-lernen.de\/\" target=\"_blank\" rel=\"noopener noreferrer\">Gemeinsam mit Experten aus der ganzen Welt<\/a> gibt Cristi\u00e1n seinen Teilnehmern einen dicken Werkzeugkasten zum Moderieren lernen mit auf den Weg, zum Beispiel:<\/p>\n<ul>\n<li>Die drei wichtigsten \u201eK\u201c erfolgreicher Online-Moderation<\/li>\n<li>Wie man in sechs Schritten Menschen fast magisch in das virtuelle Event zieht<\/li>\n<li>Wie man das Publikum richtig f\u00fchrt<\/li>\n<li>Warum man sein Publikum zu Beginn NIEMALS begr\u00fc\u00dfen sollte<\/li>\n<li>Die wichtigsten drei Rhetoriktechniken<\/li>\n<li>Wie man Spannung aufbaut<\/li>\n<li>Wie man mit Aufregung und Nervosit\u00e4t umgeht, und vieles mehr.<\/li>\n<\/ul>\n<p>Und das nicht in langatmigen Vortr\u00e4gen, sondern kurzweiligen Bausteinen wie der 7-Minutes-Methode, Breakout-Sessions, Backstage-Talks.<\/p>\n<h3>Kleine Schritte zum Nachmachen<\/h3>\n<div id=\"attachment_12161\" style=\"width: 310px\" class=\"wp-caption alignleft\"><a href=\"https:\/\/www.memo-media.de\/blog\/wp-content\/uploads\/2020\/09\/moderieren-lernen4.jpg\"><img aria-describedby=\"caption-attachment-12161\" decoding=\"async\" loading=\"lazy\" class=\"wp-image-12161 size-medium\" src=\"https:\/\/www.memo-media.de\/blog\/wp-content\/uploads\/2020\/09\/moderieren-lernen4-300x169.jpg\" alt=\"Live zugeschaltet zum Moderieren lernen: Eine Journalistin aus England. \" width=\"300\" height=\"169\" srcset=\"https:\/\/www.memo-media.de\/blog\/wp-content\/uploads\/2020\/09\/moderieren-lernen4-300x169.jpg 300w, https:\/\/www.memo-media.de\/blog\/wp-content\/uploads\/2020\/09\/moderieren-lernen4-768x432.jpg 768w, https:\/\/www.memo-media.de\/blog\/wp-content\/uploads\/2020\/09\/moderieren-lernen4-335x189.jpg 335w, https:\/\/www.memo-media.de\/blog\/wp-content\/uploads\/2020\/09\/moderieren-lernen4.jpg 1000w\" sizes=\"(max-width: 300px) 100vw, 300px\" \/><\/a><p id=\"caption-attachment-12161\" class=\"wp-caption-text\">Live zugeschaltet zum Moderieren lernen: Eine Journalistin aus England.<\/p><\/div>\n<p>Auch ich durfte in das digitale Programm zum Moderieren lernen hineinschnuppern \u2013 noch bevor es offiziell gelauncht wurde! \u00a0Was mir so gut gefallen hat: Obwohl die Vorstellung, vor vielen Menschen zu sprechen \u2013 auch virtuell \u2013 bei mir eigentlich eher Schnappatmung ausl\u00f6st, ist in diesem Training alles so aufbereitet, dass es ganz einfach und machbar scheint. Einzelne Techniken in kleinen Schritten, die jeder lernen kann. Selbst ich kann mir nach meinem Schnuppertraining vorstellen, dass Moderieren lernen eigentlich gar kein Hexenwerk ist. Man braucht nur die richtige Vorbereitung!<\/p>\n<p><strong>Und das Beste: memo-media Leser bekommen <a href=\"https:\/\/www.moderieren-lernen.de\/\" target=\"_blank\" rel=\"noopener noreferrer\">25 Prozent Rabatt auf den Launchpreis<\/a>! Einfach &#8220;memomedia&#8221; in das Feld des Gutschein-Codes eingeben.<br \/>\n<\/strong><\/p>\n","protected":false},"excerpt":{"rendered":"<p>Das mit den digitalen und hybriden Events, die seit der Corona-Krise fast alle Pr\u00e4senzveranstaltungen ersetzen, ist ja so eine Sache:&#8230;<\/p>\n","protected":false},"author":29,"featured_media":12158,"comment_status":"closed","ping_status":"open","sticky":false,"template":"","format":"standard","meta":[],"categories":[4],"tags":[1940,2054,2320,2348,153,2347,2319],"yoast_head":"<!-- This site is optimized with the Yoast SEO Premium plugin v20.5 (Yoast SEO v20.5) - https:\/\/yoast.com\/wordpress\/plugins\/seo\/ -->\n<title>Moderieren lernen f\u00fcr hybride und digitale Events: Gut trainiert mit Profi Cristi\u00e1n G\u00e1lvez<\/title>\n<meta name=\"description\" content=\"Digitale und hybride Events bringen f\u00fcr Veranstalter neue Herausforderungen mit sich, zum Beispiel, das Moderieren lernen.\" \/>\n<meta name=\"robots\" content=\"index, follow, max-snippet:-1, max-image-preview:large, max-video-preview:-1\" \/>\n<link rel=\"canonical\" href=\"https:\/\/www.memo-media.de\/blog\/moderieren-lernen-fuer-hybride-und-digitale-events-gut-trainiert-mit-profi-cristian-galvez\/\" \/>\n<meta property=\"og:locale\" content=\"de_DE\" \/>\n<meta property=\"og:type\" content=\"article\" \/>\n<meta property=\"og:title\" content=\"Moderieren lernen f\u00fcr hybride und digitale Events: Gut trainiert mit Profi Cristi\u00e1n G\u00e1lvez\" \/>\n<meta property=\"og:description\" content=\"Digitale und hybride Events bringen f\u00fcr Veranstalter neue Herausforderungen mit sich, zum Beispiel, das Moderieren lernen.\" \/>\n<meta property=\"og:url\" content=\"https:\/\/www.memo-media.de\/blog\/moderieren-lernen-fuer-hybride-und-digitale-events-gut-trainiert-mit-profi-cristian-galvez\/\" \/>\n<meta property=\"og:site_name\" content=\"memo-media Blog f\u00fcr die Eventplanung\" \/>\n<meta property=\"article:published_time\" content=\"2020-09-02T12:00:59+00:00\" \/>\n<meta property=\"article:modified_time\" content=\"2020-09-08T06:42:03+00:00\" \/>\n<meta property=\"og:image\" content=\"https:\/\/www.memo-media.de\/blog\/wp-content\/uploads\/2020\/09\/moderieren-lernen1.jpg\" \/>\n\t<meta property=\"og:image:width\" content=\"1050\" \/>\n\t<meta property=\"og:image:height\" content=\"804\" \/>\n\t<meta property=\"og:image:type\" content=\"image\/jpeg\" \/>\n<meta name=\"author\" content=\"Julia Gundelach\" \/>\n<meta name=\"twitter:label1\" content=\"Verfasst von\" \/>\n\t<meta name=\"twitter:data1\" content=\"Julia Gundelach\" \/>\n\t<meta name=\"twitter:label2\" content=\"Gesch\u00e4tzte Lesezeit\" \/>\n\t<meta name=\"twitter:data2\" content=\"3\u00a0Minuten\" \/>\n<script type=\"application\/ld+json\" class=\"yoast-schema-graph\">{\"@context\":\"https:\/\/schema.org\",\"@graph\":[{\"@type\":\"WebPage\",\"@id\":\"https:\/\/www.memo-media.de\/blog\/moderieren-lernen-fuer-hybride-und-digitale-events-gut-trainiert-mit-profi-cristian-galvez\/\",\"url\":\"https:\/\/www.memo-media.de\/blog\/moderieren-lernen-fuer-hybride-und-digitale-events-gut-trainiert-mit-profi-cristian-galvez\/\",\"name\":\"Moderieren lernen f\u00fcr hybride und digitale Events: Gut trainiert mit Profi Cristi\u00e1n G\u00e1lvez\",\"isPartOf\":{\"@id\":\"https:\/\/www.memo-media.de\/blog\/#website\"},\"datePublished\":\"2020-09-02T12:00:59+00:00\",\"dateModified\":\"2020-09-08T06:42:03+00:00\",\"author\":{\"@id\":\"https:\/\/www.memo-media.de\/blog\/#\/schema\/person\/b01cd365604b7a1226e889d3e8e6f56d\"},\"description\":\"Digitale und hybride Events bringen f\u00fcr Veranstalter neue Herausforderungen mit sich, zum Beispiel, das Moderieren lernen.\",\"breadcrumb\":{\"@id\":\"https:\/\/www.memo-media.de\/blog\/moderieren-lernen-fuer-hybride-und-digitale-events-gut-trainiert-mit-profi-cristian-galvez\/#breadcrumb\"},\"inLanguage\":\"de\",\"potentialAction\":[{\"@type\":\"ReadAction\",\"target\":[\"https:\/\/www.memo-media.de\/blog\/moderieren-lernen-fuer-hybride-und-digitale-events-gut-trainiert-mit-profi-cristian-galvez\/\"]}]},{\"@type\":\"BreadcrumbList\",\"@id\":\"https:\/\/www.memo-media.de\/blog\/moderieren-lernen-fuer-hybride-und-digitale-events-gut-trainiert-mit-profi-cristian-galvez\/#breadcrumb\",\"itemListElement\":[{\"@type\":\"ListItem\",\"position\":1,\"name\":\"Home\",\"item\":\"https:\/\/www.memo-media.de\/blog\/\"},{\"@type\":\"ListItem\",\"position\":2,\"name\":\"Moderieren lernen f\u00fcr hybride und digitale Events: Gut trainiert mit Profi Cristi\u00e1n G\u00e1lvez\"}]},{\"@type\":\"WebSite\",\"@id\":\"https:\/\/www.memo-media.de\/blog\/#website\",\"url\":\"https:\/\/www.memo-media.de\/blog\/\",\"name\":\"memo-media Blog f\u00fcr die Eventplanung\",\"description\":\"News und Facts aus der Eventbranche f\u00fcr die Eventbranche\",\"potentialAction\":[{\"@type\":\"SearchAction\",\"target\":{\"@type\":\"EntryPoint\",\"urlTemplate\":\"https:\/\/www.memo-media.de\/blog\/?s={search_term_string}\"},\"query-input\":\"required name=search_term_string\"}],\"inLanguage\":\"de\"},{\"@type\":\"Person\",\"@id\":\"https:\/\/www.memo-media.de\/blog\/#\/schema\/person\/b01cd365604b7a1226e889d3e8e6f56d\",\"name\":\"Julia Gundelach\",\"image\":{\"@type\":\"ImageObject\",\"inLanguage\":\"de\",\"@id\":\"https:\/\/www.memo-media.de\/blog\/#\/schema\/person\/image\/\",\"url\":\"https:\/\/www.memo-media.de\/blog\/wp-content\/uploads\/2021\/05\/julia-gundelach-150x150.jpg\",\"contentUrl\":\"https:\/\/www.memo-media.de\/blog\/wp-content\/uploads\/2021\/05\/julia-gundelach-150x150.jpg\",\"caption\":\"Julia Gundelach\"},\"description\":\"Julia Gundelach ist seit 2016 Teil des memo-media-Teams und bloggt am liebsten \u00fcber actionreiche Eventformate, die sie auch selbst mal testen darf. Als freie Redakteurin ist sie spezialisiert auf die Bereiche Marketing, PR und Werbung, aber auch auf neue Themen in der Veranstaltungswirtschaft. Zum Gl\u00fcck, denn eine buntere, vielf\u00e4ltigere und \u00fcberraschendere Welt, als das Event-Business kann sie sich nicht vorstellen!\",\"url\":\"https:\/\/www.memo-media.de\/blog\/author\/anna-steinberg\/\"}]}<\/script>\n<!-- \/ Yoast SEO Premium plugin. -->","yoast_head_json":{"title":"Moderieren lernen f\u00fcr hybride und digitale Events: Gut trainiert mit Profi Cristi\u00e1n G\u00e1lvez","description":"Digitale und hybride Events bringen f\u00fcr Veranstalter neue Herausforderungen mit sich, zum Beispiel, das Moderieren lernen.","robots":{"index":"index","follow":"follow","max-snippet":"max-snippet:-1","max-image-preview":"max-image-preview:large","max-video-preview":"max-video-preview:-1"},"canonical":"https:\/\/www.memo-media.de\/blog\/moderieren-lernen-fuer-hybride-und-digitale-events-gut-trainiert-mit-profi-cristian-galvez\/","og_locale":"de_DE","og_type":"article","og_title":"Moderieren lernen f\u00fcr hybride und digitale Events: Gut trainiert mit Profi Cristi\u00e1n G\u00e1lvez","og_description":"Digitale und hybride Events bringen f\u00fcr Veranstalter neue Herausforderungen mit sich, zum Beispiel, das Moderieren lernen.","og_url":"https:\/\/www.memo-media.de\/blog\/moderieren-lernen-fuer-hybride-und-digitale-events-gut-trainiert-mit-profi-cristian-galvez\/","og_site_name":"memo-media Blog f\u00fcr die Eventplanung","article_published_time":"2020-09-02T12:00:59+00:00","article_modified_time":"2020-09-08T06:42:03+00:00","og_image":[{"width":1050,"height":804,"url":"https:\/\/www.memo-media.de\/blog\/wp-content\/uploads\/2020\/09\/moderieren-lernen1.jpg","type":"image\/jpeg"}],"author":"Julia Gundelach","twitter_misc":{"Verfasst von":"Julia Gundelach","Gesch\u00e4tzte Lesezeit":"3\u00a0Minuten"},"schema":{"@context":"https:\/\/schema.org","@graph":[{"@type":"WebPage","@id":"https:\/\/www.memo-media.de\/blog\/moderieren-lernen-fuer-hybride-und-digitale-events-gut-trainiert-mit-profi-cristian-galvez\/","url":"https:\/\/www.memo-media.de\/blog\/moderieren-lernen-fuer-hybride-und-digitale-events-gut-trainiert-mit-profi-cristian-galvez\/","name":"Moderieren lernen f\u00fcr hybride und digitale Events: Gut trainiert mit Profi Cristi\u00e1n G\u00e1lvez","isPartOf":{"@id":"https:\/\/www.memo-media.de\/blog\/#website"},"datePublished":"2020-09-02T12:00:59+00:00","dateModified":"2020-09-08T06:42:03+00:00","author":{"@id":"https:\/\/www.memo-media.de\/blog\/#\/schema\/person\/b01cd365604b7a1226e889d3e8e6f56d"},"description":"Digitale und hybride Events bringen f\u00fcr Veranstalter neue Herausforderungen mit sich, zum Beispiel, das Moderieren lernen.","breadcrumb":{"@id":"https:\/\/www.memo-media.de\/blog\/moderieren-lernen-fuer-hybride-und-digitale-events-gut-trainiert-mit-profi-cristian-galvez\/#breadcrumb"},"inLanguage":"de","potentialAction":[{"@type":"ReadAction","target":["https:\/\/www.memo-media.de\/blog\/moderieren-lernen-fuer-hybride-und-digitale-events-gut-trainiert-mit-profi-cristian-galvez\/"]}]},{"@type":"BreadcrumbList","@id":"https:\/\/www.memo-media.de\/blog\/moderieren-lernen-fuer-hybride-und-digitale-events-gut-trainiert-mit-profi-cristian-galvez\/#breadcrumb","itemListElement":[{"@type":"ListItem","position":1,"name":"Home","item":"https:\/\/www.memo-media.de\/blog\/"},{"@type":"ListItem","position":2,"name":"Moderieren lernen f\u00fcr hybride und digitale Events: Gut trainiert mit Profi Cristi\u00e1n G\u00e1lvez"}]},{"@type":"WebSite","@id":"https:\/\/www.memo-media.de\/blog\/#website","url":"https:\/\/www.memo-media.de\/blog\/","name":"memo-media Blog f\u00fcr die Eventplanung","description":"News und Facts aus der Eventbranche f\u00fcr die Eventbranche","potentialAction":[{"@type":"SearchAction","target":{"@type":"EntryPoint","urlTemplate":"https:\/\/www.memo-media.de\/blog\/?s={search_term_string}"},"query-input":"required name=search_term_string"}],"inLanguage":"de"},{"@type":"Person","@id":"https:\/\/www.memo-media.de\/blog\/#\/schema\/person\/b01cd365604b7a1226e889d3e8e6f56d","name":"Julia Gundelach","image":{"@type":"ImageObject","inLanguage":"de","@id":"https:\/\/www.memo-media.de\/blog\/#\/schema\/person\/image\/","url":"https:\/\/www.memo-media.de\/blog\/wp-content\/uploads\/2021\/05\/julia-gundelach-150x150.jpg","contentUrl":"https:\/\/www.memo-media.de\/blog\/wp-content\/uploads\/2021\/05\/julia-gundelach-150x150.jpg","caption":"Julia Gundelach"},"description":"Julia Gundelach ist seit 2016 Teil des memo-media-Teams und bloggt am liebsten \u00fcber actionreiche Eventformate, die sie auch selbst mal testen darf. Als freie Redakteurin ist sie spezialisiert auf die Bereiche Marketing, PR und Werbung, aber auch auf neue Themen in der Veranstaltungswirtschaft. Zum Gl\u00fcck, denn eine buntere, vielf\u00e4ltigere und \u00fcberraschendere Welt, als das Event-Business kann sie sich nicht vorstellen!","url":"https:\/\/www.memo-media.de\/blog\/author\/anna-steinberg\/"}]}},"_links":{"self":[{"href":"https:\/\/www.memo-media.de\/blog\/wp-json\/wp\/v2\/posts\/12157"}],"collection":[{"href":"https:\/\/www.memo-media.de\/blog\/wp-json\/wp\/v2\/posts"}],"about":[{"href":"https:\/\/www.memo-media.de\/blog\/wp-json\/wp\/v2\/types\/post"}],"author":[{"embeddable":true,"href":"https:\/\/www.memo-media.de\/blog\/wp-json\/wp\/v2\/users\/29"}],"replies":[{"embeddable":true,"href":"https:\/\/www.memo-media.de\/blog\/wp-json\/wp\/v2\/comments?post=12157"}],"version-history":[{"count":6,"href":"https:\/\/www.memo-media.de\/blog\/wp-json\/wp\/v2\/posts\/12157\/revisions"}],"predecessor-version":[{"id":12207,"href":"https:\/\/www.memo-media.de\/blog\/wp-json\/wp\/v2\/posts\/12157\/revisions\/12207"}],"wp:featuredmedia":[{"embeddable":true,"href":"https:\/\/www.memo-media.de\/blog\/wp-json\/wp\/v2\/media\/12158"}],"wp:attachment":[{"href":"https:\/\/www.memo-media.de\/blog\/wp-json\/wp\/v2\/media?parent=12157"}],"wp:term":[{"taxonomy":"category","embeddable":true,"href":"https:\/\/www.memo-media.de\/blog\/wp-json\/wp\/v2\/categories?post=12157"},{"taxonomy":"post_tag","embeddable":true,"href":"https:\/\/www.memo-media.de\/blog\/wp-json\/wp\/v2\/tags?post=12157"}],"curies":[{"name":"wp","href":"https:\/\/api.w.org\/{rel}","templated":true}]}}