{"id":11602,"date":"2020-07-03T12:00:17","date_gmt":"2020-07-03T10:00:17","guid":{"rendered":"https:\/\/www.memo-media.de\/blog\/?p=11602"},"modified":"2020-10-08T09:30:22","modified_gmt":"2020-10-08T07:30:22","slug":"was-menschen-jetzt-wirklich-brauchen-sanostra","status":"publish","type":"post","link":"https:\/\/www.memo-media.de\/blog\/was-menschen-jetzt-wirklich-brauchen-sanostra\/","title":{"rendered":"\u201eWas Menschen jetzt wirklich brauchen\u201c \u2013 Bj\u00f6rn von Sanostra"},"content":{"rendered":"<p class=\"p1\">Ich spreche nun schon zum sechsten Mal mit Bj\u00f6rn. Bj\u00f6rn Hanefeld hat nicht nur als Unternehmer und Gesch\u00e4ftsf\u00fchrer der [memo_eintrag kundennummer=134024]Sanostra GmbH aus K\u00f6ln[\/memo_eintrag] Spannendes zu erz\u00e4hlen. Vor allem als Querdenker mit Weitblick ist er ein inspirierender Gespr\u00e4chspartner. Doch heute geht es nicht um einen seiner <a href=\"https:\/\/www.sanostra.de\/\" target=\"_blank\" rel=\"noopener noreferrer\">beeindruckenden Show-Acts<\/a>. Heute reden wir \u00fcber Solidarit\u00e4t, seine Vision und dar\u00fcber, was Menschen in diesen Zeiten wirklich brauchen. Heute stehen er und seine Gesch\u00e4ftspartnerin Annegret K\u00f6hler mit ihrer Geschichte und ihrem Mindset im Fokus.<\/p>\n<h2 class=\"p1\">Angst vor schwindender Solidarit\u00e4t<\/h2>\n<p class=\"p1\">\u201eMeine derzeit gr\u00f6\u00dfte Angst ist nicht, dass die Wirtschaft einen erheblichen Schaden davontr\u00e4gt. Meine gr\u00f6\u00dfte Angst ist die Konsequenz dessen \u2013 also dass die Solidarit\u00e4t und Menschlichkeit in der Gesellschaft verloren gehen\u201c, sagt Bj\u00f6rn Hanefeld, \u201eDenn auch wenn die meisten Krisen mit solidarischen Bewegungen starten, k\u00e4mpft am Ende meistens leider doch jeder um seinen eigenen Kopf.\u201c Das Thema der Zwischenmenschlichkeit hat Bj\u00f6rn schon immer bewegt. Und es wundert mich nicht, dass es daher auch bereits seit Gr\u00fcndung der Sanostra GmbH vor rund 16 Jahren fest in der Unternehmensphilosophie verwurzelt ist. Gemeinsam mit seiner Partnerin Annegret hatte Bj\u00f6rn schon damals eine klare Mission vor Augen: Die Kunst, Menschen zu bewegen. Und das machen sie erfolgreich f\u00fcr Firmen und Events mit Showinszenierungen, die unter die Haut gehen.<\/p>\n<h2 class=\"p1\">Die Kunst, Menschen zu bewegen<\/h2>\n<div id=\"attachment_11605\" style=\"width: 210px\" class=\"wp-caption alignleft\"><a href=\"https:\/\/www.memo-media.de\/blog\/wp-content\/uploads\/2020\/06\/sanostra-gmbh-memo-media-blog-eventbranche-1.jpeg\"><img aria-describedby=\"caption-attachment-11605\" decoding=\"async\" loading=\"lazy\" class=\"wp-image-11605 size-medium\" src=\"https:\/\/www.memo-media.de\/blog\/wp-content\/uploads\/2020\/06\/sanostra-gmbh-memo-media-blog-eventbranche-1-200x300.jpeg\" alt=\"Sanostra GmbH Annegret K\u00f6hler\" width=\"200\" height=\"300\" srcset=\"https:\/\/www.memo-media.de\/blog\/wp-content\/uploads\/2020\/06\/sanostra-gmbh-memo-media-blog-eventbranche-1-200x300.jpeg 200w, https:\/\/www.memo-media.de\/blog\/wp-content\/uploads\/2020\/06\/sanostra-gmbh-memo-media-blog-eventbranche-1-683x1024.jpeg 683w, https:\/\/www.memo-media.de\/blog\/wp-content\/uploads\/2020\/06\/sanostra-gmbh-memo-media-blog-eventbranche-1-768x1152.jpeg 768w, https:\/\/www.memo-media.de\/blog\/wp-content\/uploads\/2020\/06\/sanostra-gmbh-memo-media-blog-eventbranche-1-335x503.jpeg 335w, https:\/\/www.memo-media.de\/blog\/wp-content\/uploads\/2020\/06\/sanostra-gmbh-memo-media-blog-eventbranche-1.jpeg 800w\" sizes=\"(max-width: 200px) 100vw, 200px\" \/><\/a><p id=\"caption-attachment-11605\" class=\"wp-caption-text\">Gemeinsam mit Annegret K\u00f6hler gr\u00fcndete Bj\u00f6rn die Sanostra GmbH.<\/p><\/div>\n<p class=\"p1\">\u201eAngefangen hat alles mit unserer Liebe zur Bewegung. Annegret war damals professionell im Paartanz und Choreografieren t\u00e4tig und ich habe einen akrobatischen Background. Damit haben wir uns perfekt erg\u00e4nzt, um unsere Vision mit Sanostra gemeinsam zu realisieren\u201c, erz\u00e4hlt Bj\u00f6rn Hanefeld. Und dann ging alles pl\u00f6tzlich ziemlich schnell. Nach einer gro\u00dfen Produktion in 2006 folgten zahlreiche weitere internationale Gro\u00dfauftr\u00e4ge. \u201eWir wurden innerhalb kurzer Zeit immer gr\u00f6\u00dfer und mussten uns aufgrund wachsender Anspr\u00fcche immer wieder neu erfinden. Dadurch ist nicht nur unser Portfolio, sondern auch unser Netzwerk enorm gewachsen. Unsere Grundidee haben wir dabei jedoch nie aus den Augen verloren\u201c, so der Unternehmer.<\/p>\n<h2 class=\"p1\">Der Sturz vom Zehn-Meter-Turm<\/h2>\n<p class=\"p1\">Wer unternehmerisch t\u00e4tig ist, kennt aber auch die andere Richtung der Achterbahnfahrt: bergab. \u201eEs ist v\u00f6llig normal, dass es auf der Treppe zum gesteckten Ziel nicht nur nach oben geht. Hin und wieder kommt man nicht drumherum, auch mal wieder eine Stufe herabzusteigen\u201c, offenbart Bj\u00f6rn Hanefeld, \u201eDas, was wir momentan erleben, gleicht jedoch nicht mehr einer Treppe, sondern mehr einem unfreiwilligen Zehn-Meter-Turm im Freibad, den wir im M\u00e4rz von jetzt auf gleich herunter geschubst wurden.\u201c Das, was Bj\u00f6rn beschreibt, kann vermutlich jeder nachempfinden, der die Eventbranche sein berufliches Zuhause nennt. Und zwar nicht nur das Angstgef\u00fchl beim Fall, sondern auch den schmerzhaften Aufprall. In diesem Fall jedoch nicht auf k\u00fchlem Nass, sondern auf dem knallharten Boden der Realit\u00e4t. Und die sieht bei Sanostra folgenderma\u00dfen aus: null Einnahmen, null Anfragen, null Gewissheit. Die Geh\u00e4lter und Betriebskosten haben Bj\u00f6rn und Annegret auf ein Minimum heruntergefahren und auch in Marketing-Ma\u00dfnahmen k\u00f6nnen sie aktuell nicht investieren. Die Unsicherheit ist einfach zu gro\u00df.<\/p>\n<h2 class=\"p1\">Neuer Ansatz: interaktives Online-Konzept<\/h2>\n<div id=\"attachment_11622\" style=\"width: 310px\" class=\"wp-caption alignleft\"><a href=\"https:\/\/www.memo-media.de\/blog\/wp-content\/uploads\/2020\/06\/sanostra-gmbh-memo-media-blog-eventbranche-6.jpg\"><img aria-describedby=\"caption-attachment-11622\" decoding=\"async\" loading=\"lazy\" class=\"wp-image-11622 size-medium\" src=\"https:\/\/www.memo-media.de\/blog\/wp-content\/uploads\/2020\/06\/sanostra-gmbh-memo-media-blog-eventbranche-6-300x200.jpg\" alt=\"Sanostra GmbH\" width=\"300\" height=\"200\" srcset=\"https:\/\/www.memo-media.de\/blog\/wp-content\/uploads\/2020\/06\/sanostra-gmbh-memo-media-blog-eventbranche-6-300x200.jpg 300w, https:\/\/www.memo-media.de\/blog\/wp-content\/uploads\/2020\/06\/sanostra-gmbh-memo-media-blog-eventbranche-6-1024x682.jpg 1024w, https:\/\/www.memo-media.de\/blog\/wp-content\/uploads\/2020\/06\/sanostra-gmbh-memo-media-blog-eventbranche-6-768x511.jpg 768w, https:\/\/www.memo-media.de\/blog\/wp-content\/uploads\/2020\/06\/sanostra-gmbh-memo-media-blog-eventbranche-6-335x223.jpg 335w, https:\/\/www.memo-media.de\/blog\/wp-content\/uploads\/2020\/06\/sanostra-gmbh-memo-media-blog-eventbranche-6-1050x699.jpg 1050w, https:\/\/www.memo-media.de\/blog\/wp-content\/uploads\/2020\/06\/sanostra-gmbh-memo-media-blog-eventbranche-6.jpg 1500w\" sizes=\"(max-width: 300px) 100vw, 300px\" \/><\/a><p id=\"caption-attachment-11622\" class=\"wp-caption-text\">Backstage bei der Opening-Show der World Air Games 2015 in Dubai.<br \/>Foto: im|press|ions \u2013 Daniel Kaiser<\/p><\/div>\n<p class=\"p1\">\u201eAber klar, wir haben die Zeit genutzt, sehr viel gebrainstormt und \u00fcber Alternativen nachgedacht. Dass gro\u00dfe Live-Veranstaltungen in K\u00fcrze wieder auf einem ann\u00e4hernd \u00e4hnlichen Level wie zuvor realisierbar sind, davon gehen wir nicht aus. Deswegen liefen unsere Gedanken immer wieder auf den gleichen L\u00f6sungsansatz hinaus: ein interaktives Online-Konzept\u201c, verr\u00e4t mir Bj\u00f6rn. Obwohl die [memo_eintrag kundennummer=134024]Shows von Sanostra[\/memo_eintrag] das emotionale Live-Erlebnis mit dem Fokus auf den Menschen auf der B\u00fchne auszeichnen, schlie\u00dft die neue digitale Idee diesen Aspekt nicht aus. Er wird lediglich neu interpretiert.<\/p>\n<h2 class=\"p1\">Die menschliche Relevanz bleibt im Fokus<\/h2>\n<p class=\"p1\">\u201eDurch die Corona-Pandemie ist vielen bewusst geworden, wie selbstverst\u00e4ndlich gemeinsame Erlebnisse bislang waren. Fakt ist, dass das Bed\u00fcrfnis danach nun umso st\u00e4rker ist\u201c, so Bj\u00f6rn Hanefeld, \u201eDie Hintergrundidee unseres neuen Ansatzes ist daher, Menschen jeglicher Altersgruppe \u00fcber verschiedene Formate das nach Hause zu bringen, was sie in diesen Zeiten am meisten brauchen: Ablenkung, geteilte Freude und Bewegung. Denn die vorherrschende Isolation f\u00fchrt auf Dauer nicht nur zu Einsamkeit, sondern sogar zu Frust und innerer Aggression. Dem wollen wir entgegenwirken, indem wir mit unserem Konzept die emotionale Gesundheit der Gesellschaft aufrechterhalten.\u201c<\/p>\n<div id=\"attachment_11623\" style=\"width: 310px\" class=\"wp-caption alignright\"><a href=\"https:\/\/www.memo-media.de\/blog\/wp-content\/uploads\/2020\/06\/sanostra-gmbh-memo-media-blog-eventbranche-4.jpg\"><img aria-describedby=\"caption-attachment-11623\" decoding=\"async\" loading=\"lazy\" class=\"wp-image-11623 size-medium\" src=\"https:\/\/www.memo-media.de\/blog\/wp-content\/uploads\/2020\/06\/sanostra-gmbh-memo-media-blog-eventbranche-4-300x177.jpg\" alt=\"Sanostra GmbH\" width=\"300\" height=\"177\" srcset=\"https:\/\/www.memo-media.de\/blog\/wp-content\/uploads\/2020\/06\/sanostra-gmbh-memo-media-blog-eventbranche-4-300x177.jpg 300w, https:\/\/www.memo-media.de\/blog\/wp-content\/uploads\/2020\/06\/sanostra-gmbh-memo-media-blog-eventbranche-4-1024x605.jpg 1024w, https:\/\/www.memo-media.de\/blog\/wp-content\/uploads\/2020\/06\/sanostra-gmbh-memo-media-blog-eventbranche-4-768x454.jpg 768w, https:\/\/www.memo-media.de\/blog\/wp-content\/uploads\/2020\/06\/sanostra-gmbh-memo-media-blog-eventbranche-4-335x198.jpg 335w, https:\/\/www.memo-media.de\/blog\/wp-content\/uploads\/2020\/06\/sanostra-gmbh-memo-media-blog-eventbranche-4-1050x620.jpg 1050w, https:\/\/www.memo-media.de\/blog\/wp-content\/uploads\/2020\/06\/sanostra-gmbh-memo-media-blog-eventbranche-4.jpg 1500w\" sizes=\"(max-width: 300px) 100vw, 300px\" \/><\/a><p id=\"caption-attachment-11623\" class=\"wp-caption-text\">Team-Foto auf der Zeus Messe 2017 der SANOSTRA Show &#8220;Face It&#8221;.<br \/>Foto: im|press|ions \u2013 Daniel Kaiser<\/p><\/div>\n<p class=\"p1\">Mit diesem Leit-Gedanken beweist das Sanostra-Team einmal mehr, dass es ihnen hier nicht um die wirtschaftliche Relevanz geht, sondern um die menschliche. Es geht ihnen um das sozial-emotionale Dasein und um zwischenmenschliche Verbindungen. Ganz egal, was die beiden anpacken, sie bleiben sich und ihrer Mission treu.<\/p>\n<p class=\"p1\">Auch wenn Bj\u00f6rn Hanefeld berechtigterweise an dieser Stelle noch nicht zu viel \u00fcber seine digitale Konzeptidee verraten will, wird jetzt schon deutlich: Er und sein Team bewegen Menschen. Und das k\u00fcnftig nicht nur in emotionalem Sinne, sondern auch k\u00f6rperlich \u2013 so viel darf ich schon mal verraten. \u201eUnser Antrieb war, ist und wird immer die Liebe zur Bewegung bleiben\u201c, sagt Bj\u00f6rn abschlie\u00dfend. Und ich habe keine Zweifel daran, dass er in jeder Situation an dieser Vision festh\u00e4lt. Jetzt erst recht!<\/p>\n","protected":false},"excerpt":{"rendered":"<p>Ich spreche nun schon zum sechsten Mal mit Bj\u00f6rn. Bj\u00f6rn Hanefeld hat nicht nur als Unternehmer und Gesch\u00e4ftsf\u00fchrer der [memo_eintrag&#8230;<\/p>\n","protected":false},"author":21,"featured_media":11604,"comment_status":"closed","ping_status":"open","sticky":false,"template":"","format":"standard","meta":[],"categories":[1367,4,10],"tags":[359,1940,1722,278,2310,155,587,797,1276,796],"yoast_head":"<!-- This site is optimized with the Yoast SEO Premium plugin v20.5 (Yoast SEO v20.5) - https:\/\/yoast.com\/wordpress\/plugins\/seo\/ -->\n<title>\u201eWas Menschen jetzt wirklich brauchen\u201c \u2013 Bj\u00f6rn von Sanostra<\/title>\n<meta name=\"description\" content=\"Im Blog f\u00fcr die Eventplanung reden wir mit Bj\u00f6rn, Gr\u00fcnder der Sanostra GmbH, \u00fcber seine Vision und dar\u00fcber, was Menschen in diesen Zeiten wirklich brauchen.\" \/>\n<meta name=\"robots\" content=\"index, follow, max-snippet:-1, max-image-preview:large, max-video-preview:-1\" \/>\n<link rel=\"canonical\" href=\"https:\/\/www.memo-media.de\/blog\/was-menschen-jetzt-wirklich-brauchen-sanostra\/\" \/>\n<meta property=\"og:locale\" content=\"de_DE\" \/>\n<meta property=\"og:type\" content=\"article\" \/>\n<meta property=\"og:title\" content=\"\u201eWas Menschen jetzt wirklich brauchen\u201c \u2013 Bj\u00f6rn von Sanostra\" \/>\n<meta property=\"og:description\" content=\"Im Blog f\u00fcr die Eventplanung reden wir mit Bj\u00f6rn, Gr\u00fcnder der Sanostra GmbH, \u00fcber seine Vision und dar\u00fcber, was Menschen in diesen Zeiten wirklich brauchen.\" \/>\n<meta property=\"og:url\" content=\"https:\/\/www.memo-media.de\/blog\/was-menschen-jetzt-wirklich-brauchen-sanostra\/\" \/>\n<meta property=\"og:site_name\" content=\"memo-media Blog f\u00fcr die Eventplanung\" \/>\n<meta property=\"article:published_time\" content=\"2020-07-03T10:00:17+00:00\" \/>\n<meta property=\"article:modified_time\" content=\"2020-10-08T07:30:22+00:00\" \/>\n<meta property=\"og:image\" content=\"https:\/\/www.memo-media.de\/blog\/wp-content\/uploads\/2020\/06\/sanostra-gmbh-memo-media-blog-eventbranche-2.jpeg\" \/>\n\t<meta property=\"og:image:width\" content=\"1050\" \/>\n\t<meta property=\"og:image:height\" content=\"804\" \/>\n\t<meta property=\"og:image:type\" content=\"image\/jpeg\" \/>\n<meta name=\"author\" content=\"Tabea Lettau\" \/>\n<meta name=\"twitter:label1\" content=\"Verfasst von\" \/>\n\t<meta name=\"twitter:data1\" content=\"Tabea Lettau\" \/>\n\t<meta name=\"twitter:label2\" content=\"Gesch\u00e4tzte Lesezeit\" \/>\n\t<meta name=\"twitter:data2\" content=\"5\u00a0Minuten\" \/>\n<script type=\"application\/ld+json\" class=\"yoast-schema-graph\">{\"@context\":\"https:\/\/schema.org\",\"@graph\":[{\"@type\":\"WebPage\",\"@id\":\"https:\/\/www.memo-media.de\/blog\/was-menschen-jetzt-wirklich-brauchen-sanostra\/\",\"url\":\"https:\/\/www.memo-media.de\/blog\/was-menschen-jetzt-wirklich-brauchen-sanostra\/\",\"name\":\"\u201eWas Menschen jetzt wirklich brauchen\u201c \u2013 Bj\u00f6rn von Sanostra\",\"isPartOf\":{\"@id\":\"https:\/\/www.memo-media.de\/blog\/#website\"},\"datePublished\":\"2020-07-03T10:00:17+00:00\",\"dateModified\":\"2020-10-08T07:30:22+00:00\",\"author\":{\"@id\":\"https:\/\/www.memo-media.de\/blog\/#\/schema\/person\/b2be3eb5c595160c885d721d60aba2b3\"},\"description\":\"Im Blog f\u00fcr die Eventplanung reden wir mit Bj\u00f6rn, Gr\u00fcnder der Sanostra GmbH, \u00fcber seine Vision und dar\u00fcber, was Menschen in diesen Zeiten wirklich brauchen.\",\"breadcrumb\":{\"@id\":\"https:\/\/www.memo-media.de\/blog\/was-menschen-jetzt-wirklich-brauchen-sanostra\/#breadcrumb\"},\"inLanguage\":\"de\",\"potentialAction\":[{\"@type\":\"ReadAction\",\"target\":[\"https:\/\/www.memo-media.de\/blog\/was-menschen-jetzt-wirklich-brauchen-sanostra\/\"]}]},{\"@type\":\"BreadcrumbList\",\"@id\":\"https:\/\/www.memo-media.de\/blog\/was-menschen-jetzt-wirklich-brauchen-sanostra\/#breadcrumb\",\"itemListElement\":[{\"@type\":\"ListItem\",\"position\":1,\"name\":\"Home\",\"item\":\"https:\/\/www.memo-media.de\/blog\/\"},{\"@type\":\"ListItem\",\"position\":2,\"name\":\"\u201eWas Menschen jetzt wirklich brauchen\u201c \u2013 Bj\u00f6rn von Sanostra\"}]},{\"@type\":\"WebSite\",\"@id\":\"https:\/\/www.memo-media.de\/blog\/#website\",\"url\":\"https:\/\/www.memo-media.de\/blog\/\",\"name\":\"memo-media Blog f\u00fcr die Eventplanung\",\"description\":\"News und Facts aus der Eventbranche f\u00fcr die Eventbranche\",\"potentialAction\":[{\"@type\":\"SearchAction\",\"target\":{\"@type\":\"EntryPoint\",\"urlTemplate\":\"https:\/\/www.memo-media.de\/blog\/?s={search_term_string}\"},\"query-input\":\"required name=search_term_string\"}],\"inLanguage\":\"de\"},{\"@type\":\"Person\",\"@id\":\"https:\/\/www.memo-media.de\/blog\/#\/schema\/person\/b2be3eb5c595160c885d721d60aba2b3\",\"name\":\"Tabea Lettau\",\"image\":{\"@type\":\"ImageObject\",\"inLanguage\":\"de\",\"@id\":\"https:\/\/www.memo-media.de\/blog\/#\/schema\/person\/image\/\",\"url\":\"https:\/\/www.memo-media.de\/blog\/wp-content\/uploads\/2024\/02\/tabea_lettau_redakteurin_memo-media-150x150.jpg\",\"contentUrl\":\"https:\/\/www.memo-media.de\/blog\/wp-content\/uploads\/2024\/02\/tabea_lettau_redakteurin_memo-media-150x150.jpg\",\"caption\":\"Tabea Lettau\"},\"description\":\"Tabea Lettau hat an der Universit\u00e4t Siegen Kommunikations- und Wirtschaftswissenschaften studiert. Bereits w\u00e4hrend ihres Studiums machte sie sich als Redakteurin und Content-Managerin selbstst\u00e4ndig. Seit 2015 ist sie als Freiberuflerin Teil des memo-media-Teams und schreibt u. a. f\u00fcr den Blog, das Magazin showcases und den monatlichen memoLetter. Die inspirierenden Geschichten und Visionen der Menschen in der Eventbranche zu erfahren, erf\u00fcllt sie daran ganz besonders. Neben ihrer freiberuflichen T\u00e4tigkeit realisiert sie auch eigene Online-Projekte und hat zwei B\u00fccher geschrieben.\",\"url\":\"https:\/\/www.memo-media.de\/blog\/author\/tabea-lettau\/\"}]}<\/script>\n<!-- \/ Yoast SEO Premium plugin. -->","yoast_head_json":{"title":"\u201eWas Menschen jetzt wirklich brauchen\u201c \u2013 Bj\u00f6rn von Sanostra","description":"Im Blog f\u00fcr die Eventplanung reden wir mit Bj\u00f6rn, Gr\u00fcnder der Sanostra GmbH, \u00fcber seine Vision und dar\u00fcber, was Menschen in diesen Zeiten wirklich brauchen.","robots":{"index":"index","follow":"follow","max-snippet":"max-snippet:-1","max-image-preview":"max-image-preview:large","max-video-preview":"max-video-preview:-1"},"canonical":"https:\/\/www.memo-media.de\/blog\/was-menschen-jetzt-wirklich-brauchen-sanostra\/","og_locale":"de_DE","og_type":"article","og_title":"\u201eWas Menschen jetzt wirklich brauchen\u201c \u2013 Bj\u00f6rn von Sanostra","og_description":"Im Blog f\u00fcr die Eventplanung reden wir mit Bj\u00f6rn, Gr\u00fcnder der Sanostra GmbH, \u00fcber seine Vision und dar\u00fcber, was Menschen in diesen Zeiten wirklich brauchen.","og_url":"https:\/\/www.memo-media.de\/blog\/was-menschen-jetzt-wirklich-brauchen-sanostra\/","og_site_name":"memo-media Blog f\u00fcr die Eventplanung","article_published_time":"2020-07-03T10:00:17+00:00","article_modified_time":"2020-10-08T07:30:22+00:00","og_image":[{"width":1050,"height":804,"url":"https:\/\/www.memo-media.de\/blog\/wp-content\/uploads\/2020\/06\/sanostra-gmbh-memo-media-blog-eventbranche-2.jpeg","type":"image\/jpeg"}],"author":"Tabea Lettau","twitter_misc":{"Verfasst von":"Tabea Lettau","Gesch\u00e4tzte Lesezeit":"5\u00a0Minuten"},"schema":{"@context":"https:\/\/schema.org","@graph":[{"@type":"WebPage","@id":"https:\/\/www.memo-media.de\/blog\/was-menschen-jetzt-wirklich-brauchen-sanostra\/","url":"https:\/\/www.memo-media.de\/blog\/was-menschen-jetzt-wirklich-brauchen-sanostra\/","name":"\u201eWas Menschen jetzt wirklich brauchen\u201c \u2013 Bj\u00f6rn von Sanostra","isPartOf":{"@id":"https:\/\/www.memo-media.de\/blog\/#website"},"datePublished":"2020-07-03T10:00:17+00:00","dateModified":"2020-10-08T07:30:22+00:00","author":{"@id":"https:\/\/www.memo-media.de\/blog\/#\/schema\/person\/b2be3eb5c595160c885d721d60aba2b3"},"description":"Im Blog f\u00fcr die Eventplanung reden wir mit Bj\u00f6rn, Gr\u00fcnder der Sanostra GmbH, \u00fcber seine Vision und dar\u00fcber, was Menschen in diesen Zeiten wirklich brauchen.","breadcrumb":{"@id":"https:\/\/www.memo-media.de\/blog\/was-menschen-jetzt-wirklich-brauchen-sanostra\/#breadcrumb"},"inLanguage":"de","potentialAction":[{"@type":"ReadAction","target":["https:\/\/www.memo-media.de\/blog\/was-menschen-jetzt-wirklich-brauchen-sanostra\/"]}]},{"@type":"BreadcrumbList","@id":"https:\/\/www.memo-media.de\/blog\/was-menschen-jetzt-wirklich-brauchen-sanostra\/#breadcrumb","itemListElement":[{"@type":"ListItem","position":1,"name":"Home","item":"https:\/\/www.memo-media.de\/blog\/"},{"@type":"ListItem","position":2,"name":"\u201eWas Menschen jetzt wirklich brauchen\u201c \u2013 Bj\u00f6rn von Sanostra"}]},{"@type":"WebSite","@id":"https:\/\/www.memo-media.de\/blog\/#website","url":"https:\/\/www.memo-media.de\/blog\/","name":"memo-media Blog f\u00fcr die Eventplanung","description":"News und Facts aus der Eventbranche f\u00fcr die Eventbranche","potentialAction":[{"@type":"SearchAction","target":{"@type":"EntryPoint","urlTemplate":"https:\/\/www.memo-media.de\/blog\/?s={search_term_string}"},"query-input":"required name=search_term_string"}],"inLanguage":"de"},{"@type":"Person","@id":"https:\/\/www.memo-media.de\/blog\/#\/schema\/person\/b2be3eb5c595160c885d721d60aba2b3","name":"Tabea Lettau","image":{"@type":"ImageObject","inLanguage":"de","@id":"https:\/\/www.memo-media.de\/blog\/#\/schema\/person\/image\/","url":"https:\/\/www.memo-media.de\/blog\/wp-content\/uploads\/2024\/02\/tabea_lettau_redakteurin_memo-media-150x150.jpg","contentUrl":"https:\/\/www.memo-media.de\/blog\/wp-content\/uploads\/2024\/02\/tabea_lettau_redakteurin_memo-media-150x150.jpg","caption":"Tabea Lettau"},"description":"Tabea Lettau hat an der Universit\u00e4t Siegen Kommunikations- und Wirtschaftswissenschaften studiert. Bereits w\u00e4hrend ihres Studiums machte sie sich als Redakteurin und Content-Managerin selbstst\u00e4ndig. Seit 2015 ist sie als Freiberuflerin Teil des memo-media-Teams und schreibt u. a. f\u00fcr den Blog, das Magazin showcases und den monatlichen memoLetter. Die inspirierenden Geschichten und Visionen der Menschen in der Eventbranche zu erfahren, erf\u00fcllt sie daran ganz besonders. Neben ihrer freiberuflichen T\u00e4tigkeit realisiert sie auch eigene Online-Projekte und hat zwei B\u00fccher geschrieben.","url":"https:\/\/www.memo-media.de\/blog\/author\/tabea-lettau\/"}]}},"_links":{"self":[{"href":"https:\/\/www.memo-media.de\/blog\/wp-json\/wp\/v2\/posts\/11602"}],"collection":[{"href":"https:\/\/www.memo-media.de\/blog\/wp-json\/wp\/v2\/posts"}],"about":[{"href":"https:\/\/www.memo-media.de\/blog\/wp-json\/wp\/v2\/types\/post"}],"author":[{"embeddable":true,"href":"https:\/\/www.memo-media.de\/blog\/wp-json\/wp\/v2\/users\/21"}],"replies":[{"embeddable":true,"href":"https:\/\/www.memo-media.de\/blog\/wp-json\/wp\/v2\/comments?post=11602"}],"version-history":[{"count":8,"href":"https:\/\/www.memo-media.de\/blog\/wp-json\/wp\/v2\/posts\/11602\/revisions"}],"predecessor-version":[{"id":11991,"href":"https:\/\/www.memo-media.de\/blog\/wp-json\/wp\/v2\/posts\/11602\/revisions\/11991"}],"wp:featuredmedia":[{"embeddable":true,"href":"https:\/\/www.memo-media.de\/blog\/wp-json\/wp\/v2\/media\/11604"}],"wp:attachment":[{"href":"https:\/\/www.memo-media.de\/blog\/wp-json\/wp\/v2\/media?parent=11602"}],"wp:term":[{"taxonomy":"category","embeddable":true,"href":"https:\/\/www.memo-media.de\/blog\/wp-json\/wp\/v2\/categories?post=11602"},{"taxonomy":"post_tag","embeddable":true,"href":"https:\/\/www.memo-media.de\/blog\/wp-json\/wp\/v2\/tags?post=11602"}],"curies":[{"name":"wp","href":"https:\/\/api.w.org\/{rel}","templated":true}]}}