{"id":11415,"date":"2020-05-12T14:00:37","date_gmt":"2020-05-12T12:00:37","guid":{"rendered":"https:\/\/www.memo-media.de\/blog\/?p=11415"},"modified":"2020-05-19T14:54:30","modified_gmt":"2020-05-19T12:54:30","slug":"notfall-wasserversorgung-von-mtd-krankenhaeuser-statt-olympia","status":"publish","type":"post","link":"https:\/\/www.memo-media.de\/blog\/notfall-wasserversorgung-von-mtd-krankenhaeuser-statt-olympia\/","title":{"rendered":"Notfall-Wasserversorgung von MTD: Krankenh\u00e4user statt Olympia"},"content":{"rendered":"<p>Was f\u00fcr ein Sommer das geworden w\u00e4re: Sommer-Olympiade, Europa-Meisterschaft, Expo in Dubai. Die Auftragsb\u00fccher von <a href=\"https:\/\/www.mtd.net\/de\/\" target=\"_blank\" rel=\"noopener noreferrer\">MTD<\/a>, dem Experten f\u00fcr die tempor\u00e4re Wasserversorgung von Veranstaltungen, waren dick gef\u00fcllt \u2013 und dann kam Corona. S\u00e4mtliche Events und Gro\u00dfveranstaltungen wurden abgesagt oder auf das n\u00e4chste Jahr verschoben. Doch das weltweit t\u00e4tige Unternehmen steckt den Kopf nicht in den Sand. Im Gegenteil \u2013 in k\u00fcrzester Zeit haben die Wasser-Experten Plan B \u2013 die Notfall-Wasserversorgung \u2013 ausgearbeitet. Wir haben mit CEO Hans Verhoeven aus den Niederlanden gesprochen, was das hei\u00dft.<\/p>\n<p><strong>Herr Verhoeven, 2020 w\u00e4re ein wichtiges Jahr f\u00fcr die Veranstaltungsbranche gewesen mit vielen Gro\u00dfveranstaltungen auf der ganzen Welt. Wie hatten Sie sich das Jahr bei MTD eigentlich vorgestellt? <\/strong><\/p>\n<p>Verhoeven: \u201e2020 ist endlich mal wieder ein \u201agerades Jahr\u2018, in dem die ganzen <a href=\"https:\/\/www.mtd.net\/de\/veranstaltungen\/sport\/\" target=\"_blank\" rel=\"noopener noreferrer\">riesigen Highlights<\/a> stattgefunden h\u00e4tten: Olympia, UEFA EURO 2020, Dubai. Wir versorgen Veranstaltungen auf der ganzen Welt mit Wasser in der richtigen Qualit\u00e4t, stellen sicher, dass Wasser in Duschen, Bars, Toiletten flie\u00dft und Abwasser auf die richtige Art und Weise entsorgt wird. Wir hatten bereits 25 Personen in Japan vor Ort, die unseren Einsatz bei Olympia vorbereitet haben, und auch an vielen anderen Orten auf der Welt liefen die Planungen f\u00fcr das Fr\u00fchjahr und den Sommer auf Hochtouren. Wir sorgen seit 2010 f\u00fcr die tempor\u00e4re Wasserversorgung bei Olympia, und auch dieses Jahr bestanden viele Vertr\u00e4ge mit vielen Veranstaltern.\u201c<\/p>\n<p><strong>\u2026und dann kam Corona.<\/strong><\/p>\n<p>\u201eDann kam Corona, alle gro\u00dfen Veranstaltungen werden auf das n\u00e4chste Jahr verschoben oder ganz abgesagt. Auch f\u00fcr uns ein gro\u00dfes Problem, denn wir haben trotzdem hohe Kosten, die wir decken m\u00fcssen und Mitarbeiter, die wir nicht verlieren wollen.\u201c<\/p>\n<p>&nbsp;<\/p>\n<div id=\"attachment_11425\" style=\"width: 310px\" class=\"wp-caption alignleft\"><a href=\"https:\/\/www.memo-media.de\/blog\/wp-content\/uploads\/2020\/05\/corona.jpg\"><img aria-describedby=\"caption-attachment-11425\" decoding=\"async\" loading=\"lazy\" class=\"wp-image-11425 size-medium\" src=\"https:\/\/www.memo-media.de\/blog\/wp-content\/uploads\/2020\/05\/corona-300x190.jpg\" alt=\"Interims-Krankenhaus in Berlin mit der Notfall-Wasserversorgung von MTD. \" width=\"300\" height=\"190\" srcset=\"https:\/\/www.memo-media.de\/blog\/wp-content\/uploads\/2020\/05\/corona-300x190.jpg 300w, https:\/\/www.memo-media.de\/blog\/wp-content\/uploads\/2020\/05\/corona-768x485.jpg 768w, https:\/\/www.memo-media.de\/blog\/wp-content\/uploads\/2020\/05\/corona-335x212.jpg 335w, https:\/\/www.memo-media.de\/blog\/wp-content\/uploads\/2020\/05\/corona.jpg 1000w\" sizes=\"(max-width: 300px) 100vw, 300px\" \/><\/a><p id=\"caption-attachment-11425\" class=\"wp-caption-text\">Interims-Krankenhaus in Berlin mit der Notfall-Wasserversorgung von MTD.<\/p><\/div>\n<blockquote><p>Anstelle von gro\u00dfen Festivals und Sportveranstaltungen bieten wir nun die Notfall-Wasserversorgung f\u00fcr Interims-Krankenh\u00e4user an<\/p><\/blockquote>\n<p>&nbsp;<\/p>\n<p>&nbsp;<\/p>\n<p><strong>Was machen Sie jetzt? Wie kann MTD in der Krise trotzdem bestehen?<\/strong><\/p>\n<p>\u201eWir haben umdisponiert \u2013 und zwar komplett. Man k\u00f6nnte sagen, \u201aPlan B\u2018 kommt jetzt zum Einsatz, und Plan B funktioniert. Anstelle von gro\u00dfen Festivals und Sportveranstaltungen bieten wir nun die Notfall-Wasserversorgung f\u00fcr Interims-Krankenh\u00e4user an, wie es zum Beispiel eins in Berlin auf dem Messegel\u00e4nde gibt. Wir k\u00fcmmern uns um Duschen, Toiletten, Feuerl\u00f6sch-Stationen, Wasser aus dem Hahn in Trinkwasserqualit\u00e4t und die Entsorgung des Abwassers \u2013 eben alles, wo Wasser gebraucht wird. Und das unterscheidet sich gar nicht so sehr von den Gro\u00dfveranstaltungen, bei denen wir sonst im Einsatz sind. Au\u00dferdem sind wir bei kurzfristig eingerichteten Corona-Testcentern im Einsatz, wo nat\u00fcrlich auch Wasser gebraucht wird, richten die tempor\u00e4re Not-Wasserversorgung in <a href=\"https:\/\/www.mtd.net\/de\/industrie\/militaer\/\" target=\"_blank\" rel=\"noopener noreferrer\">Quarant\u00e4ne-Camps f\u00fcr die Bundeswehr<\/a> ein und sogar f\u00fcr Krematorien.<\/p>\n<p><strong>Wie haben Sie es geschafft, so schnell zu agieren und Ihren \u201ePlan B\u201c so schnell umzusetzen?<\/strong><\/p>\n<p>\u201eGanz einfach: Wir kommen aus der Eventbrache. Da geh\u00f6ren drei Dinge zum Alltag, und auf die kam es jetzt an. Wir sind es gewohnt, flexibel zu arbeiten. Wir denken in L\u00f6sungen. Und wir liefern immer dann, wenn wir gebraucht werden. Diese drei Dinge kamen uns jetzt extrem zugute.\u201c<\/p>\n<p><strong>Was erwarten Sie noch f\u00fcr dieses Jahr \u2013 und wie wird es weitergehen?<\/strong><\/p>\n<p>\u201eWas sch\u00f6n ist, ist zu sehen, dass in Asien die Veranstaltungsbranche so langsam wieder ins Rollen ger\u00e4t, f\u00fcr September und Oktober sind Events in Seoul geplant, im November in Vietnam. Aber das alles ist noch lange nicht vorbei. Wir bereiten uns darauf vor, dass zum Beispiel in Afrika <a href=\"https:\/\/www.mtd.net\/de\/industrie\/provisorische-unterkuenfte\/\" target=\"_blank\" rel=\"noopener noreferrer\">vermehrt tempor\u00e4re Krankenh\u00e4user<\/a> gebraucht werden. Und, auch wenn ab 2021 wieder die meisten Veranstaltungen stattfinden, wird es noch lange nicht so sein wie bisher. Wir m\u00fcssen uns auf neue Zeiten einstellen. Aber auch an diese Zeiten werden wir uns anpassen.\u201c<\/p>\n<p>&nbsp;<\/p>\n","protected":false},"excerpt":{"rendered":"<p>Was f\u00fcr ein Sommer das geworden w\u00e4re: Sommer-Olympiade, Europa-Meisterschaft, Expo in Dubai. Die Auftragsb\u00fccher von MTD, dem Experten f\u00fcr die&#8230;<\/p>\n","protected":false},"author":29,"featured_media":11419,"comment_status":"closed","ping_status":"open","sticky":false,"template":"","format":"standard","meta":[],"categories":[10],"tags":[2249,1293,2131,2248,1398,1359,961],"yoast_head":"<!-- This site is optimized with the Yoast SEO Premium plugin v20.5 (Yoast SEO v20.5) - https:\/\/yoast.com\/wordpress\/plugins\/seo\/ -->\n<title>Notfall-Wasserversorgung von MTD: Krankenh\u00e4user statt Olympia<\/title>\n<meta name=\"description\" content=\"Anstatt Olympia, die UEFA EURO 2020 oder die Expo in Dubai mit Wasser zu versorgen, bietet MTD nun die tempor\u00e4re Notfall-Wasserversorgung f\u00fcr Krankenh\u00e4user.\" \/>\n<meta name=\"robots\" content=\"index, follow, max-snippet:-1, max-image-preview:large, max-video-preview:-1\" \/>\n<link rel=\"canonical\" href=\"https:\/\/www.memo-media.de\/blog\/notfall-wasserversorgung-von-mtd-krankenhaeuser-statt-olympia\/\" \/>\n<meta property=\"og:locale\" content=\"de_DE\" \/>\n<meta property=\"og:type\" content=\"article\" \/>\n<meta property=\"og:title\" content=\"Notfall-Wasserversorgung von MTD: Krankenh\u00e4user statt Olympia\" \/>\n<meta property=\"og:description\" content=\"Anstatt Olympia, die UEFA EURO 2020 oder die Expo in Dubai mit Wasser zu versorgen, bietet MTD nun die tempor\u00e4re Notfall-Wasserversorgung f\u00fcr Krankenh\u00e4user.\" \/>\n<meta property=\"og:url\" content=\"https:\/\/www.memo-media.de\/blog\/notfall-wasserversorgung-von-mtd-krankenhaeuser-statt-olympia\/\" \/>\n<meta property=\"og:site_name\" content=\"memo-media Blog f\u00fcr die Eventplanung\" \/>\n<meta property=\"article:published_time\" content=\"2020-05-12T12:00:37+00:00\" \/>\n<meta property=\"article:modified_time\" content=\"2020-05-19T12:54:30+00:00\" \/>\n<meta property=\"og:image\" content=\"https:\/\/www.memo-media.de\/blog\/wp-content\/uploads\/2020\/05\/hans-verhoeven-temporaere-notfall-wasserversorgung.jpg\" \/>\n\t<meta property=\"og:image:width\" content=\"1050\" \/>\n\t<meta property=\"og:image:height\" content=\"804\" \/>\n\t<meta property=\"og:image:type\" content=\"image\/jpeg\" \/>\n<meta name=\"author\" content=\"Julia Gundelach\" \/>\n<meta name=\"twitter:label1\" content=\"Verfasst von\" \/>\n\t<meta name=\"twitter:data1\" content=\"Julia Gundelach\" \/>\n\t<meta name=\"twitter:label2\" content=\"Gesch\u00e4tzte Lesezeit\" \/>\n\t<meta name=\"twitter:data2\" content=\"3\u00a0Minuten\" \/>\n<script type=\"application\/ld+json\" class=\"yoast-schema-graph\">{\"@context\":\"https:\/\/schema.org\",\"@graph\":[{\"@type\":\"WebPage\",\"@id\":\"https:\/\/www.memo-media.de\/blog\/notfall-wasserversorgung-von-mtd-krankenhaeuser-statt-olympia\/\",\"url\":\"https:\/\/www.memo-media.de\/blog\/notfall-wasserversorgung-von-mtd-krankenhaeuser-statt-olympia\/\",\"name\":\"Notfall-Wasserversorgung von MTD: Krankenh\u00e4user statt Olympia\",\"isPartOf\":{\"@id\":\"https:\/\/www.memo-media.de\/blog\/#website\"},\"datePublished\":\"2020-05-12T12:00:37+00:00\",\"dateModified\":\"2020-05-19T12:54:30+00:00\",\"author\":{\"@id\":\"https:\/\/www.memo-media.de\/blog\/#\/schema\/person\/b01cd365604b7a1226e889d3e8e6f56d\"},\"description\":\"Anstatt Olympia, die UEFA EURO 2020 oder die Expo in Dubai mit Wasser zu versorgen, bietet MTD nun die tempor\u00e4re Notfall-Wasserversorgung f\u00fcr Krankenh\u00e4user.\",\"breadcrumb\":{\"@id\":\"https:\/\/www.memo-media.de\/blog\/notfall-wasserversorgung-von-mtd-krankenhaeuser-statt-olympia\/#breadcrumb\"},\"inLanguage\":\"de\",\"potentialAction\":[{\"@type\":\"ReadAction\",\"target\":[\"https:\/\/www.memo-media.de\/blog\/notfall-wasserversorgung-von-mtd-krankenhaeuser-statt-olympia\/\"]}]},{\"@type\":\"BreadcrumbList\",\"@id\":\"https:\/\/www.memo-media.de\/blog\/notfall-wasserversorgung-von-mtd-krankenhaeuser-statt-olympia\/#breadcrumb\",\"itemListElement\":[{\"@type\":\"ListItem\",\"position\":1,\"name\":\"Home\",\"item\":\"https:\/\/www.memo-media.de\/blog\/\"},{\"@type\":\"ListItem\",\"position\":2,\"name\":\"Notfall-Wasserversorgung von MTD: Krankenh\u00e4user statt Olympia\"}]},{\"@type\":\"WebSite\",\"@id\":\"https:\/\/www.memo-media.de\/blog\/#website\",\"url\":\"https:\/\/www.memo-media.de\/blog\/\",\"name\":\"memo-media Blog f\u00fcr die Eventplanung\",\"description\":\"News und Facts aus der Eventbranche f\u00fcr die Eventbranche\",\"potentialAction\":[{\"@type\":\"SearchAction\",\"target\":{\"@type\":\"EntryPoint\",\"urlTemplate\":\"https:\/\/www.memo-media.de\/blog\/?s={search_term_string}\"},\"query-input\":\"required name=search_term_string\"}],\"inLanguage\":\"de\"},{\"@type\":\"Person\",\"@id\":\"https:\/\/www.memo-media.de\/blog\/#\/schema\/person\/b01cd365604b7a1226e889d3e8e6f56d\",\"name\":\"Julia Gundelach\",\"image\":{\"@type\":\"ImageObject\",\"inLanguage\":\"de\",\"@id\":\"https:\/\/www.memo-media.de\/blog\/#\/schema\/person\/image\/\",\"url\":\"https:\/\/www.memo-media.de\/blog\/wp-content\/uploads\/2021\/05\/julia-gundelach-150x150.jpg\",\"contentUrl\":\"https:\/\/www.memo-media.de\/blog\/wp-content\/uploads\/2021\/05\/julia-gundelach-150x150.jpg\",\"caption\":\"Julia Gundelach\"},\"description\":\"Julia Gundelach ist seit 2016 Teil des memo-media-Teams und bloggt am liebsten \u00fcber actionreiche Eventformate, die sie auch selbst mal testen darf. Als freie Redakteurin ist sie spezialisiert auf die Bereiche Marketing, PR und Werbung, aber auch auf neue Themen in der Veranstaltungswirtschaft. Zum Gl\u00fcck, denn eine buntere, vielf\u00e4ltigere und \u00fcberraschendere Welt, als das Event-Business kann sie sich nicht vorstellen!\",\"url\":\"https:\/\/www.memo-media.de\/blog\/author\/anna-steinberg\/\"}]}<\/script>\n<!-- \/ Yoast SEO Premium plugin. -->","yoast_head_json":{"title":"Notfall-Wasserversorgung von MTD: Krankenh\u00e4user statt Olympia","description":"Anstatt Olympia, die UEFA EURO 2020 oder die Expo in Dubai mit Wasser zu versorgen, bietet MTD nun die tempor\u00e4re Notfall-Wasserversorgung f\u00fcr Krankenh\u00e4user.","robots":{"index":"index","follow":"follow","max-snippet":"max-snippet:-1","max-image-preview":"max-image-preview:large","max-video-preview":"max-video-preview:-1"},"canonical":"https:\/\/www.memo-media.de\/blog\/notfall-wasserversorgung-von-mtd-krankenhaeuser-statt-olympia\/","og_locale":"de_DE","og_type":"article","og_title":"Notfall-Wasserversorgung von MTD: Krankenh\u00e4user statt Olympia","og_description":"Anstatt Olympia, die UEFA EURO 2020 oder die Expo in Dubai mit Wasser zu versorgen, bietet MTD nun die tempor\u00e4re Notfall-Wasserversorgung f\u00fcr Krankenh\u00e4user.","og_url":"https:\/\/www.memo-media.de\/blog\/notfall-wasserversorgung-von-mtd-krankenhaeuser-statt-olympia\/","og_site_name":"memo-media Blog f\u00fcr die Eventplanung","article_published_time":"2020-05-12T12:00:37+00:00","article_modified_time":"2020-05-19T12:54:30+00:00","og_image":[{"width":1050,"height":804,"url":"https:\/\/www.memo-media.de\/blog\/wp-content\/uploads\/2020\/05\/hans-verhoeven-temporaere-notfall-wasserversorgung.jpg","type":"image\/jpeg"}],"author":"Julia Gundelach","twitter_misc":{"Verfasst von":"Julia Gundelach","Gesch\u00e4tzte Lesezeit":"3\u00a0Minuten"},"schema":{"@context":"https:\/\/schema.org","@graph":[{"@type":"WebPage","@id":"https:\/\/www.memo-media.de\/blog\/notfall-wasserversorgung-von-mtd-krankenhaeuser-statt-olympia\/","url":"https:\/\/www.memo-media.de\/blog\/notfall-wasserversorgung-von-mtd-krankenhaeuser-statt-olympia\/","name":"Notfall-Wasserversorgung von MTD: Krankenh\u00e4user statt Olympia","isPartOf":{"@id":"https:\/\/www.memo-media.de\/blog\/#website"},"datePublished":"2020-05-12T12:00:37+00:00","dateModified":"2020-05-19T12:54:30+00:00","author":{"@id":"https:\/\/www.memo-media.de\/blog\/#\/schema\/person\/b01cd365604b7a1226e889d3e8e6f56d"},"description":"Anstatt Olympia, die UEFA EURO 2020 oder die Expo in Dubai mit Wasser zu versorgen, bietet MTD nun die tempor\u00e4re Notfall-Wasserversorgung f\u00fcr Krankenh\u00e4user.","breadcrumb":{"@id":"https:\/\/www.memo-media.de\/blog\/notfall-wasserversorgung-von-mtd-krankenhaeuser-statt-olympia\/#breadcrumb"},"inLanguage":"de","potentialAction":[{"@type":"ReadAction","target":["https:\/\/www.memo-media.de\/blog\/notfall-wasserversorgung-von-mtd-krankenhaeuser-statt-olympia\/"]}]},{"@type":"BreadcrumbList","@id":"https:\/\/www.memo-media.de\/blog\/notfall-wasserversorgung-von-mtd-krankenhaeuser-statt-olympia\/#breadcrumb","itemListElement":[{"@type":"ListItem","position":1,"name":"Home","item":"https:\/\/www.memo-media.de\/blog\/"},{"@type":"ListItem","position":2,"name":"Notfall-Wasserversorgung von MTD: Krankenh\u00e4user statt Olympia"}]},{"@type":"WebSite","@id":"https:\/\/www.memo-media.de\/blog\/#website","url":"https:\/\/www.memo-media.de\/blog\/","name":"memo-media Blog f\u00fcr die Eventplanung","description":"News und Facts aus der Eventbranche f\u00fcr die Eventbranche","potentialAction":[{"@type":"SearchAction","target":{"@type":"EntryPoint","urlTemplate":"https:\/\/www.memo-media.de\/blog\/?s={search_term_string}"},"query-input":"required name=search_term_string"}],"inLanguage":"de"},{"@type":"Person","@id":"https:\/\/www.memo-media.de\/blog\/#\/schema\/person\/b01cd365604b7a1226e889d3e8e6f56d","name":"Julia Gundelach","image":{"@type":"ImageObject","inLanguage":"de","@id":"https:\/\/www.memo-media.de\/blog\/#\/schema\/person\/image\/","url":"https:\/\/www.memo-media.de\/blog\/wp-content\/uploads\/2021\/05\/julia-gundelach-150x150.jpg","contentUrl":"https:\/\/www.memo-media.de\/blog\/wp-content\/uploads\/2021\/05\/julia-gundelach-150x150.jpg","caption":"Julia Gundelach"},"description":"Julia Gundelach ist seit 2016 Teil des memo-media-Teams und bloggt am liebsten \u00fcber actionreiche Eventformate, die sie auch selbst mal testen darf. Als freie Redakteurin ist sie spezialisiert auf die Bereiche Marketing, PR und Werbung, aber auch auf neue Themen in der Veranstaltungswirtschaft. Zum Gl\u00fcck, denn eine buntere, vielf\u00e4ltigere und \u00fcberraschendere Welt, als das Event-Business kann sie sich nicht vorstellen!","url":"https:\/\/www.memo-media.de\/blog\/author\/anna-steinberg\/"}]}},"_links":{"self":[{"href":"https:\/\/www.memo-media.de\/blog\/wp-json\/wp\/v2\/posts\/11415"}],"collection":[{"href":"https:\/\/www.memo-media.de\/blog\/wp-json\/wp\/v2\/posts"}],"about":[{"href":"https:\/\/www.memo-media.de\/blog\/wp-json\/wp\/v2\/types\/post"}],"author":[{"embeddable":true,"href":"https:\/\/www.memo-media.de\/blog\/wp-json\/wp\/v2\/users\/29"}],"replies":[{"embeddable":true,"href":"https:\/\/www.memo-media.de\/blog\/wp-json\/wp\/v2\/comments?post=11415"}],"version-history":[{"count":7,"href":"https:\/\/www.memo-media.de\/blog\/wp-json\/wp\/v2\/posts\/11415\/revisions"}],"predecessor-version":[{"id":11430,"href":"https:\/\/www.memo-media.de\/blog\/wp-json\/wp\/v2\/posts\/11415\/revisions\/11430"}],"wp:featuredmedia":[{"embeddable":true,"href":"https:\/\/www.memo-media.de\/blog\/wp-json\/wp\/v2\/media\/11419"}],"wp:attachment":[{"href":"https:\/\/www.memo-media.de\/blog\/wp-json\/wp\/v2\/media?parent=11415"}],"wp:term":[{"taxonomy":"category","embeddable":true,"href":"https:\/\/www.memo-media.de\/blog\/wp-json\/wp\/v2\/categories?post=11415"},{"taxonomy":"post_tag","embeddable":true,"href":"https:\/\/www.memo-media.de\/blog\/wp-json\/wp\/v2\/tags?post=11415"}],"curies":[{"name":"wp","href":"https:\/\/api.w.org\/{rel}","templated":true}]}}