{"id":10926,"date":"2021-08-17T14:00:09","date_gmt":"2021-08-17T12:00:09","guid":{"rendered":"https:\/\/www.memo-media.de\/blog\/?p=10926"},"modified":"2023-05-24T13:42:21","modified_gmt":"2023-05-24T11:42:21","slug":"duftmarketing-auf-messen-immer-der-nase-nach-1stdream","status":"publish","type":"post","link":"https:\/\/www.memo-media.de\/blog\/duftmarketing-auf-messen-immer-der-nase-nach-1stdream\/","title":{"rendered":"Immer der Nase nach \u2013 Duftmarketing auf Messen mit Funfood von 1st dream events"},"content":{"rendered":"<p>Auch wenn der Nutzen von Duftmarketing auf Messen im eigentlichen Sinne \u2013 also die chemische Beduftung von R\u00e4umen zur Absatzf\u00f6rderung &#8211; wissenschaftlich eher umstritten ist, wird mir sicher jeder best\u00e4tigen, dass beim Geruch frisch gebrannter Mandeln (fast) jedem das Wasser im Mund zusammenl\u00e4uft. Und nun stelle man sich diesen Duft an einem Ort vor, der im Regelfall olfaktorisch als \u201aneutral\u2018 einzustufen ist: Messehallen.<\/p>\n<div id=\"attachment_10928\" style=\"width: 310px\" class=\"wp-caption alignright\"><a href=\"https:\/\/www.memo-media.de\/blog\/wp-content\/uploads\/2020\/04\/duftmarketing_messen-4.jpg\"><img aria-describedby=\"caption-attachment-10928\" decoding=\"async\" loading=\"lazy\" class=\"wp-image-10928 size-medium\" src=\"https:\/\/www.memo-media.de\/blog\/wp-content\/uploads\/2020\/04\/duftmarketing_messen-4-300x201.jpg\" alt=\"Duftende Wegweiser der leckersten Art mit Duftmarketing auf Messen von 1st dream events\" width=\"300\" height=\"201\" srcset=\"https:\/\/www.memo-media.de\/blog\/wp-content\/uploads\/2020\/04\/duftmarketing_messen-4-300x201.jpg 300w, https:\/\/www.memo-media.de\/blog\/wp-content\/uploads\/2020\/04\/duftmarketing_messen-4-768x514.jpg 768w, https:\/\/www.memo-media.de\/blog\/wp-content\/uploads\/2020\/04\/duftmarketing_messen-4-335x224.jpg 335w, https:\/\/www.memo-media.de\/blog\/wp-content\/uploads\/2020\/04\/duftmarketing_messen-4.jpg 995w\" sizes=\"(max-width: 300px) 100vw, 300px\" \/><\/a><p id=\"caption-attachment-10928\" class=\"wp-caption-text\">Duftende Wegweiser der leckersten Art mit Duftmarketing auf Messen von 1st dream events<\/p><\/div>\n<p>Neulich durfte ich genau das erleben: Messe N\u00fcrnberg, Nachmittag, kein nennenswertes Mittagessen, lange kein Kaffee mehr \u2013 das Nachmittagstief macht sich in meinem Kopf breit. Und dann zieht durch die Halle, die ich gerade besichtigte, der Duft frisch gebrannter Mandeln. Nicht nur ich strecke die Nase in die Luft und laufe dem Duft entgegen. An einem Stand am Ende der Halle finde ich den Verursacher: einen nostalgisch anmutenden Wagen mit einer Mandelr\u00f6sterei, davor eine Menschentraube. Ich lasse mir von einer Messehostess eine T\u00fcte in die Hand dr\u00fccken und schaue knabbernd zu, was das Standpersonal pr\u00e4sentiert. Zucker f\u00fcr den schnellen Energiekick und Mandeln als \u201aBrainfood\u2018 \u2013 aus ern\u00e4hrungswissenschaftlicher Sicht nicht unbedingt die allerges\u00fcndeste, aber auf jeden Fall eine effektive Art des Messe-Snacks und dank des verf\u00fchrerischen Dufts auch besser als jeder Wegweiser. Also quasi ein \u201eechtes\u201c Durftmarketing, kein chemisch aufgesetztes, das sich so oft Kritik einhandelt.<\/p>\n<p>Ich frage beim Standpersonal nach, wer f\u00fcr diese Art des Duftmarketing auf Messen verantwortlich ist. Ein Logo ist an der Mandelr\u00f6sterei nicht erkennbar und auch die T\u00fcte in meiner Hand ziert lediglich das Logo des Standinhabers. Ich erfahre, dass hinter diesem Eventmodul die <a href=\"https:\/\/www.1st-dream.de\/\" target=\"_blank\" rel=\"noopener noreferrer\">Agentur 1st dream events<\/a> aus M\u00fcnnerstadt steht. Nat\u00fcrlich treffe ich den Gesch\u00e4ftsf\u00fchrer Robert Brodesser, um mehr \u00fcber seine Idee des Duftmarketings auf Messen zu erfahren. Das ist zwar kein Duftmarketing, wie es das Lehrbuch definiert, aber offensichtlich eines das in der Praxis funktioniert.<\/p>\n<div id=\"attachment_10931\" style=\"width: 210px\" class=\"wp-caption alignleft\"><a href=\"https:\/\/www.memo-media.de\/blog\/wp-content\/uploads\/2020\/04\/duftmarketing_messen-6.jpg\"><img aria-describedby=\"caption-attachment-10931\" decoding=\"async\" loading=\"lazy\" class=\"wp-image-10931 size-medium\" src=\"https:\/\/www.memo-media.de\/blog\/wp-content\/uploads\/2020\/04\/duftmarketing_messen-6-200x300.jpg\" alt=\"Funfood-Module sind nur eine Sparte aus dem Mietpark von 1st dream events\" width=\"200\" height=\"300\" srcset=\"https:\/\/www.memo-media.de\/blog\/wp-content\/uploads\/2020\/04\/duftmarketing_messen-6-200x300.jpg 200w, https:\/\/www.memo-media.de\/blog\/wp-content\/uploads\/2020\/04\/duftmarketing_messen-6-335x503.jpg 335w, https:\/\/www.memo-media.de\/blog\/wp-content\/uploads\/2020\/04\/duftmarketing_messen-6.jpg 666w\" sizes=\"(max-width: 200px) 100vw, 200px\" \/><\/a><p id=\"caption-attachment-10931\" class=\"wp-caption-text\">Funfood-Module sind nur eine Sparte aus dem Mietpark von 1st dream events<\/p><\/div>\n<h3>Duftmarketing auf Messen als Kundenmagnet<\/h3>\n<p>Seit 25 Jahren vermietet Robert \u00fcber seine beiden Firmen <a href=\"https:\/\/www.1st-dream.de\/\" target=\"_blank\" rel=\"noopener noreferrer\">1st dream events<\/a> und <a href=\"https:\/\/kirea.de\" target=\"_blank\" rel=\"noopener noreferrer\">Kirea <\/a>Eventmodule aller Art. Mit rund 400 <a href=\"https:\/\/www.1st-dream.de\/Bullriding-Rodeo-mieten\" target=\"_blank\" rel=\"noopener noreferrer\">Mietmodulen <\/a>von A wie Alligator Rodeo bis Z wie Zuckerwattemaschine kann er fast jeden Kundenwunsch erf\u00fcllen. Funfood-Module wie die gebrannten Mandeln, aber auch Cr\u00eape oder Popcorn werden dabei gerade f\u00fcr Messen h\u00e4ufig nachgefragt. \u201eUm Kunden auf einen Messestand zu locken, gibt es nichts Besseres als Funfood-Module. Duftmarketing auf Messen oder besser \u201aSchn\u00fcffel-Marketing\u2018 darf man nicht untersch\u00e4tzen\u201c erkl\u00e4rt Robert. \u201eDas Essen auf der Messe ist meist teuer und man hat wenig Zeit daf\u00fcr, weil man ja viel sehen m\u00f6chte, da ist ein kleiner Snack immer willkommen. Au\u00dferdem dr\u00fcckt es eine hohe Wertsch\u00e4tzung gegen\u00fcber den Kunden aus, wenn man ihnen etwas Besonderes schenkt.\u201c Doch Duftmarketing auf Messen mit Mandelr\u00f6sterei und Co. bewirkt noch mehr: Angelockt vom Duft str\u00f6men die Menschen zum Messestand und sind sogar bereit sich notfalls mal in eine Schlange einzureihen und zu warten. Der perfekte Moment also, um mit den potenziellen Kunden ins Gespr\u00e4ch zu kommen und seine Produkte zu pr\u00e4sentieren. Obendrein wei\u00df jeder aus Erfahrung: Wenn irgendwo viele Menschen stehen, gibt es dort meist etwas Spannendes und man selbst geht auch mal gucken.<\/p>\n<div id=\"attachment_10930\" style=\"width: 310px\" class=\"wp-caption alignright\"><a href=\"https:\/\/www.memo-media.de\/blog\/wp-content\/uploads\/2020\/04\/duftmarketing_messen-3.jpg\"><img aria-describedby=\"caption-attachment-10930\" decoding=\"async\" loading=\"lazy\" class=\"wp-image-10930 size-medium\" src=\"https:\/\/www.memo-media.de\/blog\/wp-content\/uploads\/2020\/04\/duftmarketing_messen-3-300x200.jpg\" alt=\"Ob prominent in erster Reihe oder am Rande des Messtandes - Duftmarkting auf Messen mit gebrannten Mandeln, Eis und Co. funktioniert immer\" width=\"300\" height=\"200\" srcset=\"https:\/\/www.memo-media.de\/blog\/wp-content\/uploads\/2020\/04\/duftmarketing_messen-3-300x200.jpg 300w, https:\/\/www.memo-media.de\/blog\/wp-content\/uploads\/2020\/04\/duftmarketing_messen-3-768x512.jpg 768w, https:\/\/www.memo-media.de\/blog\/wp-content\/uploads\/2020\/04\/duftmarketing_messen-3-335x223.jpg 335w, https:\/\/www.memo-media.de\/blog\/wp-content\/uploads\/2020\/04\/duftmarketing_messen-3.jpg 999w\" sizes=\"(max-width: 300px) 100vw, 300px\" \/><\/a><p id=\"caption-attachment-10930\" class=\"wp-caption-text\">Ob prominent in erster Reihe oder am Rande des Messtandes &#8211; Duftmarkting auf Messen mit gebrannten Mandeln, Eis und Co. funktioniert immer<\/p><\/div>\n<h3>Messeerfolg mit Funfood<\/h3>\n<p>Robert berichtet mir von einem Schl\u00fcsselerlebnis, das genau das best\u00e4tigt: \u201eWir standen mit einer mobilen Popcornmaschine am hinteren Ende eines Messestandes, da kein anderer Platz mehr frei war. Neben uns hat die Firma das Ergebnis eines Azubi-Wettbewerbs pr\u00e4sentiert. Die Menschen kamen zum Popcornwagen und mussten zwangsl\u00e4ufig an diesem Azubi-Produkt vorbei. Am Ende der Messe war genau dieses Produkt einer der Topseller des Standes.\u201c Wie genau der Popcornduft mit dem Verkauf des Azubi-Produktes korrelierte, l\u00e4sst sich vielleicht nicht mathematisch darlegen. Sicher ist aber, dass die Kunden mit einer durchaus positiven Stimmung auf dem Stand kamen und dort einige Zeit vor dem Popcornwagen verweilten. Zwei Faktoren, die die Kommunikations- und Kaufbereitschaft zweifellos beeinflussen. \u201eVielleicht spielte auch unser spezielles Popcorn-Fett eine Rolle,\u201c grinst Robert. \u201eDas riecht einfach besser als das herk\u00f6mmliche.\u201c Das ist dann Duftmarketing auf Messen im besten Sinne, oder?<\/p>\n<h3>Eventmodule f\u00fcr den perfekten Messeauftritt<\/h3>\n<p>1st dream events bietet im Bereich mit ihren <a href=\"https:\/\/www.1st-dream.de\/Funfood%20mieten\" target=\"_blank\" rel=\"noopener noreferrer\">Funfood-Modulen<\/a> das Fullservice-Paket an. \u201eWir haben alles dabei: von der Technik \u00fcber alle Zutaten bis hin zur Spitzt\u00fcte. Und bei den gebrannten Mandeln stellen wir sogar auch das Personal, denn Mandeln brennen erfordert Fingerspitzengef\u00fchl.\u201c Auch f\u00fcr das perfekte Drumherum kann Robert sorgen: Mit nostalgischem Marktstand inklusive Beleuchtung, Wimpelketten und Zaunelementen l\u00e4sst sich das Duftmarketing auf Messen in die Atmosph\u00e4re eines <a href=\"https:\/\/www.1st-dream.de\/Nostalgie-Jahrmarkt\" target=\"_blank\" rel=\"noopener noreferrer\">Jahrmarktes <\/a>einbinden.<\/p>\n<p>Und genau das wissen viele Kunden schon seit Jahren zu sch\u00e4tzen und buchen regelm\u00e4\u00dfig Eventmodule bei 1st dream events. \u00dcbrigens liefert 1st dream events auf Wunsch auch die passende <a href=\"https:\/\/www.1st-dream.de\/Eyecatcher-Dekoration\" target=\"_blank\" rel=\"noopener noreferrer\">Ballondekoration <\/a>mit, damit neben dem olfaktorischen auch ein visueller Wegweiser die Menschen zum Messestand lockt.<\/p>\n<a  class=\"pixcode  pixcode--btn  btn  btn--large  btn--beta\" href=\"https:\/\/www.eventbranchenverzeichnis.de\/details\/1st-dream-events-eventmodule-promotions-teambuildings-28193.html\" target=\"_blank\">Hier der digitale Wegweiser zu 1st dream!<\/a>\n","protected":false},"excerpt":{"rendered":"<p>Auch wenn der Nutzen von Duftmarketing auf Messen im eigentlichen Sinne \u2013 also die chemische Beduftung von R\u00e4umen zur Absatzf\u00f6rderung&#8230;<\/p>\n","protected":false},"author":39,"featured_media":10927,"comment_status":"closed","ping_status":"open","sticky":false,"template":"","format":"standard","meta":[],"categories":[5,10],"tags":[2073,695,1559,353,2002,1933,1068,1036],"yoast_head":"<!-- This site is optimized with the Yoast SEO Premium plugin v20.5 (Yoast SEO v20.5) - https:\/\/yoast.com\/wordpress\/plugins\/seo\/ -->\n<title>Immer der Nase nach \u2013 Duftmarketing auf Messen mit Funfood von 1st dream events %<\/title>\n<meta name=\"description\" content=\"Duftmarketing auf Messen? Kein Problem mit duftendem Funfood wie gebrannte Mandeln und Co. Bei 1st dream events gibt es die passenden Mietmodule.\" \/>\n<meta name=\"robots\" content=\"index, follow, max-snippet:-1, max-image-preview:large, max-video-preview:-1\" \/>\n<link rel=\"canonical\" href=\"https:\/\/www.memo-media.de\/blog\/duftmarketing-auf-messen-immer-der-nase-nach-1stdream\/\" \/>\n<meta property=\"og:locale\" content=\"de_DE\" \/>\n<meta property=\"og:type\" content=\"article\" \/>\n<meta property=\"og:title\" content=\"Immer der Nase nach \u2013 Duftmarketing auf Messen mit Funfood von 1st dream events\" \/>\n<meta property=\"og:description\" content=\"Duftmarketing auf Messen? Kein Problem mit duftendem Funfood wie gebrannte Mandeln und Co. Bei 1st dream events gibt es die passenden Mietmodule.\" \/>\n<meta property=\"og:url\" content=\"https:\/\/www.memo-media.de\/blog\/duftmarketing-auf-messen-immer-der-nase-nach-1stdream\/\" \/>\n<meta property=\"og:site_name\" content=\"memo-media Blog f\u00fcr die Eventplanung\" \/>\n<meta property=\"article:published_time\" content=\"2021-08-17T12:00:09+00:00\" \/>\n<meta property=\"article:modified_time\" content=\"2023-05-24T11:42:21+00:00\" \/>\n<meta property=\"og:image\" content=\"https:\/\/www.memo-media.de\/blog\/wp-content\/uploads\/2020\/04\/duftmarketing_messen.jpg\" \/>\n\t<meta property=\"og:image:width\" content=\"1050\" \/>\n\t<meta property=\"og:image:height\" content=\"804\" \/>\n\t<meta property=\"og:image:type\" content=\"image\/jpeg\" \/>\n<meta name=\"author\" content=\"Sandra Thiele\" \/>\n<meta name=\"twitter:label1\" content=\"Verfasst von\" \/>\n\t<meta name=\"twitter:data1\" content=\"Sandra Thiele\" \/>\n\t<meta name=\"twitter:label2\" content=\"Gesch\u00e4tzte Lesezeit\" \/>\n\t<meta name=\"twitter:data2\" content=\"5\u00a0Minuten\" \/>\n<script type=\"application\/ld+json\" class=\"yoast-schema-graph\">{\"@context\":\"https:\/\/schema.org\",\"@graph\":[{\"@type\":\"WebPage\",\"@id\":\"https:\/\/www.memo-media.de\/blog\/duftmarketing-auf-messen-immer-der-nase-nach-1stdream\/\",\"url\":\"https:\/\/www.memo-media.de\/blog\/duftmarketing-auf-messen-immer-der-nase-nach-1stdream\/\",\"name\":\"Immer der Nase nach \u2013 Duftmarketing auf Messen mit Funfood von 1st dream events %\",\"isPartOf\":{\"@id\":\"https:\/\/www.memo-media.de\/blog\/#website\"},\"datePublished\":\"2021-08-17T12:00:09+00:00\",\"dateModified\":\"2023-05-24T11:42:21+00:00\",\"author\":{\"@id\":\"https:\/\/www.memo-media.de\/blog\/#\/schema\/person\/dfcd1b3e0325726c5ce8071885f462a8\"},\"description\":\"Duftmarketing auf Messen? Kein Problem mit duftendem Funfood wie gebrannte Mandeln und Co. Bei 1st dream events gibt es die passenden Mietmodule.\",\"breadcrumb\":{\"@id\":\"https:\/\/www.memo-media.de\/blog\/duftmarketing-auf-messen-immer-der-nase-nach-1stdream\/#breadcrumb\"},\"inLanguage\":\"de\",\"potentialAction\":[{\"@type\":\"ReadAction\",\"target\":[\"https:\/\/www.memo-media.de\/blog\/duftmarketing-auf-messen-immer-der-nase-nach-1stdream\/\"]}]},{\"@type\":\"BreadcrumbList\",\"@id\":\"https:\/\/www.memo-media.de\/blog\/duftmarketing-auf-messen-immer-der-nase-nach-1stdream\/#breadcrumb\",\"itemListElement\":[{\"@type\":\"ListItem\",\"position\":1,\"name\":\"Home\",\"item\":\"https:\/\/www.memo-media.de\/blog\/\"},{\"@type\":\"ListItem\",\"position\":2,\"name\":\"Immer der Nase nach \u2013 Duftmarketing auf Messen mit Funfood von 1st dream events\"}]},{\"@type\":\"WebSite\",\"@id\":\"https:\/\/www.memo-media.de\/blog\/#website\",\"url\":\"https:\/\/www.memo-media.de\/blog\/\",\"name\":\"memo-media Blog f\u00fcr die Eventplanung\",\"description\":\"News und Facts aus der Eventbranche f\u00fcr die Eventbranche\",\"potentialAction\":[{\"@type\":\"SearchAction\",\"target\":{\"@type\":\"EntryPoint\",\"urlTemplate\":\"https:\/\/www.memo-media.de\/blog\/?s={search_term_string}\"},\"query-input\":\"required name=search_term_string\"}],\"inLanguage\":\"de\"},{\"@type\":\"Person\",\"@id\":\"https:\/\/www.memo-media.de\/blog\/#\/schema\/person\/dfcd1b3e0325726c5ce8071885f462a8\",\"name\":\"Sandra Thiele\",\"image\":{\"@type\":\"ImageObject\",\"inLanguage\":\"de\",\"@id\":\"https:\/\/www.memo-media.de\/blog\/#\/schema\/person\/image\/\",\"url\":\"https:\/\/www.memo-media.de\/blog\/wp-content\/uploads\/2023\/07\/htd750-20230303-91083-150x150.jpg\",\"contentUrl\":\"https:\/\/www.memo-media.de\/blog\/wp-content\/uploads\/2023\/07\/htd750-20230303-91083-150x150.jpg\",\"caption\":\"Sandra Thiele\"},\"description\":\"Sandra Thiele ist freiberufliche Autorin und Redakteurin. Als diplomierte Oecotrophologin sind Themen aus Ern\u00e4hrung und Landwirtschaft ihr eigentliches Fachgebiet. So ist sie nicht nur verantwortlich f\u00fcr diverse Ver\u00f6ffentlichungen f\u00fcr Verbraucher, sondern vor allem auch f\u00fcr Bildungsmaterialien f\u00fcr Kinder und Jugendliche. Seit 2019 ist Sandra f\u00fcr memo-media als Bloggerin und Autorin unterwegs. Jedes Mal aufs Neue ist sie dabei \u00fcber die unglaubliche Vielfalt der Eventbranche und das damit verbundene Aufgabengebiet begeistert und l\u00e4sst dies in jedem Wort durchklingen, das sie f\u00fcr uns schreibt.\",\"sameAs\":[\"http:\/\/www.sandra-thiele.de\"],\"url\":\"https:\/\/www.memo-media.de\/blog\/author\/sandra-thiele\/\"}]}<\/script>\n<!-- \/ Yoast SEO Premium plugin. -->","yoast_head_json":{"title":"Immer der Nase nach \u2013 Duftmarketing auf Messen mit Funfood von 1st dream events %","description":"Duftmarketing auf Messen? Kein Problem mit duftendem Funfood wie gebrannte Mandeln und Co. Bei 1st dream events gibt es die passenden Mietmodule.","robots":{"index":"index","follow":"follow","max-snippet":"max-snippet:-1","max-image-preview":"max-image-preview:large","max-video-preview":"max-video-preview:-1"},"canonical":"https:\/\/www.memo-media.de\/blog\/duftmarketing-auf-messen-immer-der-nase-nach-1stdream\/","og_locale":"de_DE","og_type":"article","og_title":"Immer der Nase nach \u2013 Duftmarketing auf Messen mit Funfood von 1st dream events","og_description":"Duftmarketing auf Messen? Kein Problem mit duftendem Funfood wie gebrannte Mandeln und Co. Bei 1st dream events gibt es die passenden Mietmodule.","og_url":"https:\/\/www.memo-media.de\/blog\/duftmarketing-auf-messen-immer-der-nase-nach-1stdream\/","og_site_name":"memo-media Blog f\u00fcr die Eventplanung","article_published_time":"2021-08-17T12:00:09+00:00","article_modified_time":"2023-05-24T11:42:21+00:00","og_image":[{"width":1050,"height":804,"url":"https:\/\/www.memo-media.de\/blog\/wp-content\/uploads\/2020\/04\/duftmarketing_messen.jpg","type":"image\/jpeg"}],"author":"Sandra Thiele","twitter_misc":{"Verfasst von":"Sandra Thiele","Gesch\u00e4tzte Lesezeit":"5\u00a0Minuten"},"schema":{"@context":"https:\/\/schema.org","@graph":[{"@type":"WebPage","@id":"https:\/\/www.memo-media.de\/blog\/duftmarketing-auf-messen-immer-der-nase-nach-1stdream\/","url":"https:\/\/www.memo-media.de\/blog\/duftmarketing-auf-messen-immer-der-nase-nach-1stdream\/","name":"Immer der Nase nach \u2013 Duftmarketing auf Messen mit Funfood von 1st dream events %","isPartOf":{"@id":"https:\/\/www.memo-media.de\/blog\/#website"},"datePublished":"2021-08-17T12:00:09+00:00","dateModified":"2023-05-24T11:42:21+00:00","author":{"@id":"https:\/\/www.memo-media.de\/blog\/#\/schema\/person\/dfcd1b3e0325726c5ce8071885f462a8"},"description":"Duftmarketing auf Messen? Kein Problem mit duftendem Funfood wie gebrannte Mandeln und Co. Bei 1st dream events gibt es die passenden Mietmodule.","breadcrumb":{"@id":"https:\/\/www.memo-media.de\/blog\/duftmarketing-auf-messen-immer-der-nase-nach-1stdream\/#breadcrumb"},"inLanguage":"de","potentialAction":[{"@type":"ReadAction","target":["https:\/\/www.memo-media.de\/blog\/duftmarketing-auf-messen-immer-der-nase-nach-1stdream\/"]}]},{"@type":"BreadcrumbList","@id":"https:\/\/www.memo-media.de\/blog\/duftmarketing-auf-messen-immer-der-nase-nach-1stdream\/#breadcrumb","itemListElement":[{"@type":"ListItem","position":1,"name":"Home","item":"https:\/\/www.memo-media.de\/blog\/"},{"@type":"ListItem","position":2,"name":"Immer der Nase nach \u2013 Duftmarketing auf Messen mit Funfood von 1st dream events"}]},{"@type":"WebSite","@id":"https:\/\/www.memo-media.de\/blog\/#website","url":"https:\/\/www.memo-media.de\/blog\/","name":"memo-media Blog f\u00fcr die Eventplanung","description":"News und Facts aus der Eventbranche f\u00fcr die Eventbranche","potentialAction":[{"@type":"SearchAction","target":{"@type":"EntryPoint","urlTemplate":"https:\/\/www.memo-media.de\/blog\/?s={search_term_string}"},"query-input":"required name=search_term_string"}],"inLanguage":"de"},{"@type":"Person","@id":"https:\/\/www.memo-media.de\/blog\/#\/schema\/person\/dfcd1b3e0325726c5ce8071885f462a8","name":"Sandra Thiele","image":{"@type":"ImageObject","inLanguage":"de","@id":"https:\/\/www.memo-media.de\/blog\/#\/schema\/person\/image\/","url":"https:\/\/www.memo-media.de\/blog\/wp-content\/uploads\/2023\/07\/htd750-20230303-91083-150x150.jpg","contentUrl":"https:\/\/www.memo-media.de\/blog\/wp-content\/uploads\/2023\/07\/htd750-20230303-91083-150x150.jpg","caption":"Sandra Thiele"},"description":"Sandra Thiele ist freiberufliche Autorin und Redakteurin. Als diplomierte Oecotrophologin sind Themen aus Ern\u00e4hrung und Landwirtschaft ihr eigentliches Fachgebiet. So ist sie nicht nur verantwortlich f\u00fcr diverse Ver\u00f6ffentlichungen f\u00fcr Verbraucher, sondern vor allem auch f\u00fcr Bildungsmaterialien f\u00fcr Kinder und Jugendliche. Seit 2019 ist Sandra f\u00fcr memo-media als Bloggerin und Autorin unterwegs. Jedes Mal aufs Neue ist sie dabei \u00fcber die unglaubliche Vielfalt der Eventbranche und das damit verbundene Aufgabengebiet begeistert und l\u00e4sst dies in jedem Wort durchklingen, das sie f\u00fcr uns schreibt.","sameAs":["http:\/\/www.sandra-thiele.de"],"url":"https:\/\/www.memo-media.de\/blog\/author\/sandra-thiele\/"}]}},"_links":{"self":[{"href":"https:\/\/www.memo-media.de\/blog\/wp-json\/wp\/v2\/posts\/10926"}],"collection":[{"href":"https:\/\/www.memo-media.de\/blog\/wp-json\/wp\/v2\/posts"}],"about":[{"href":"https:\/\/www.memo-media.de\/blog\/wp-json\/wp\/v2\/types\/post"}],"author":[{"embeddable":true,"href":"https:\/\/www.memo-media.de\/blog\/wp-json\/wp\/v2\/users\/39"}],"replies":[{"embeddable":true,"href":"https:\/\/www.memo-media.de\/blog\/wp-json\/wp\/v2\/comments?post=10926"}],"version-history":[{"count":5,"href":"https:\/\/www.memo-media.de\/blog\/wp-json\/wp\/v2\/posts\/10926\/revisions"}],"predecessor-version":[{"id":16130,"href":"https:\/\/www.memo-media.de\/blog\/wp-json\/wp\/v2\/posts\/10926\/revisions\/16130"}],"wp:featuredmedia":[{"embeddable":true,"href":"https:\/\/www.memo-media.de\/blog\/wp-json\/wp\/v2\/media\/10927"}],"wp:attachment":[{"href":"https:\/\/www.memo-media.de\/blog\/wp-json\/wp\/v2\/media?parent=10926"}],"wp:term":[{"taxonomy":"category","embeddable":true,"href":"https:\/\/www.memo-media.de\/blog\/wp-json\/wp\/v2\/categories?post=10926"},{"taxonomy":"post_tag","embeddable":true,"href":"https:\/\/www.memo-media.de\/blog\/wp-json\/wp\/v2\/tags?post=10926"}],"curies":[{"name":"wp","href":"https:\/\/api.w.org\/{rel}","templated":true}]}}