{"id":10645,"date":"2020-02-18T14:00:42","date_gmt":"2020-02-18T12:00:42","guid":{"rendered":"https:\/\/www.memo-media.de\/blog\/?p=10645"},"modified":"2020-04-08T08:06:07","modified_gmt":"2020-04-08T06:06:07","slug":"nachhaltigkeit-in-der-eventbranche-live-erleben-auf-der-imex-vom-12-bis-14-mai","status":"publish","type":"post","link":"https:\/\/www.memo-media.de\/blog\/nachhaltigkeit-in-der-eventbranche-live-erleben-auf-der-imex-vom-12-bis-14-mai\/","title":{"rendered":"Nachhaltigkeit in der Eventbranche: Live erleben auf der IMEX vom 12. bis 14. Mai"},"content":{"rendered":"<p>Ein Baum allein macht noch keinen Wald. Erst im Zusammenleben mit anderen B\u00e4umen bildet er ein funktionierendes \u00d6kosystem, das das Klima beeinflussen kann, Sauerstoff produziert und Lebensraum bietet. Laut j\u00fcngsten Forschungen zu diesem Thema sind B\u00e4ume sogar in der Lage, untereinander zu kommunizieren \u2013 und gemeinsam Probleme zu l\u00f6sen. So, wie die Menschen eben \u2013 nur, dass ein \u201eMiteinander\u201c bei ihnen nicht immer so selbstverst\u00e4ndlich ist. Die <a href=\"https:\/\/www.imex-frankfurt.com\/\" target=\"_blank\" rel=\"noopener noreferrer\">IMEX<\/a>, also die Messe, bei der sich das Who-is-Who der globalen Meetingbranche trifft, die vom 12. bis 14. Mai in Frankfurt stattfindet, hat sich mit ihrem diesj\u00e4hrigen Fokusthema NATUR zum Ziel gesetzt, das zu \u00e4ndern und aus dem Thema Nachhaltigkeit in der Eventbranche vom \u201eNice to have\u201c ein \u201eMust have\u201c zu machen.<\/p>\n<h3>Alle Veranstaltungen sollen nachhaltig werden<\/h3>\n<div id=\"attachment_10650\" style=\"width: 310px\" class=\"wp-caption alignleft\"><a href=\"https:\/\/www.memo-media.de\/blog\/wp-content\/uploads\/2020\/03\/nachhaltigkeit-in-der-eventbranche4.jpg\"><img aria-describedby=\"caption-attachment-10650\" decoding=\"async\" loading=\"lazy\" class=\"wp-image-10650 size-medium\" src=\"https:\/\/www.memo-media.de\/blog\/wp-content\/uploads\/2020\/03\/nachhaltigkeit-in-der-eventbranche4-300x225.jpg\" alt=\"Das Thema Natur steht dieses und n\u00e4chstes Jahr im Fokus\" width=\"300\" height=\"225\" srcset=\"https:\/\/www.memo-media.de\/blog\/wp-content\/uploads\/2020\/03\/nachhaltigkeit-in-der-eventbranche4-300x225.jpg 300w, https:\/\/www.memo-media.de\/blog\/wp-content\/uploads\/2020\/03\/nachhaltigkeit-in-der-eventbranche4-768x576.jpg 768w, https:\/\/www.memo-media.de\/blog\/wp-content\/uploads\/2020\/03\/nachhaltigkeit-in-der-eventbranche4-72x54.jpg 72w, https:\/\/www.memo-media.de\/blog\/wp-content\/uploads\/2020\/03\/nachhaltigkeit-in-der-eventbranche4-335x251.jpg 335w, https:\/\/www.memo-media.de\/blog\/wp-content\/uploads\/2020\/03\/nachhaltigkeit-in-der-eventbranche4.jpg 1000w\" sizes=\"(max-width: 300px) 100vw, 300px\" \/><\/a><p id=\"caption-attachment-10650\" class=\"wp-caption-text\">Das Thema Natur steht dieses und n\u00e4chstes Jahr im Fokus<\/p><\/div>\n<p>\u201eUnser Anspruch ist es, die gesamte Branche zu vereinen\u201c, sagt IMEX-Sprecherin Tanja Knecht, die wir im Vorfeld der <a href=\"https:\/\/www.imex-frankfurt.com\/attendees\" target=\"_blank\" rel=\"noopener noreferrer\">Messe <\/a>getroffen haben, um mit ihr \u00fcber das wichtige Thema Nachhaltigkeit in der Eventbranche zu sprechen. \u201eDenn das Ziel, dass alle Veranstaltungen eines Tages komplett nachhaltig sind, k\u00f6nnen wir nur gemeinsam erreichen und nur, wenn wir alle an einem Strang ziehen.\u201c Schon seitdem die Messe 2003 zum ersten Mal stattfand, setzen sich die IMEX-Macher f\u00fcr diese Ziele ein.: \u201eDas Thema Nachhaltigkeit ist in der Eventbranche auf strategischer Ebene angekommen und hat sich von einem projektbezogenen Ansatz weiterentwickelt \u201c, sagt Tanja Knecht. \u201eErfreulicherweise wird daraus nun ein fester Bestandteil der MICE-Branche. Wir wollen Eink\u00e4ufer- und Anbieterseite zum konstruktiven Dialog zusammenbringen und haben daf\u00fcr verschiedene Formate entwickelt.\u201c Das hei\u00dft, dass Unternehmen auf Ressourcenschonung, Klimaneutralit\u00e4t und Umweltschutz achten, geh\u00f6rt mittlerweile dazu \u2013 und Greenwashing, um sich vom Wettbewerb anzuheben, war einmal.<\/p>\n<h3>Fokusthema NATUR aus drei S\u00e4ulen<\/h3>\n<div id=\"attachment_10649\" style=\"width: 235px\" class=\"wp-caption alignright\"><a href=\"https:\/\/www.memo-media.de\/blog\/wp-content\/uploads\/2020\/03\/nachhaltigkeit-in-der-eventbranche3.jpg\"><img aria-describedby=\"caption-attachment-10649\" decoding=\"async\" loading=\"lazy\" class=\"wp-image-10649 size-medium\" src=\"https:\/\/www.memo-media.de\/blog\/wp-content\/uploads\/2020\/03\/nachhaltigkeit-in-der-eventbranche3-225x300.jpg\" alt=\"Lernen von anderen auf der IMEX\" width=\"225\" height=\"300\" srcset=\"https:\/\/www.memo-media.de\/blog\/wp-content\/uploads\/2020\/03\/nachhaltigkeit-in-der-eventbranche3-225x300.jpg 225w, https:\/\/www.memo-media.de\/blog\/wp-content\/uploads\/2020\/03\/nachhaltigkeit-in-der-eventbranche3-768x1024.jpg 768w, https:\/\/www.memo-media.de\/blog\/wp-content\/uploads\/2020\/03\/nachhaltigkeit-in-der-eventbranche3-335x447.jpg 335w, https:\/\/www.memo-media.de\/blog\/wp-content\/uploads\/2020\/03\/nachhaltigkeit-in-der-eventbranche3.jpg 1000w\" sizes=\"(max-width: 225px) 100vw, 225px\" \/><\/a><p id=\"caption-attachment-10649\" class=\"wp-caption-text\">Lernen von anderen auf der IMEX<\/p><\/div>\n<p>Damit dieser wichtige Dialog entstehen kann, einer vom anderen lernen kann und der Klimaschutz entlang der kompletten Wertsch\u00f6pfungskette verankert werden kann, steht die diesj\u00e4hrige (und \u00fcbrigens auch die n\u00e4chste) IMEX unter dem Fokusthema <a href=\"https:\/\/www.imex-frankfurt.com\/whats-on\" target=\"_blank\" rel=\"noopener noreferrer\">NATUR<\/a>, das aus drei inhaltlichen S\u00e4ulen besteht: Zum einen das Thema Kreislaufwirtschaft \u2013 hier lernen Besucher, was es in der Branche wirklich hei\u00dft, Produkte wiederzuverwenden und zu recyceln, am besten aber gleich ganz zu vermeiden. \u201eDieses Thema hat in der Eventbranche noch wenig Einzug gehalten, auf der IMEX wollen wir das \u00e4ndern\u201c, sagt Tanja Knecht. Die Teilnehmer sollen leicht umsetzbare Denkanst\u00f6\u00dfe bekommen, was sie in ihrem eigenen Unternehmen tun k\u00f6nnen.<\/p>\n<p>In der zweiten \u201eNATUR\u201c-S\u00e4ule wird aufgezeigt, was die Branche von der Natur lernen kann \u2013 indem man zum Beispiel so effektiv kommuniziert, wie es die B\u00e4ume tun. Unter den Stichworten \u201eBiomimicry\u201c, der Disziplin, die sich L\u00f6sungen aus der Natur zunutze macht, und \u2018Biophilia\u2019, also der Verbundenheit von Mensch und Natur, bekommen die Besucher vielleicht einen ganz neuen Blick auf unsere Umwelt und viel Inspiration.<\/p>\n<p>Und drittens: An \u201emagischen Orten und Pl\u00e4tzen\u201c, so der Titel einer weiteren inhaltlichen S\u00e4ule des Fokusthemas, k\u00f6nnen sich die IMEX-Teilnehmer ganz konkrete und praxisnahe Inspirationen holen. Es wird Messe-Rundg\u00e4nge zum Thema Nachhaltigkeit in der Eventbranche geben, einen praxisnahen Guide mit vielen Learnings und die Sonderausstellung Substainability Villages, wo sich Unternehmen pr\u00e4sentieren k\u00f6nnen, die mindestens drei neue Umweltschutz-Kriterien in ihren Leitlinien verankern. Besucher k\u00f6nnen dort anhand echter Praxis-Cases lernen, was es hei\u00dft, das Thema Natur auch im Unternehmensalltag zu leben \u2013 und auf das eigene Business \u00fcbertragen.<\/p>\n<h3>Nachhaltigkeit in der Eventbranche nicht nur als Messe-Thema<\/h3>\n<div id=\"attachment_10648\" style=\"width: 235px\" class=\"wp-caption alignleft\"><a href=\"https:\/\/www.memo-media.de\/blog\/wp-content\/uploads\/2020\/03\/nachhaltigkeit-in-der-eventbranche2.jpg\"><img aria-describedby=\"caption-attachment-10648\" decoding=\"async\" loading=\"lazy\" class=\"wp-image-10648 size-medium\" src=\"https:\/\/www.memo-media.de\/blog\/wp-content\/uploads\/2020\/03\/nachhaltigkeit-in-der-eventbranche2-225x300.jpg\" alt=\"Wo kann man M\u00fcll einsparen?\" width=\"225\" height=\"300\" srcset=\"https:\/\/www.memo-media.de\/blog\/wp-content\/uploads\/2020\/03\/nachhaltigkeit-in-der-eventbranche2-225x300.jpg 225w, https:\/\/www.memo-media.de\/blog\/wp-content\/uploads\/2020\/03\/nachhaltigkeit-in-der-eventbranche2-768x1024.jpg 768w, https:\/\/www.memo-media.de\/blog\/wp-content\/uploads\/2020\/03\/nachhaltigkeit-in-der-eventbranche2-335x447.jpg 335w, https:\/\/www.memo-media.de\/blog\/wp-content\/uploads\/2020\/03\/nachhaltigkeit-in-der-eventbranche2.jpg 1000w\" sizes=\"(max-width: 225px) 100vw, 225px\" \/><\/a><p id=\"caption-attachment-10648\" class=\"wp-caption-text\">Wo kann man M\u00fcll einsparen?<\/p><\/div>\n<p>Das Thema Natur ist f\u00fcr die IMEX-Veranstalter aber mehr als ein Fokusthema f\u00fcr drei Tage. \u201eDas ist unser Herzensthema, es zieht sich mit Vortr\u00e4gen, Workshops und Schulungen, aber auch Forschungsprojekten durch das gesamte Jahr\u201c, erkl\u00e4rt Tanja Knecht. Und mit Sicherheit auch noch viel l\u00e4nger, denn bis man in der Eventbranche von Klimaneutralit\u00e4t und \u201eZero Waste\u201c sprechen kann, wird es noch eine Weile dauern. Dank einem Engagement wie dem der IMEX sind wir aber auf einem guten Weg.<\/p>\n<p><a href=\"https:\/\/www.eventbranchenverzeichnis.de\/details\/imex-the-worldwide-exhibition-for-incentive-travel-meetings-events-23740.html\" target=\"_blank\" rel=\"noopener noreferrer\">Hier <\/a>gibt es den Kontakt!<\/p>\n","protected":false},"excerpt":{"rendered":"<p>Ein Baum allein macht noch keinen Wald. Erst im Zusammenleben mit anderen B\u00e4umen bildet er ein funktionierendes \u00d6kosystem, das das&#8230;<\/p>\n","protected":false},"author":29,"featured_media":10647,"comment_status":"closed","ping_status":"open","sticky":false,"template":"","format":"standard","meta":[],"categories":[22,10],"tags":[1767,332,1909,1910,874,1908],"yoast_head":"<!-- This site is optimized with the Yoast SEO Premium plugin v20.5 (Yoast SEO v20.5) - https:\/\/yoast.com\/wordpress\/plugins\/seo\/ -->\n<title>Nachhaltigkeit in der Eventbranche: Live erleben auf der IMEX vom 12. bis 14. Mai<\/title>\n<meta name=\"description\" content=\"Nachhaltigkeit in der Eventbranche wird auf der IMEX im Mai live erlebbar: Mit einer Ausstellung, Rundg\u00e4ngen und inhaltlichem Themenfokus.\" \/>\n<meta name=\"robots\" content=\"index, follow, max-snippet:-1, max-image-preview:large, max-video-preview:-1\" \/>\n<link rel=\"canonical\" href=\"https:\/\/www.memo-media.de\/blog\/nachhaltigkeit-in-der-eventbranche-live-erleben-auf-der-imex-vom-12-bis-14-mai\/\" \/>\n<meta property=\"og:locale\" content=\"de_DE\" \/>\n<meta property=\"og:type\" content=\"article\" \/>\n<meta property=\"og:title\" content=\"Nachhaltigkeit in der Eventbranche: Live erleben auf der IMEX vom 12. bis 14. Mai\" \/>\n<meta property=\"og:description\" content=\"Nachhaltigkeit in der Eventbranche wird auf der IMEX im Mai live erlebbar: Mit einer Ausstellung, Rundg\u00e4ngen und inhaltlichem Themenfokus.\" \/>\n<meta property=\"og:url\" content=\"https:\/\/www.memo-media.de\/blog\/nachhaltigkeit-in-der-eventbranche-live-erleben-auf-der-imex-vom-12-bis-14-mai\/\" \/>\n<meta property=\"og:site_name\" content=\"memo-media Blog f\u00fcr die Eventplanung\" \/>\n<meta property=\"article:published_time\" content=\"2020-02-18T12:00:42+00:00\" \/>\n<meta property=\"article:modified_time\" content=\"2020-04-08T06:06:07+00:00\" \/>\n<meta property=\"og:image\" content=\"https:\/\/www.memo-media.de\/blog\/wp-content\/uploads\/2020\/03\/nachhaltigkeit-in-der-eventbranche1.jpg\" \/>\n\t<meta property=\"og:image:width\" content=\"1050\" \/>\n\t<meta property=\"og:image:height\" content=\"804\" \/>\n\t<meta property=\"og:image:type\" content=\"image\/jpeg\" \/>\n<meta name=\"author\" content=\"Julia Gundelach\" \/>\n<meta name=\"twitter:label1\" content=\"Verfasst von\" \/>\n\t<meta name=\"twitter:data1\" content=\"Julia Gundelach\" \/>\n\t<meta name=\"twitter:label2\" content=\"Gesch\u00e4tzte Lesezeit\" \/>\n\t<meta name=\"twitter:data2\" content=\"3\u00a0Minuten\" \/>\n<script type=\"application\/ld+json\" class=\"yoast-schema-graph\">{\"@context\":\"https:\/\/schema.org\",\"@graph\":[{\"@type\":\"WebPage\",\"@id\":\"https:\/\/www.memo-media.de\/blog\/nachhaltigkeit-in-der-eventbranche-live-erleben-auf-der-imex-vom-12-bis-14-mai\/\",\"url\":\"https:\/\/www.memo-media.de\/blog\/nachhaltigkeit-in-der-eventbranche-live-erleben-auf-der-imex-vom-12-bis-14-mai\/\",\"name\":\"Nachhaltigkeit in der Eventbranche: Live erleben auf der IMEX vom 12. bis 14. Mai\",\"isPartOf\":{\"@id\":\"https:\/\/www.memo-media.de\/blog\/#website\"},\"datePublished\":\"2020-02-18T12:00:42+00:00\",\"dateModified\":\"2020-04-08T06:06:07+00:00\",\"author\":{\"@id\":\"https:\/\/www.memo-media.de\/blog\/#\/schema\/person\/b01cd365604b7a1226e889d3e8e6f56d\"},\"description\":\"Nachhaltigkeit in der Eventbranche wird auf der IMEX im Mai live erlebbar: Mit einer Ausstellung, Rundg\u00e4ngen und inhaltlichem Themenfokus.\",\"breadcrumb\":{\"@id\":\"https:\/\/www.memo-media.de\/blog\/nachhaltigkeit-in-der-eventbranche-live-erleben-auf-der-imex-vom-12-bis-14-mai\/#breadcrumb\"},\"inLanguage\":\"de\",\"potentialAction\":[{\"@type\":\"ReadAction\",\"target\":[\"https:\/\/www.memo-media.de\/blog\/nachhaltigkeit-in-der-eventbranche-live-erleben-auf-der-imex-vom-12-bis-14-mai\/\"]}]},{\"@type\":\"BreadcrumbList\",\"@id\":\"https:\/\/www.memo-media.de\/blog\/nachhaltigkeit-in-der-eventbranche-live-erleben-auf-der-imex-vom-12-bis-14-mai\/#breadcrumb\",\"itemListElement\":[{\"@type\":\"ListItem\",\"position\":1,\"name\":\"Home\",\"item\":\"https:\/\/www.memo-media.de\/blog\/\"},{\"@type\":\"ListItem\",\"position\":2,\"name\":\"Nachhaltigkeit in der Eventbranche: Live erleben auf der IMEX vom 12. bis 14. Mai\"}]},{\"@type\":\"WebSite\",\"@id\":\"https:\/\/www.memo-media.de\/blog\/#website\",\"url\":\"https:\/\/www.memo-media.de\/blog\/\",\"name\":\"memo-media Blog f\u00fcr die Eventplanung\",\"description\":\"News und Facts aus der Eventbranche f\u00fcr die Eventbranche\",\"potentialAction\":[{\"@type\":\"SearchAction\",\"target\":{\"@type\":\"EntryPoint\",\"urlTemplate\":\"https:\/\/www.memo-media.de\/blog\/?s={search_term_string}\"},\"query-input\":\"required name=search_term_string\"}],\"inLanguage\":\"de\"},{\"@type\":\"Person\",\"@id\":\"https:\/\/www.memo-media.de\/blog\/#\/schema\/person\/b01cd365604b7a1226e889d3e8e6f56d\",\"name\":\"Julia Gundelach\",\"image\":{\"@type\":\"ImageObject\",\"inLanguage\":\"de\",\"@id\":\"https:\/\/www.memo-media.de\/blog\/#\/schema\/person\/image\/\",\"url\":\"https:\/\/www.memo-media.de\/blog\/wp-content\/uploads\/2021\/05\/julia-gundelach-150x150.jpg\",\"contentUrl\":\"https:\/\/www.memo-media.de\/blog\/wp-content\/uploads\/2021\/05\/julia-gundelach-150x150.jpg\",\"caption\":\"Julia Gundelach\"},\"description\":\"Julia Gundelach ist seit 2016 Teil des memo-media-Teams und bloggt am liebsten \u00fcber actionreiche Eventformate, die sie auch selbst mal testen darf. Als freie Redakteurin ist sie spezialisiert auf die Bereiche Marketing, PR und Werbung, aber auch auf neue Themen in der Veranstaltungswirtschaft. Zum Gl\u00fcck, denn eine buntere, vielf\u00e4ltigere und \u00fcberraschendere Welt, als das Event-Business kann sie sich nicht vorstellen!\",\"url\":\"https:\/\/www.memo-media.de\/blog\/author\/anna-steinberg\/\"}]}<\/script>\n<!-- \/ Yoast SEO Premium plugin. -->","yoast_head_json":{"title":"Nachhaltigkeit in der Eventbranche: Live erleben auf der IMEX vom 12. bis 14. Mai","description":"Nachhaltigkeit in der Eventbranche wird auf der IMEX im Mai live erlebbar: Mit einer Ausstellung, Rundg\u00e4ngen und inhaltlichem Themenfokus.","robots":{"index":"index","follow":"follow","max-snippet":"max-snippet:-1","max-image-preview":"max-image-preview:large","max-video-preview":"max-video-preview:-1"},"canonical":"https:\/\/www.memo-media.de\/blog\/nachhaltigkeit-in-der-eventbranche-live-erleben-auf-der-imex-vom-12-bis-14-mai\/","og_locale":"de_DE","og_type":"article","og_title":"Nachhaltigkeit in der Eventbranche: Live erleben auf der IMEX vom 12. bis 14. Mai","og_description":"Nachhaltigkeit in der Eventbranche wird auf der IMEX im Mai live erlebbar: Mit einer Ausstellung, Rundg\u00e4ngen und inhaltlichem Themenfokus.","og_url":"https:\/\/www.memo-media.de\/blog\/nachhaltigkeit-in-der-eventbranche-live-erleben-auf-der-imex-vom-12-bis-14-mai\/","og_site_name":"memo-media Blog f\u00fcr die Eventplanung","article_published_time":"2020-02-18T12:00:42+00:00","article_modified_time":"2020-04-08T06:06:07+00:00","og_image":[{"width":1050,"height":804,"url":"https:\/\/www.memo-media.de\/blog\/wp-content\/uploads\/2020\/03\/nachhaltigkeit-in-der-eventbranche1.jpg","type":"image\/jpeg"}],"author":"Julia Gundelach","twitter_misc":{"Verfasst von":"Julia Gundelach","Gesch\u00e4tzte Lesezeit":"3\u00a0Minuten"},"schema":{"@context":"https:\/\/schema.org","@graph":[{"@type":"WebPage","@id":"https:\/\/www.memo-media.de\/blog\/nachhaltigkeit-in-der-eventbranche-live-erleben-auf-der-imex-vom-12-bis-14-mai\/","url":"https:\/\/www.memo-media.de\/blog\/nachhaltigkeit-in-der-eventbranche-live-erleben-auf-der-imex-vom-12-bis-14-mai\/","name":"Nachhaltigkeit in der Eventbranche: Live erleben auf der IMEX vom 12. bis 14. Mai","isPartOf":{"@id":"https:\/\/www.memo-media.de\/blog\/#website"},"datePublished":"2020-02-18T12:00:42+00:00","dateModified":"2020-04-08T06:06:07+00:00","author":{"@id":"https:\/\/www.memo-media.de\/blog\/#\/schema\/person\/b01cd365604b7a1226e889d3e8e6f56d"},"description":"Nachhaltigkeit in der Eventbranche wird auf der IMEX im Mai live erlebbar: Mit einer Ausstellung, Rundg\u00e4ngen und inhaltlichem Themenfokus.","breadcrumb":{"@id":"https:\/\/www.memo-media.de\/blog\/nachhaltigkeit-in-der-eventbranche-live-erleben-auf-der-imex-vom-12-bis-14-mai\/#breadcrumb"},"inLanguage":"de","potentialAction":[{"@type":"ReadAction","target":["https:\/\/www.memo-media.de\/blog\/nachhaltigkeit-in-der-eventbranche-live-erleben-auf-der-imex-vom-12-bis-14-mai\/"]}]},{"@type":"BreadcrumbList","@id":"https:\/\/www.memo-media.de\/blog\/nachhaltigkeit-in-der-eventbranche-live-erleben-auf-der-imex-vom-12-bis-14-mai\/#breadcrumb","itemListElement":[{"@type":"ListItem","position":1,"name":"Home","item":"https:\/\/www.memo-media.de\/blog\/"},{"@type":"ListItem","position":2,"name":"Nachhaltigkeit in der Eventbranche: Live erleben auf der IMEX vom 12. bis 14. Mai"}]},{"@type":"WebSite","@id":"https:\/\/www.memo-media.de\/blog\/#website","url":"https:\/\/www.memo-media.de\/blog\/","name":"memo-media Blog f\u00fcr die Eventplanung","description":"News und Facts aus der Eventbranche f\u00fcr die Eventbranche","potentialAction":[{"@type":"SearchAction","target":{"@type":"EntryPoint","urlTemplate":"https:\/\/www.memo-media.de\/blog\/?s={search_term_string}"},"query-input":"required name=search_term_string"}],"inLanguage":"de"},{"@type":"Person","@id":"https:\/\/www.memo-media.de\/blog\/#\/schema\/person\/b01cd365604b7a1226e889d3e8e6f56d","name":"Julia Gundelach","image":{"@type":"ImageObject","inLanguage":"de","@id":"https:\/\/www.memo-media.de\/blog\/#\/schema\/person\/image\/","url":"https:\/\/www.memo-media.de\/blog\/wp-content\/uploads\/2021\/05\/julia-gundelach-150x150.jpg","contentUrl":"https:\/\/www.memo-media.de\/blog\/wp-content\/uploads\/2021\/05\/julia-gundelach-150x150.jpg","caption":"Julia Gundelach"},"description":"Julia Gundelach ist seit 2016 Teil des memo-media-Teams und bloggt am liebsten \u00fcber actionreiche Eventformate, die sie auch selbst mal testen darf. Als freie Redakteurin ist sie spezialisiert auf die Bereiche Marketing, PR und Werbung, aber auch auf neue Themen in der Veranstaltungswirtschaft. Zum Gl\u00fcck, denn eine buntere, vielf\u00e4ltigere und \u00fcberraschendere Welt, als das Event-Business kann sie sich nicht vorstellen!","url":"https:\/\/www.memo-media.de\/blog\/author\/anna-steinberg\/"}]}},"_links":{"self":[{"href":"https:\/\/www.memo-media.de\/blog\/wp-json\/wp\/v2\/posts\/10645"}],"collection":[{"href":"https:\/\/www.memo-media.de\/blog\/wp-json\/wp\/v2\/posts"}],"about":[{"href":"https:\/\/www.memo-media.de\/blog\/wp-json\/wp\/v2\/types\/post"}],"author":[{"embeddable":true,"href":"https:\/\/www.memo-media.de\/blog\/wp-json\/wp\/v2\/users\/29"}],"replies":[{"embeddable":true,"href":"https:\/\/www.memo-media.de\/blog\/wp-json\/wp\/v2\/comments?post=10645"}],"version-history":[{"count":3,"href":"https:\/\/www.memo-media.de\/blog\/wp-json\/wp\/v2\/posts\/10645\/revisions"}],"predecessor-version":[{"id":10652,"href":"https:\/\/www.memo-media.de\/blog\/wp-json\/wp\/v2\/posts\/10645\/revisions\/10652"}],"wp:featuredmedia":[{"embeddable":true,"href":"https:\/\/www.memo-media.de\/blog\/wp-json\/wp\/v2\/media\/10647"}],"wp:attachment":[{"href":"https:\/\/www.memo-media.de\/blog\/wp-json\/wp\/v2\/media?parent=10645"}],"wp:term":[{"taxonomy":"category","embeddable":true,"href":"https:\/\/www.memo-media.de\/blog\/wp-json\/wp\/v2\/categories?post=10645"},{"taxonomy":"post_tag","embeddable":true,"href":"https:\/\/www.memo-media.de\/blog\/wp-json\/wp\/v2\/tags?post=10645"}],"curies":[{"name":"wp","href":"https:\/\/api.w.org\/{rel}","templated":true}]}}