{"id":10329,"date":"2019-12-06T12:00:24","date_gmt":"2019-12-06T10:00:24","guid":{"rendered":"https:\/\/www.memo-media.de\/blog\/?p=10329"},"modified":"2021-01-18T15:15:47","modified_gmt":"2021-01-18T13:15:47","slug":"buehnenwagen-drehbuehnen-und-baukastensysteme-von-ventum-s-multitools-fuer-die-buehnentechnik","status":"publish","type":"post","link":"https:\/\/www.memo-media.de\/blog\/buehnenwagen-drehbuehnen-und-baukastensysteme-von-ventum-s-multitools-fuer-die-buehnentechnik\/","title":{"rendered":"B\u00fchnenwagen, Drehb\u00fchnen und Baukastensysteme von Ventum-S: Multitools f\u00fcr die B\u00fchnentechnik"},"content":{"rendered":"<p>Wenn man in seinem eleganten Abendoutfit freitags im Theater sitzt, passiert so Vieles \u2013 und auch viel \u00dcberraschendes. Die Schauspieler geben alles, die Inszenierung ist packend und das B\u00fchnenbild zieht uns regelrecht hinein in eine andere Welt. Immer wieder wechselt es, dreht sich, \u00e4ndert sich. Und das in k\u00fcrzester Zeit, so, dass es das Publikum kaum bemerkt. Ich habe es aber gemerkt \u2013 und f\u00fcr meinen neuen Blogartikel Klaus Huber besucht, der als Gesch\u00e4ftsf\u00fchrer von <a href=\"http:\/\/www.ventum-s.com\" target=\"_blank\" rel=\"noopener noreferrer\">Ventum-S<\/a> B\u00fchnenbaukastensysteme, Drehb\u00fchnen und B\u00fchnenwagen f\u00fcr die B\u00fchnentechnik im Portfolio hat.<\/p>\n<h3>Einfach, smart und vielseitig<\/h3>\n<div id=\"attachment_10332\" style=\"width: 310px\" class=\"wp-caption alignleft\"><a href=\"https:\/\/www.memo-media.de\/blog\/wp-content\/uploads\/2019\/12\/buehnentechnik-2.jpg\"><img aria-describedby=\"caption-attachment-10332\" decoding=\"async\" loading=\"lazy\" class=\"wp-image-10332 size-medium\" src=\"https:\/\/www.memo-media.de\/blog\/wp-content\/uploads\/2019\/12\/buehnentechnik-2-300x200.jpg\" alt=\"Mobiler B\u00fchnenwagen von Ventum-S.\" width=\"300\" height=\"200\" srcset=\"https:\/\/www.memo-media.de\/blog\/wp-content\/uploads\/2019\/12\/buehnentechnik-2-300x200.jpg 300w, https:\/\/www.memo-media.de\/blog\/wp-content\/uploads\/2019\/12\/buehnentechnik-2-768x511.jpg 768w, https:\/\/www.memo-media.de\/blog\/wp-content\/uploads\/2019\/12\/buehnentechnik-2-335x223.jpg 335w, https:\/\/www.memo-media.de\/blog\/wp-content\/uploads\/2019\/12\/buehnentechnik-2.jpg 1000w\" sizes=\"(max-width: 300px) 100vw, 300px\" \/><\/a><p id=\"caption-attachment-10332\" class=\"wp-caption-text\">Mobiler B\u00fchnenwagen von Ventum-S.<\/p><\/div>\n<p>\u201eDas besondere an unseren Produkten ist, dass sie einfach sind, aber trotzdem smart\u201c, erkl\u00e4rt Klaus Huber. Das bedeutet, egal ob <a href=\"http:\/\/www.ventum-s.com\/drehbuehne\" target=\"_blank\" rel=\"noopener noreferrer\">Drehb\u00fchne<\/a>, Systembaukasten oder B\u00fchnenwagen \u2013 alle Ventum-S-Module sind nicht nur so angelegt, dass man aus einem einzigen Produkt immer zahlreiche M\u00f6glichkeiten hat, sie einzusetzen oder die Form und Gr\u00f6\u00dfe variabel zu gestalten. Sondern kann sie auch geschickt miteinander kombinieren. Der <a href=\"http:\/\/www.ventum-s.com\/systembaukasten\" target=\"_blank\" rel=\"noopener noreferrer\">Systembaukasten <\/a>l\u00e4sst sich etwa nach dem \u201eLego-Prinzip\u201c immer wieder zerlegen und neu aufbauen \u2013 und danach wieder klein verpacken, was Lager- und Transportfl\u00e4che spart. Es ist sozusagen ein einziges System f\u00fcr mehrere Einsatzbereiche: die Szenentechnik, Bu\u0308hne, Tribu\u0308ne und technisches Bu\u0308hnenbild, den Bau von Messest\u00e4nden, begehbare, mehrst\u00f6ckige Konstruktionen, Kamera- und Beleuchtungstu\u0308rme, Schr\u00e4gen, Treppen- und Treppenanlagen, dreidimensionale Leuchtelemente, Lichtw\u00e4nde. Dabei ist das System selbsterkl\u00e4rend und so leicht (weil es aus Aluminium besteht), dass es eine Person alleine auf- und umbauen kann. \u201eAu\u00dferdem gibt es eine wirklich hervorragende Bedienungsanleitung. Daf\u00fcr braucht es nicht einmal technisches Personal\u201c, sagt Huber.<\/p>\n<h3>B\u00fchnensystem so hoch wie ein Palast<\/h3>\n<div id=\"attachment_10333\" style=\"width: 310px\" class=\"wp-caption alignright\"><a href=\"https:\/\/www.memo-media.de\/blog\/wp-content\/uploads\/2019\/12\/buehnentechnik-3.jpg\"><img aria-describedby=\"caption-attachment-10333\" decoding=\"async\" loading=\"lazy\" class=\"wp-image-10333 size-medium\" src=\"https:\/\/www.memo-media.de\/blog\/wp-content\/uploads\/2019\/12\/buehnentechnik-3-300x200.jpg\" alt=\"Bis zu 8 Metern Durchmesser gibt es die Drehb\u00fchnen. \" width=\"300\" height=\"200\" srcset=\"https:\/\/www.memo-media.de\/blog\/wp-content\/uploads\/2019\/12\/buehnentechnik-3-300x200.jpg 300w, https:\/\/www.memo-media.de\/blog\/wp-content\/uploads\/2019\/12\/buehnentechnik-3-768x511.jpg 768w, https:\/\/www.memo-media.de\/blog\/wp-content\/uploads\/2019\/12\/buehnentechnik-3-335x223.jpg 335w, https:\/\/www.memo-media.de\/blog\/wp-content\/uploads\/2019\/12\/buehnentechnik-3.jpg 1000w\" sizes=\"(max-width: 300px) 100vw, 300px\" \/><\/a><p id=\"caption-attachment-10333\" class=\"wp-caption-text\">Bis zu 8 Metern Durchmesser gibt es die Drehb\u00fchnen.<\/p><\/div>\n<p>Weiterer Vorteil: Das B\u00fchnensystem von Ventum-S kann man in die H\u00f6he bauen. Mit den entsprechenden B\u00fchnenpraktikablen und dem passenden Zargensystem kann man mehrere <a href=\"http:\/\/www.ventum-s.com\/systembaukasten-zubehoer\" target=\"_blank\" rel=\"noopener noreferrer\">Systeme <\/a>miteinander so standfest konstruieren, dass sogar noch Schauspieler darauf Platz finden. Ummantelt mit Stoff oder Holz wird schnell eine Burg, ein Schloss oder ein Aufzug daraus. \u201eOder was immer eben den kreativen Theaterleuten einf\u00e4llt\u201c, lacht Huber. \u201eDamit k\u00f6nnen Sie theoretisch den Palast der K\u00f6nigin von Saba nachbauen!\u201c Und auch die Drehb\u00fchnen sind nicht statisch, sondern extrem vielseitig einsetzbar. Man sucht sich die Gr\u00f6\u00dfe aus, die man maximal braucht und kann damit ganz unkompliziert auch alle kleineren Durchmesser verwenden. Die Scheiben sind elektrisch angetrieben und \u201ef\u00fcr den manchmal auch rauen Alltag auf der B\u00fchne, bei Messen, in Autoh\u00e4usern und auf Tourneen perfekt geeignet\u201c, verspricht der Gesch\u00e4ftsf\u00fchrer. Selbst h\u00e4ufiges Auf- und Abbauen an unterschiedlichen Orten halten die Drehb\u00fchnen aus, bei manchen Kunden sind sie seit fast 20 Jahren im Einsatz!<\/p>\n<h3>B\u00fchnenwagen wie ein Schweizer Messer<\/h3>\n<div id=\"attachment_10334\" style=\"width: 310px\" class=\"wp-caption alignleft\"><a href=\"https:\/\/www.memo-media.de\/blog\/wp-content\/uploads\/2019\/12\/buehnenschraege-systemzargen.jpg\"><img aria-describedby=\"caption-attachment-10334\" decoding=\"async\" loading=\"lazy\" class=\"wp-image-10334 size-medium\" src=\"https:\/\/www.memo-media.de\/blog\/wp-content\/uploads\/2019\/12\/buehnenschraege-systemzargen-300x200.jpg\" alt=\"B\u00fchnenzargen vom B\u00fchnentechnik-Experten Ventum-S. \" width=\"300\" height=\"200\" srcset=\"https:\/\/www.memo-media.de\/blog\/wp-content\/uploads\/2019\/12\/buehnenschraege-systemzargen-300x200.jpg 300w, https:\/\/www.memo-media.de\/blog\/wp-content\/uploads\/2019\/12\/buehnenschraege-systemzargen-768x511.jpg 768w, https:\/\/www.memo-media.de\/blog\/wp-content\/uploads\/2019\/12\/buehnenschraege-systemzargen-335x223.jpg 335w, https:\/\/www.memo-media.de\/blog\/wp-content\/uploads\/2019\/12\/buehnenschraege-systemzargen.jpg 1000w\" sizes=\"(max-width: 300px) 100vw, 300px\" \/><\/a><p id=\"caption-attachment-10334\" class=\"wp-caption-text\">B\u00fchnenzargen vom B\u00fchnentechnik-Experten Ventum-S.<\/p><\/div>\n<p>Zum Schluss zeigt mir Klaus Huber noch den <a href=\"http:\/\/www.ventum-s.com\/buehnenwagen-mecanum\" target=\"_blank\" rel=\"noopener noreferrer\">Mecanum B\u00fchnenwagen<\/a>, \u201eunser Schweizer Messer f\u00fcr die B\u00fchne\u201c, wie er es nennt. Und dieser Name passt ganz gut, finde ich, denn er ist \u00e4hnlich vielseitig wie das bekannte Multitool. Der Mecanum-Wagen bewegt alles dorthin, wo man es braucht. Ob das riesige Bretter, Menschen oder Aufbauten sind, man kann den Wagen exakt so anpassen, wie man es gerade m\u00f6chte. Mehrere Wagen kombiniert oder versehen mit den passenden Br\u00fccken und Achsen \u2013 und das so simpel und schnell, dass es sogar vor dem Publikum im laufenden Betrieb m\u00f6glich ist. Wer jetzt noch nicht \u00fcberzeugt ist, kann alle Produkte bei Ventum S \u00fcbrigens auch vorher testen \u2013 und sich ganz praxisnah ein Bild davon machen, wie vielseitig die Systeme sind. Und wie simpel und smart.<\/p>\n<p>&nbsp;<\/p>\n<p><a href=\"https:\/\/www.eventbranchenverzeichnis.de\/details\/ventum-s-systemanbieter-fuer-buehnenbild-szenischen-hochbau-und-zuschauertribuenen-55158.html\" target=\"_blank\" rel=\"noopener noreferrer\">Hier <\/a>gibt es den Kontakt.<\/p>\n","protected":false},"excerpt":{"rendered":"<p>Wenn man in seinem eleganten Abendoutfit freitags im Theater sitzt, passiert so Vieles \u2013 und auch viel \u00dcberraschendes. Die Schauspieler&#8230;<\/p>\n","protected":false},"author":29,"featured_media":10331,"comment_status":"closed","ping_status":"open","sticky":false,"template":"","format":"standard","meta":[],"categories":[10],"tags":[246,1858,1859,306,2123],"yoast_head":"<!-- This site is optimized with the Yoast SEO Premium plugin v20.5 (Yoast SEO v20.5) - https:\/\/yoast.com\/wordpress\/plugins\/seo\/ -->\n<title>B\u00fchnenwagen, Drehb\u00fchnen und Baukastensysteme von Ventum-S: Multitools f\u00fcr die B\u00fchnentechnik<\/title>\n<meta name=\"description\" content=\"B\u00fchnenbaukastensysteme, Drehb\u00fchnen und B\u00fchnenwagen f\u00fcr die B\u00fchnentechnik gibt es bei Ventum S - vielseitig wie ein Schweizer Messer.\" \/>\n<meta name=\"robots\" content=\"index, follow, max-snippet:-1, max-image-preview:large, max-video-preview:-1\" \/>\n<link rel=\"canonical\" href=\"https:\/\/www.memo-media.de\/blog\/buehnenwagen-drehbuehnen-und-baukastensysteme-von-ventum-s-multitools-fuer-die-buehnentechnik\/\" \/>\n<meta property=\"og:locale\" content=\"de_DE\" \/>\n<meta property=\"og:type\" content=\"article\" \/>\n<meta property=\"og:title\" content=\"B\u00fchnenwagen, Drehb\u00fchnen und Baukastensysteme von Ventum-S: Multitools f\u00fcr die B\u00fchnentechnik\" \/>\n<meta property=\"og:description\" content=\"B\u00fchnenbaukastensysteme, Drehb\u00fchnen und B\u00fchnenwagen f\u00fcr die B\u00fchnentechnik gibt es bei Ventum S - vielseitig wie ein Schweizer Messer.\" \/>\n<meta property=\"og:url\" content=\"https:\/\/www.memo-media.de\/blog\/buehnenwagen-drehbuehnen-und-baukastensysteme-von-ventum-s-multitools-fuer-die-buehnentechnik\/\" \/>\n<meta property=\"og:site_name\" content=\"memo-media Blog f\u00fcr die Eventplanung\" \/>\n<meta property=\"article:published_time\" content=\"2019-12-06T10:00:24+00:00\" \/>\n<meta property=\"article:modified_time\" content=\"2021-01-18T13:15:47+00:00\" \/>\n<meta property=\"og:image\" content=\"https:\/\/www.memo-media.de\/blog\/wp-content\/uploads\/2019\/12\/buehnentechnik-1.jpg\" \/>\n\t<meta property=\"og:image:width\" content=\"1050\" \/>\n\t<meta property=\"og:image:height\" content=\"804\" \/>\n\t<meta property=\"og:image:type\" content=\"image\/jpeg\" \/>\n<meta name=\"author\" content=\"Julia Gundelach\" \/>\n<meta name=\"twitter:label1\" content=\"Verfasst von\" \/>\n\t<meta name=\"twitter:data1\" content=\"Julia Gundelach\" \/>\n\t<meta name=\"twitter:label2\" content=\"Gesch\u00e4tzte Lesezeit\" \/>\n\t<meta name=\"twitter:data2\" content=\"3\u00a0Minuten\" \/>\n<script type=\"application\/ld+json\" class=\"yoast-schema-graph\">{\"@context\":\"https:\/\/schema.org\",\"@graph\":[{\"@type\":\"WebPage\",\"@id\":\"https:\/\/www.memo-media.de\/blog\/buehnenwagen-drehbuehnen-und-baukastensysteme-von-ventum-s-multitools-fuer-die-buehnentechnik\/\",\"url\":\"https:\/\/www.memo-media.de\/blog\/buehnenwagen-drehbuehnen-und-baukastensysteme-von-ventum-s-multitools-fuer-die-buehnentechnik\/\",\"name\":\"B\u00fchnenwagen, Drehb\u00fchnen und Baukastensysteme von Ventum-S: Multitools f\u00fcr die B\u00fchnentechnik\",\"isPartOf\":{\"@id\":\"https:\/\/www.memo-media.de\/blog\/#website\"},\"datePublished\":\"2019-12-06T10:00:24+00:00\",\"dateModified\":\"2021-01-18T13:15:47+00:00\",\"author\":{\"@id\":\"https:\/\/www.memo-media.de\/blog\/#\/schema\/person\/b01cd365604b7a1226e889d3e8e6f56d\"},\"description\":\"B\u00fchnenbaukastensysteme, Drehb\u00fchnen und B\u00fchnenwagen f\u00fcr die B\u00fchnentechnik gibt es bei Ventum S - vielseitig wie ein Schweizer Messer.\",\"breadcrumb\":{\"@id\":\"https:\/\/www.memo-media.de\/blog\/buehnenwagen-drehbuehnen-und-baukastensysteme-von-ventum-s-multitools-fuer-die-buehnentechnik\/#breadcrumb\"},\"inLanguage\":\"de\",\"potentialAction\":[{\"@type\":\"ReadAction\",\"target\":[\"https:\/\/www.memo-media.de\/blog\/buehnenwagen-drehbuehnen-und-baukastensysteme-von-ventum-s-multitools-fuer-die-buehnentechnik\/\"]}]},{\"@type\":\"BreadcrumbList\",\"@id\":\"https:\/\/www.memo-media.de\/blog\/buehnenwagen-drehbuehnen-und-baukastensysteme-von-ventum-s-multitools-fuer-die-buehnentechnik\/#breadcrumb\",\"itemListElement\":[{\"@type\":\"ListItem\",\"position\":1,\"name\":\"Home\",\"item\":\"https:\/\/www.memo-media.de\/blog\/\"},{\"@type\":\"ListItem\",\"position\":2,\"name\":\"B\u00fchnenwagen, Drehb\u00fchnen und Baukastensysteme von Ventum-S: Multitools f\u00fcr die B\u00fchnentechnik\"}]},{\"@type\":\"WebSite\",\"@id\":\"https:\/\/www.memo-media.de\/blog\/#website\",\"url\":\"https:\/\/www.memo-media.de\/blog\/\",\"name\":\"memo-media Blog f\u00fcr die Eventplanung\",\"description\":\"News und Facts aus der Eventbranche f\u00fcr die Eventbranche\",\"potentialAction\":[{\"@type\":\"SearchAction\",\"target\":{\"@type\":\"EntryPoint\",\"urlTemplate\":\"https:\/\/www.memo-media.de\/blog\/?s={search_term_string}\"},\"query-input\":\"required name=search_term_string\"}],\"inLanguage\":\"de\"},{\"@type\":\"Person\",\"@id\":\"https:\/\/www.memo-media.de\/blog\/#\/schema\/person\/b01cd365604b7a1226e889d3e8e6f56d\",\"name\":\"Julia Gundelach\",\"image\":{\"@type\":\"ImageObject\",\"inLanguage\":\"de\",\"@id\":\"https:\/\/www.memo-media.de\/blog\/#\/schema\/person\/image\/\",\"url\":\"https:\/\/www.memo-media.de\/blog\/wp-content\/uploads\/2021\/05\/julia-gundelach-150x150.jpg\",\"contentUrl\":\"https:\/\/www.memo-media.de\/blog\/wp-content\/uploads\/2021\/05\/julia-gundelach-150x150.jpg\",\"caption\":\"Julia Gundelach\"},\"description\":\"Julia Gundelach ist seit 2016 Teil des memo-media-Teams und bloggt am liebsten \u00fcber actionreiche Eventformate, die sie auch selbst mal testen darf. Als freie Redakteurin ist sie spezialisiert auf die Bereiche Marketing, PR und Werbung, aber auch auf neue Themen in der Veranstaltungswirtschaft. Zum Gl\u00fcck, denn eine buntere, vielf\u00e4ltigere und \u00fcberraschendere Welt, als das Event-Business kann sie sich nicht vorstellen!\",\"url\":\"https:\/\/www.memo-media.de\/blog\/author\/anna-steinberg\/\"}]}<\/script>\n<!-- \/ Yoast SEO Premium plugin. -->","yoast_head_json":{"title":"B\u00fchnenwagen, Drehb\u00fchnen und Baukastensysteme von Ventum-S: Multitools f\u00fcr die B\u00fchnentechnik","description":"B\u00fchnenbaukastensysteme, Drehb\u00fchnen und B\u00fchnenwagen f\u00fcr die B\u00fchnentechnik gibt es bei Ventum S - vielseitig wie ein Schweizer Messer.","robots":{"index":"index","follow":"follow","max-snippet":"max-snippet:-1","max-image-preview":"max-image-preview:large","max-video-preview":"max-video-preview:-1"},"canonical":"https:\/\/www.memo-media.de\/blog\/buehnenwagen-drehbuehnen-und-baukastensysteme-von-ventum-s-multitools-fuer-die-buehnentechnik\/","og_locale":"de_DE","og_type":"article","og_title":"B\u00fchnenwagen, Drehb\u00fchnen und Baukastensysteme von Ventum-S: Multitools f\u00fcr die B\u00fchnentechnik","og_description":"B\u00fchnenbaukastensysteme, Drehb\u00fchnen und B\u00fchnenwagen f\u00fcr die B\u00fchnentechnik gibt es bei Ventum S - vielseitig wie ein Schweizer Messer.","og_url":"https:\/\/www.memo-media.de\/blog\/buehnenwagen-drehbuehnen-und-baukastensysteme-von-ventum-s-multitools-fuer-die-buehnentechnik\/","og_site_name":"memo-media Blog f\u00fcr die Eventplanung","article_published_time":"2019-12-06T10:00:24+00:00","article_modified_time":"2021-01-18T13:15:47+00:00","og_image":[{"width":1050,"height":804,"url":"https:\/\/www.memo-media.de\/blog\/wp-content\/uploads\/2019\/12\/buehnentechnik-1.jpg","type":"image\/jpeg"}],"author":"Julia Gundelach","twitter_misc":{"Verfasst von":"Julia Gundelach","Gesch\u00e4tzte Lesezeit":"3\u00a0Minuten"},"schema":{"@context":"https:\/\/schema.org","@graph":[{"@type":"WebPage","@id":"https:\/\/www.memo-media.de\/blog\/buehnenwagen-drehbuehnen-und-baukastensysteme-von-ventum-s-multitools-fuer-die-buehnentechnik\/","url":"https:\/\/www.memo-media.de\/blog\/buehnenwagen-drehbuehnen-und-baukastensysteme-von-ventum-s-multitools-fuer-die-buehnentechnik\/","name":"B\u00fchnenwagen, Drehb\u00fchnen und Baukastensysteme von Ventum-S: Multitools f\u00fcr die B\u00fchnentechnik","isPartOf":{"@id":"https:\/\/www.memo-media.de\/blog\/#website"},"datePublished":"2019-12-06T10:00:24+00:00","dateModified":"2021-01-18T13:15:47+00:00","author":{"@id":"https:\/\/www.memo-media.de\/blog\/#\/schema\/person\/b01cd365604b7a1226e889d3e8e6f56d"},"description":"B\u00fchnenbaukastensysteme, Drehb\u00fchnen und B\u00fchnenwagen f\u00fcr die B\u00fchnentechnik gibt es bei Ventum S - vielseitig wie ein Schweizer Messer.","breadcrumb":{"@id":"https:\/\/www.memo-media.de\/blog\/buehnenwagen-drehbuehnen-und-baukastensysteme-von-ventum-s-multitools-fuer-die-buehnentechnik\/#breadcrumb"},"inLanguage":"de","potentialAction":[{"@type":"ReadAction","target":["https:\/\/www.memo-media.de\/blog\/buehnenwagen-drehbuehnen-und-baukastensysteme-von-ventum-s-multitools-fuer-die-buehnentechnik\/"]}]},{"@type":"BreadcrumbList","@id":"https:\/\/www.memo-media.de\/blog\/buehnenwagen-drehbuehnen-und-baukastensysteme-von-ventum-s-multitools-fuer-die-buehnentechnik\/#breadcrumb","itemListElement":[{"@type":"ListItem","position":1,"name":"Home","item":"https:\/\/www.memo-media.de\/blog\/"},{"@type":"ListItem","position":2,"name":"B\u00fchnenwagen, Drehb\u00fchnen und Baukastensysteme von Ventum-S: Multitools f\u00fcr die B\u00fchnentechnik"}]},{"@type":"WebSite","@id":"https:\/\/www.memo-media.de\/blog\/#website","url":"https:\/\/www.memo-media.de\/blog\/","name":"memo-media Blog f\u00fcr die Eventplanung","description":"News und Facts aus der Eventbranche f\u00fcr die Eventbranche","potentialAction":[{"@type":"SearchAction","target":{"@type":"EntryPoint","urlTemplate":"https:\/\/www.memo-media.de\/blog\/?s={search_term_string}"},"query-input":"required name=search_term_string"}],"inLanguage":"de"},{"@type":"Person","@id":"https:\/\/www.memo-media.de\/blog\/#\/schema\/person\/b01cd365604b7a1226e889d3e8e6f56d","name":"Julia Gundelach","image":{"@type":"ImageObject","inLanguage":"de","@id":"https:\/\/www.memo-media.de\/blog\/#\/schema\/person\/image\/","url":"https:\/\/www.memo-media.de\/blog\/wp-content\/uploads\/2021\/05\/julia-gundelach-150x150.jpg","contentUrl":"https:\/\/www.memo-media.de\/blog\/wp-content\/uploads\/2021\/05\/julia-gundelach-150x150.jpg","caption":"Julia Gundelach"},"description":"Julia Gundelach ist seit 2016 Teil des memo-media-Teams und bloggt am liebsten \u00fcber actionreiche Eventformate, die sie auch selbst mal testen darf. Als freie Redakteurin ist sie spezialisiert auf die Bereiche Marketing, PR und Werbung, aber auch auf neue Themen in der Veranstaltungswirtschaft. Zum Gl\u00fcck, denn eine buntere, vielf\u00e4ltigere und \u00fcberraschendere Welt, als das Event-Business kann sie sich nicht vorstellen!","url":"https:\/\/www.memo-media.de\/blog\/author\/anna-steinberg\/"}]}},"_links":{"self":[{"href":"https:\/\/www.memo-media.de\/blog\/wp-json\/wp\/v2\/posts\/10329"}],"collection":[{"href":"https:\/\/www.memo-media.de\/blog\/wp-json\/wp\/v2\/posts"}],"about":[{"href":"https:\/\/www.memo-media.de\/blog\/wp-json\/wp\/v2\/types\/post"}],"author":[{"embeddable":true,"href":"https:\/\/www.memo-media.de\/blog\/wp-json\/wp\/v2\/users\/29"}],"replies":[{"embeddable":true,"href":"https:\/\/www.memo-media.de\/blog\/wp-json\/wp\/v2\/comments?post=10329"}],"version-history":[{"count":8,"href":"https:\/\/www.memo-media.de\/blog\/wp-json\/wp\/v2\/posts\/10329\/revisions"}],"predecessor-version":[{"id":12814,"href":"https:\/\/www.memo-media.de\/blog\/wp-json\/wp\/v2\/posts\/10329\/revisions\/12814"}],"wp:featuredmedia":[{"embeddable":true,"href":"https:\/\/www.memo-media.de\/blog\/wp-json\/wp\/v2\/media\/10331"}],"wp:attachment":[{"href":"https:\/\/www.memo-media.de\/blog\/wp-json\/wp\/v2\/media?parent=10329"}],"wp:term":[{"taxonomy":"category","embeddable":true,"href":"https:\/\/www.memo-media.de\/blog\/wp-json\/wp\/v2\/categories?post=10329"},{"taxonomy":"post_tag","embeddable":true,"href":"https:\/\/www.memo-media.de\/blog\/wp-json\/wp\/v2\/tags?post=10329"}],"curies":[{"name":"wp","href":"https:\/\/api.w.org\/{rel}","templated":true}]}}