{"id":10319,"date":"2019-12-03T14:00:04","date_gmt":"2019-12-03T12:00:04","guid":{"rendered":"https:\/\/www.memo-media.de\/blog\/?p=10319"},"modified":"2020-04-08T09:02:30","modified_gmt":"2020-04-08T07:02:30","slug":"arbeitsschutz-in-der-eventbranche-viel-mehr-als-nur-eine-sichere-buehnenshow","status":"publish","type":"post","link":"https:\/\/www.memo-media.de\/blog\/arbeitsschutz-in-der-eventbranche-viel-mehr-als-nur-eine-sichere-buehnenshow\/","title":{"rendered":"Arbeitsschutz in der Eventbranche: Viel mehr als \u201enur\u201c eine sichere B\u00fchnenshow"},"content":{"rendered":"<p>Wenn auf der B\u00fchne die Funken aus der Pyrotechnik-Show spr\u00fchen oder Artisten hoch oben durch die L\u00fcfte schwingen, dann ist klar: Hier hat sich im Vorfeld jemand mit dem Thema Sicherheit auf Veranstaltungen besch\u00e4ftigt, wahrscheinlich gibt es daf\u00fcr sogar ein eigenes Konzept. Was aber den meisten Besuchern \u2013 und auch vielen Veranstaltern \u2013 oft gar nicht bewusst ist: Das Thema Sicherheit f\u00e4ngt nicht erst auf der B\u00fchne an, wenn die gro\u00dfe Show in vollem Gange ist oder der LKW seine T\u00fcren f\u00fcr den Aufbau \u00f6ffnet. Sondern schon lange davor \u2013 n\u00e4mlich schon dann, wenn die ersten Ideen gesammelt werden.<\/p>\n<h3>Sicherheit von Anfang an<\/h3>\n<div id=\"attachment_10326\" style=\"width: 310px\" class=\"wp-caption alignleft\"><a href=\"https:\/\/www.memo-media.de\/blog\/wp-content\/uploads\/2019\/12\/arbeitsschutz-in-der-eventbranchen4.jpg\"><img aria-describedby=\"caption-attachment-10326\" decoding=\"async\" loading=\"lazy\" class=\"wp-image-10326 size-medium\" src=\"https:\/\/www.memo-media.de\/blog\/wp-content\/uploads\/2019\/12\/arbeitsschutz-in-der-eventbranchen4-300x200.jpg\" alt=\"Arbeitsschutz in der Eventbranche muss von Anfang an garantiert sein.\" width=\"300\" height=\"200\" srcset=\"https:\/\/www.memo-media.de\/blog\/wp-content\/uploads\/2019\/12\/arbeitsschutz-in-der-eventbranchen4-300x200.jpg 300w, https:\/\/www.memo-media.de\/blog\/wp-content\/uploads\/2019\/12\/arbeitsschutz-in-der-eventbranchen4-768x512.jpg 768w, https:\/\/www.memo-media.de\/blog\/wp-content\/uploads\/2019\/12\/arbeitsschutz-in-der-eventbranchen4-335x223.jpg 335w, https:\/\/www.memo-media.de\/blog\/wp-content\/uploads\/2019\/12\/arbeitsschutz-in-der-eventbranchen4.jpg 1000w\" sizes=\"(max-width: 300px) 100vw, 300px\" \/><\/a><p id=\"caption-attachment-10326\" class=\"wp-caption-text\">Arbeitsschutz in der Eventbranche muss von Anfang an garantiert sein.<\/p><\/div>\n<p>Das war auch mir nicht klar \u2013 und so habe ich Tobias Wendeler einen Besuch abgestattet, der beim Veranstaltungstechnik- und Eventdienstleister\u00a0<a href=\"https:\/\/www.gb-mediensysteme.de\/\" target=\"_blank\" rel=\"noopener noreferrer\">GAHRENS + BATTERMANN <\/a>als Meister f\u00fcr Veranstaltungstechnik t\u00e4tig ist, und gerade die Weiterbildung zur Fachkraft f\u00fcr Arbeitssicherheit absolviert. \u201eDass eine Veranstaltung als \u201asicher\u2018 gilt, bedeutet auch, dass der Arbeitsschutz in der Eventbranche garantiert ist \u2013 und zwar von Anfang an. Dass also nicht nur die G\u00e4ste, sondern auch die Mitarbeiter, K\u00fcnstler und alle anderen Beteiligten stets unter sicheren und ungef\u00e4hrlichen Bedingungen im Einsatz sind\u201c, erkl\u00e4rt der Experte.<\/p>\n<h3><\/h3>\n<p>&nbsp;<\/p>\n<h3>Arbeitsschutz in der Eventbranche muss gut koordiniert sein<\/h3>\n<div id=\"attachment_10324\" style=\"width: 310px\" class=\"wp-caption alignright\"><a href=\"https:\/\/www.memo-media.de\/blog\/wp-content\/uploads\/2019\/12\/arbeitsschutz-in-der-eventbranchen2.jpg\"><img aria-describedby=\"caption-attachment-10324\" decoding=\"async\" loading=\"lazy\" class=\"wp-image-10324 size-medium\" src=\"https:\/\/www.memo-media.de\/blog\/wp-content\/uploads\/2019\/12\/arbeitsschutz-in-der-eventbranchen2-300x189.jpg\" alt=\"F\u00fcr die einen ist es eine tolle Show, f\u00fcr die anderen lauern Gefahren. \" width=\"300\" height=\"189\" srcset=\"https:\/\/www.memo-media.de\/blog\/wp-content\/uploads\/2019\/12\/arbeitsschutz-in-der-eventbranchen2-300x189.jpg 300w, https:\/\/www.memo-media.de\/blog\/wp-content\/uploads\/2019\/12\/arbeitsschutz-in-der-eventbranchen2-768x483.jpg 768w, https:\/\/www.memo-media.de\/blog\/wp-content\/uploads\/2019\/12\/arbeitsschutz-in-der-eventbranchen2-335x211.jpg 335w, https:\/\/www.memo-media.de\/blog\/wp-content\/uploads\/2019\/12\/arbeitsschutz-in-der-eventbranchen2.jpg 1000w\" sizes=\"(max-width: 300px) 100vw, 300px\" \/><\/a><p id=\"caption-attachment-10324\" class=\"wp-caption-text\">F\u00fcr die einen ist es eine tolle Show, f\u00fcr die anderen lauern Gefahren.<\/p><\/div>\n<p>Und das f\u00e4ngt schon beim Aufbau an: \u201eAus wirtschaftlichen Gr\u00fcnden m\u00fcssen Auf- und Abbau in immer k\u00fcrzeren Zeitr\u00e4umen erfolgen\u201c, sagt Tobias Wendeler. F\u00fcr diejenigen, die dabei im Einsatz sind, hei\u00dft das: H\u00e4ufig tummeln sich viele Gewerke gleichzeitig in der Location, manchmal sogar auf unterschiedlichen H\u00f6hen: Unten f\u00e4hrt ein Gabelstapler, w\u00e4hrend an der Wand Traversen befestigt werden, der Caterer bring seine Gaskartuschen, der Techniker macht den ersten Sound-Check. \u201eViele Veranstalter kommen erst zur <a href=\"https:\/\/www.gb-mediensysteme.de\/unternehmen\/leistungsspektrum.html\" target=\"_blank\" rel=\"noopener noreferrer\">Location<\/a>, wenn das meiste fertig aufgebaut ist. Ihnen ist oft gar nicht bewusst, wie viele Gefahrenquellen schon im Vorfeld und auch beim Abbau bestehen, und zwar auch f\u00fcr die Mitarbeiter. Und die m\u00f6chte schlie\u00dflich jeder am Ende des Tages wieder gesund und munter mit nach Hause nehmen\u201c, erkl\u00e4rt Wendeler.<\/p>\n<h3>Der Auftraggeber tr\u00e4gt die Verantwortung<\/h3>\n<div id=\"attachment_10325\" style=\"width: 310px\" class=\"wp-caption alignleft\"><a href=\"https:\/\/www.memo-media.de\/blog\/wp-content\/uploads\/2019\/12\/arbeitsschutz-in-der-eventbranchen3.jpg\"><img aria-describedby=\"caption-attachment-10325\" decoding=\"async\" loading=\"lazy\" class=\"wp-image-10325 size-medium\" src=\"https:\/\/www.memo-media.de\/blog\/wp-content\/uploads\/2019\/12\/arbeitsschutz-in-der-eventbranchen3-300x172.jpg\" alt=\"Safety first: Die Koordination muss stimmen. \" width=\"300\" height=\"172\" srcset=\"https:\/\/www.memo-media.de\/blog\/wp-content\/uploads\/2019\/12\/arbeitsschutz-in-der-eventbranchen3-300x172.jpg 300w, https:\/\/www.memo-media.de\/blog\/wp-content\/uploads\/2019\/12\/arbeitsschutz-in-der-eventbranchen3-768x439.jpg 768w, https:\/\/www.memo-media.de\/blog\/wp-content\/uploads\/2019\/12\/arbeitsschutz-in-der-eventbranchen3-335x192.jpg 335w, https:\/\/www.memo-media.de\/blog\/wp-content\/uploads\/2019\/12\/arbeitsschutz-in-der-eventbranchen3.jpg 1000w\" sizes=\"(max-width: 300px) 100vw, 300px\" \/><\/a><p id=\"caption-attachment-10325\" class=\"wp-caption-text\">Safety first: Die Koordination muss stimmen.<\/p><\/div>\n<p>Veranstalter sollten also sicherstellen, dass die Koordination von Anfang an in Expertenhand liegt \u2013 sonst kann es am Ende teuer werden. Denn: Als Auftraggeber tr\u00e4gt der Veranstalter die Verkehrssicherungspflicht sowie die Kontroll- und Aufsichtsverantwortung f\u00fcr sein Event. Und ist haftbar, falls doch mal was passiert. Und eigentlich, erkl\u00e4rt Tobias Wendeler, beginnt der Arbeitsschutz in der Eventbranche sogar schon vor dem Aufbau: n\u00e4mlich bei der Erstellung des ersten Konzepts. Dabei gilt man als Sicherheitsexperte doch sicher als \u201eSpa\u00dfbremse\u201c in der Branche, frage ich ihn. Wendeler lacht \u2013 denn das Gegenteil ist der Fall: \u201eNur, weil etwas nicht gef\u00e4hrlich ist, hei\u00dft es noch lange nicht, dass man es nicht umsetzen kann.\u201c Und das hat er sich gemeinsam mit seinem Team bei<a href=\"https:\/\/www.gb-mediensysteme.de\/unternehmen\/leistungsspektrum.html\" target=\"_blank\" rel=\"noopener noreferrer\"> GAHRENS + BATTERMANN\u00a0<\/a>auf die Fahnen geschrieben: Die Ideen der Kunden umsetzen, aber ohne Gefahren. \u201eMan kann fast alles machen, aber man muss sich im Vorfeld unbedingt Gedanken machen, wie es sicher gehen kann.\u201c Das kann bedeuten, dass ein Auto-Hersteller bei der Fahrzeugpr\u00e4sentation auf dem Eis lieber einen geschulten Rallye-Fahrer ans Steuer setzt und im Vorfeld einen genauen Plan erstellt, wann das Auto wo vorbeif\u00e4hrt. Dass die Mitarbeiter einen Helm aufsetzen \u2013 oder sogar mal eine Pause machen, falls ein Gabelstapler gerade durch die G\u00e4nge rast. Mit einem <a href=\"https:\/\/www.gb-mediensysteme.de\/unternehmen\/leistungsspektrum.html\" target=\"_blank\" rel=\"noopener noreferrer\">Experten <\/a>an der Seite wird also niemandem etwas passieren \u2013 und auch in Sachen Kreativit\u00e4t muss man auf nichts verzichten. Ganz sicher!<\/p>\n<p><a href=\"https:\/\/www.eventbranchenverzeichnis.de\/details\/gahrens-battermann-gmbh-co-kg-25630.html\" target=\"_blank\" rel=\"noopener noreferrer\">Hier <\/a>gibt es den Kontakt.<\/p>\n","protected":false},"excerpt":{"rendered":"<p>Wenn auf der B\u00fchne die Funken aus der Pyrotechnik-Show spr\u00fchen oder Artisten hoch oben durch die L\u00fcfte schwingen, dann ist&#8230;<\/p>\n","protected":false},"author":29,"featured_media":10323,"comment_status":"closed","ping_status":"open","sticky":false,"template":"","format":"standard","meta":[],"categories":[10],"tags":[1855,1857,2059,706,1573,1856],"yoast_head":"<!-- This site is optimized with the Yoast SEO Premium plugin v20.5 (Yoast SEO v20.5) - https:\/\/yoast.com\/wordpress\/plugins\/seo\/ -->\n<title>Arbeitsschutz in der Eventbranche: Viel mehr als \u201enur\u201c eine sichere B\u00fchnenshow<\/title>\n<meta name=\"description\" content=\"Arbeitsschutz in der Eventbranche beginnt lange vor der gro\u00dfen B\u00fchnenshow. N\u00e4mlich schon dann, wenn die ersten Konzepte erstellt werden.\" \/>\n<meta name=\"robots\" content=\"index, follow, max-snippet:-1, max-image-preview:large, max-video-preview:-1\" \/>\n<link rel=\"canonical\" href=\"https:\/\/www.memo-media.de\/blog\/arbeitsschutz-in-der-eventbranche-viel-mehr-als-nur-eine-sichere-buehnenshow\/\" \/>\n<meta property=\"og:locale\" content=\"de_DE\" \/>\n<meta property=\"og:type\" content=\"article\" \/>\n<meta property=\"og:title\" content=\"Arbeitsschutz in der Eventbranche: Viel mehr als \u201enur\u201c eine sichere B\u00fchnenshow\" \/>\n<meta property=\"og:description\" content=\"Arbeitsschutz in der Eventbranche beginnt lange vor der gro\u00dfen B\u00fchnenshow. N\u00e4mlich schon dann, wenn die ersten Konzepte erstellt werden.\" \/>\n<meta property=\"og:url\" content=\"https:\/\/www.memo-media.de\/blog\/arbeitsschutz-in-der-eventbranche-viel-mehr-als-nur-eine-sichere-buehnenshow\/\" \/>\n<meta property=\"og:site_name\" content=\"memo-media Blog f\u00fcr die Eventplanung\" \/>\n<meta property=\"article:published_time\" content=\"2019-12-03T12:00:04+00:00\" \/>\n<meta property=\"article:modified_time\" content=\"2020-04-08T07:02:30+00:00\" \/>\n<meta property=\"og:image\" content=\"https:\/\/www.memo-media.de\/blog\/wp-content\/uploads\/2019\/12\/arbeitsschutz-in-der-eventbranche-1.jpg\" \/>\n\t<meta property=\"og:image:width\" content=\"1050\" \/>\n\t<meta property=\"og:image:height\" content=\"804\" \/>\n\t<meta property=\"og:image:type\" content=\"image\/jpeg\" \/>\n<meta name=\"author\" content=\"Julia Gundelach\" \/>\n<meta name=\"twitter:label1\" content=\"Verfasst von\" \/>\n\t<meta name=\"twitter:data1\" content=\"Julia Gundelach\" \/>\n\t<meta name=\"twitter:label2\" content=\"Gesch\u00e4tzte Lesezeit\" \/>\n\t<meta name=\"twitter:data2\" content=\"3\u00a0Minuten\" \/>\n<script type=\"application\/ld+json\" class=\"yoast-schema-graph\">{\"@context\":\"https:\/\/schema.org\",\"@graph\":[{\"@type\":\"WebPage\",\"@id\":\"https:\/\/www.memo-media.de\/blog\/arbeitsschutz-in-der-eventbranche-viel-mehr-als-nur-eine-sichere-buehnenshow\/\",\"url\":\"https:\/\/www.memo-media.de\/blog\/arbeitsschutz-in-der-eventbranche-viel-mehr-als-nur-eine-sichere-buehnenshow\/\",\"name\":\"Arbeitsschutz in der Eventbranche: Viel mehr als \u201enur\u201c eine sichere B\u00fchnenshow\",\"isPartOf\":{\"@id\":\"https:\/\/www.memo-media.de\/blog\/#website\"},\"datePublished\":\"2019-12-03T12:00:04+00:00\",\"dateModified\":\"2020-04-08T07:02:30+00:00\",\"author\":{\"@id\":\"https:\/\/www.memo-media.de\/blog\/#\/schema\/person\/b01cd365604b7a1226e889d3e8e6f56d\"},\"description\":\"Arbeitsschutz in der Eventbranche beginnt lange vor der gro\u00dfen B\u00fchnenshow. N\u00e4mlich schon dann, wenn die ersten Konzepte erstellt werden.\",\"breadcrumb\":{\"@id\":\"https:\/\/www.memo-media.de\/blog\/arbeitsschutz-in-der-eventbranche-viel-mehr-als-nur-eine-sichere-buehnenshow\/#breadcrumb\"},\"inLanguage\":\"de\",\"potentialAction\":[{\"@type\":\"ReadAction\",\"target\":[\"https:\/\/www.memo-media.de\/blog\/arbeitsschutz-in-der-eventbranche-viel-mehr-als-nur-eine-sichere-buehnenshow\/\"]}]},{\"@type\":\"BreadcrumbList\",\"@id\":\"https:\/\/www.memo-media.de\/blog\/arbeitsschutz-in-der-eventbranche-viel-mehr-als-nur-eine-sichere-buehnenshow\/#breadcrumb\",\"itemListElement\":[{\"@type\":\"ListItem\",\"position\":1,\"name\":\"Home\",\"item\":\"https:\/\/www.memo-media.de\/blog\/\"},{\"@type\":\"ListItem\",\"position\":2,\"name\":\"Arbeitsschutz in der Eventbranche: Viel mehr als \u201enur\u201c eine sichere B\u00fchnenshow\"}]},{\"@type\":\"WebSite\",\"@id\":\"https:\/\/www.memo-media.de\/blog\/#website\",\"url\":\"https:\/\/www.memo-media.de\/blog\/\",\"name\":\"memo-media Blog f\u00fcr die Eventplanung\",\"description\":\"News und Facts aus der Eventbranche f\u00fcr die Eventbranche\",\"potentialAction\":[{\"@type\":\"SearchAction\",\"target\":{\"@type\":\"EntryPoint\",\"urlTemplate\":\"https:\/\/www.memo-media.de\/blog\/?s={search_term_string}\"},\"query-input\":\"required name=search_term_string\"}],\"inLanguage\":\"de\"},{\"@type\":\"Person\",\"@id\":\"https:\/\/www.memo-media.de\/blog\/#\/schema\/person\/b01cd365604b7a1226e889d3e8e6f56d\",\"name\":\"Julia Gundelach\",\"image\":{\"@type\":\"ImageObject\",\"inLanguage\":\"de\",\"@id\":\"https:\/\/www.memo-media.de\/blog\/#\/schema\/person\/image\/\",\"url\":\"https:\/\/www.memo-media.de\/blog\/wp-content\/uploads\/2021\/05\/julia-gundelach-150x150.jpg\",\"contentUrl\":\"https:\/\/www.memo-media.de\/blog\/wp-content\/uploads\/2021\/05\/julia-gundelach-150x150.jpg\",\"caption\":\"Julia Gundelach\"},\"description\":\"Julia Gundelach ist seit 2016 Teil des memo-media-Teams und bloggt am liebsten \u00fcber actionreiche Eventformate, die sie auch selbst mal testen darf. Als freie Redakteurin ist sie spezialisiert auf die Bereiche Marketing, PR und Werbung, aber auch auf neue Themen in der Veranstaltungswirtschaft. Zum Gl\u00fcck, denn eine buntere, vielf\u00e4ltigere und \u00fcberraschendere Welt, als das Event-Business kann sie sich nicht vorstellen!\",\"url\":\"https:\/\/www.memo-media.de\/blog\/author\/anna-steinberg\/\"}]}<\/script>\n<!-- \/ Yoast SEO Premium plugin. -->","yoast_head_json":{"title":"Arbeitsschutz in der Eventbranche: Viel mehr als \u201enur\u201c eine sichere B\u00fchnenshow","description":"Arbeitsschutz in der Eventbranche beginnt lange vor der gro\u00dfen B\u00fchnenshow. N\u00e4mlich schon dann, wenn die ersten Konzepte erstellt werden.","robots":{"index":"index","follow":"follow","max-snippet":"max-snippet:-1","max-image-preview":"max-image-preview:large","max-video-preview":"max-video-preview:-1"},"canonical":"https:\/\/www.memo-media.de\/blog\/arbeitsschutz-in-der-eventbranche-viel-mehr-als-nur-eine-sichere-buehnenshow\/","og_locale":"de_DE","og_type":"article","og_title":"Arbeitsschutz in der Eventbranche: Viel mehr als \u201enur\u201c eine sichere B\u00fchnenshow","og_description":"Arbeitsschutz in der Eventbranche beginnt lange vor der gro\u00dfen B\u00fchnenshow. N\u00e4mlich schon dann, wenn die ersten Konzepte erstellt werden.","og_url":"https:\/\/www.memo-media.de\/blog\/arbeitsschutz-in-der-eventbranche-viel-mehr-als-nur-eine-sichere-buehnenshow\/","og_site_name":"memo-media Blog f\u00fcr die Eventplanung","article_published_time":"2019-12-03T12:00:04+00:00","article_modified_time":"2020-04-08T07:02:30+00:00","og_image":[{"width":1050,"height":804,"url":"https:\/\/www.memo-media.de\/blog\/wp-content\/uploads\/2019\/12\/arbeitsschutz-in-der-eventbranche-1.jpg","type":"image\/jpeg"}],"author":"Julia Gundelach","twitter_misc":{"Verfasst von":"Julia Gundelach","Gesch\u00e4tzte Lesezeit":"3\u00a0Minuten"},"schema":{"@context":"https:\/\/schema.org","@graph":[{"@type":"WebPage","@id":"https:\/\/www.memo-media.de\/blog\/arbeitsschutz-in-der-eventbranche-viel-mehr-als-nur-eine-sichere-buehnenshow\/","url":"https:\/\/www.memo-media.de\/blog\/arbeitsschutz-in-der-eventbranche-viel-mehr-als-nur-eine-sichere-buehnenshow\/","name":"Arbeitsschutz in der Eventbranche: Viel mehr als \u201enur\u201c eine sichere B\u00fchnenshow","isPartOf":{"@id":"https:\/\/www.memo-media.de\/blog\/#website"},"datePublished":"2019-12-03T12:00:04+00:00","dateModified":"2020-04-08T07:02:30+00:00","author":{"@id":"https:\/\/www.memo-media.de\/blog\/#\/schema\/person\/b01cd365604b7a1226e889d3e8e6f56d"},"description":"Arbeitsschutz in der Eventbranche beginnt lange vor der gro\u00dfen B\u00fchnenshow. N\u00e4mlich schon dann, wenn die ersten Konzepte erstellt werden.","breadcrumb":{"@id":"https:\/\/www.memo-media.de\/blog\/arbeitsschutz-in-der-eventbranche-viel-mehr-als-nur-eine-sichere-buehnenshow\/#breadcrumb"},"inLanguage":"de","potentialAction":[{"@type":"ReadAction","target":["https:\/\/www.memo-media.de\/blog\/arbeitsschutz-in-der-eventbranche-viel-mehr-als-nur-eine-sichere-buehnenshow\/"]}]},{"@type":"BreadcrumbList","@id":"https:\/\/www.memo-media.de\/blog\/arbeitsschutz-in-der-eventbranche-viel-mehr-als-nur-eine-sichere-buehnenshow\/#breadcrumb","itemListElement":[{"@type":"ListItem","position":1,"name":"Home","item":"https:\/\/www.memo-media.de\/blog\/"},{"@type":"ListItem","position":2,"name":"Arbeitsschutz in der Eventbranche: Viel mehr als \u201enur\u201c eine sichere B\u00fchnenshow"}]},{"@type":"WebSite","@id":"https:\/\/www.memo-media.de\/blog\/#website","url":"https:\/\/www.memo-media.de\/blog\/","name":"memo-media Blog f\u00fcr die Eventplanung","description":"News und Facts aus der Eventbranche f\u00fcr die Eventbranche","potentialAction":[{"@type":"SearchAction","target":{"@type":"EntryPoint","urlTemplate":"https:\/\/www.memo-media.de\/blog\/?s={search_term_string}"},"query-input":"required name=search_term_string"}],"inLanguage":"de"},{"@type":"Person","@id":"https:\/\/www.memo-media.de\/blog\/#\/schema\/person\/b01cd365604b7a1226e889d3e8e6f56d","name":"Julia Gundelach","image":{"@type":"ImageObject","inLanguage":"de","@id":"https:\/\/www.memo-media.de\/blog\/#\/schema\/person\/image\/","url":"https:\/\/www.memo-media.de\/blog\/wp-content\/uploads\/2021\/05\/julia-gundelach-150x150.jpg","contentUrl":"https:\/\/www.memo-media.de\/blog\/wp-content\/uploads\/2021\/05\/julia-gundelach-150x150.jpg","caption":"Julia Gundelach"},"description":"Julia Gundelach ist seit 2016 Teil des memo-media-Teams und bloggt am liebsten \u00fcber actionreiche Eventformate, die sie auch selbst mal testen darf. Als freie Redakteurin ist sie spezialisiert auf die Bereiche Marketing, PR und Werbung, aber auch auf neue Themen in der Veranstaltungswirtschaft. Zum Gl\u00fcck, denn eine buntere, vielf\u00e4ltigere und \u00fcberraschendere Welt, als das Event-Business kann sie sich nicht vorstellen!","url":"https:\/\/www.memo-media.de\/blog\/author\/anna-steinberg\/"}]}},"_links":{"self":[{"href":"https:\/\/www.memo-media.de\/blog\/wp-json\/wp\/v2\/posts\/10319"}],"collection":[{"href":"https:\/\/www.memo-media.de\/blog\/wp-json\/wp\/v2\/posts"}],"about":[{"href":"https:\/\/www.memo-media.de\/blog\/wp-json\/wp\/v2\/types\/post"}],"author":[{"embeddable":true,"href":"https:\/\/www.memo-media.de\/blog\/wp-json\/wp\/v2\/users\/29"}],"replies":[{"embeddable":true,"href":"https:\/\/www.memo-media.de\/blog\/wp-json\/wp\/v2\/comments?post=10319"}],"version-history":[{"count":7,"href":"https:\/\/www.memo-media.de\/blog\/wp-json\/wp\/v2\/posts\/10319\/revisions"}],"predecessor-version":[{"id":11081,"href":"https:\/\/www.memo-media.de\/blog\/wp-json\/wp\/v2\/posts\/10319\/revisions\/11081"}],"wp:featuredmedia":[{"embeddable":true,"href":"https:\/\/www.memo-media.de\/blog\/wp-json\/wp\/v2\/media\/10323"}],"wp:attachment":[{"href":"https:\/\/www.memo-media.de\/blog\/wp-json\/wp\/v2\/media?parent=10319"}],"wp:term":[{"taxonomy":"category","embeddable":true,"href":"https:\/\/www.memo-media.de\/blog\/wp-json\/wp\/v2\/categories?post=10319"},{"taxonomy":"post_tag","embeddable":true,"href":"https:\/\/www.memo-media.de\/blog\/wp-json\/wp\/v2\/tags?post=10319"}],"curies":[{"name":"wp","href":"https:\/\/api.w.org\/{rel}","templated":true}]}}