{"id":10131,"date":"2019-10-27T12:00:20","date_gmt":"2019-10-27T10:00:20","guid":{"rendered":"https:\/\/www.memo-media.de\/blog\/?p=10131"},"modified":"2024-03-28T10:17:41","modified_gmt":"2024-03-28T08:17:41","slug":"wasserversorgung-fuer-festivals","status":"publish","type":"post","link":"https:\/\/www.memo-media.de\/blog\/wasserversorgung-fuer-festivals\/","title":{"rendered":"Wasser marsch! \u2013 Die Versorgung von Festivals mit dem k\u00fchlen Nass"},"content":{"rendered":"<div id=\"attachment_10142\" style=\"width: 310px\" class=\"wp-caption alignleft\"><a href=\"https:\/\/www.memo-media.de\/blog\/wp-content\/uploads\/2019\/10\/tr_mtd-header-1024x784-custom.jpg\"><img aria-describedby=\"caption-attachment-10142\" decoding=\"async\" loading=\"lazy\" class=\"wp-image-10142 size-medium\" src=\"https:\/\/www.memo-media.de\/blog\/wp-content\/uploads\/2019\/10\/tr_mtd-header-1024x784-custom-300x230.jpg\" alt=\"Bei der Wasserversorgung f\u00fcr Festivals muss einiges beachtet werden.\" width=\"300\" height=\"230\" srcset=\"https:\/\/www.memo-media.de\/blog\/wp-content\/uploads\/2019\/10\/tr_mtd-header-1024x784-custom-300x230.jpg 300w, https:\/\/www.memo-media.de\/blog\/wp-content\/uploads\/2019\/10\/tr_mtd-header-1024x784-custom-768x588.jpg 768w, https:\/\/www.memo-media.de\/blog\/wp-content\/uploads\/2019\/10\/tr_mtd-header-1024x784-custom-335x257.jpg 335w, https:\/\/www.memo-media.de\/blog\/wp-content\/uploads\/2019\/10\/tr_mtd-header-1024x784-custom-203x157.jpg 203w, https:\/\/www.memo-media.de\/blog\/wp-content\/uploads\/2019\/10\/tr_mtd-header-1024x784-custom-72x54.jpg 72w, https:\/\/www.memo-media.de\/blog\/wp-content\/uploads\/2019\/10\/tr_mtd-header-1024x784-custom.jpg 1000w\" sizes=\"(max-width: 300px) 100vw, 300px\" \/><\/a><p id=\"caption-attachment-10142\" class=\"wp-caption-text\">Bei der Wasserversorgung f\u00fcr Festivals muss einiges beachtet werden.<\/p><\/div>\n<p>Wer ein Festival oder ein Konzert organisiert, braucht Erfahrung und Spezialwissen ums Wasser. Denn jedes Event braucht eine Garantie auf sauberes Nass. Schlie\u00dflich kommen dort Zigtausende mit Wasser in Ber\u00fchrung, dann muss das Wasser rein sein und mit dem richtigen Druck aus den H\u00e4hnen flie\u00dfen. Aber nicht an jedem Veranstaltungsort ist eine [memo_kategorie id=2113]Wasserinfrastruktur[\/memo_kategorie] vorhanden, die den gesamten Bedarf deckt \u2013 auch zu Sto\u00dfzeiten, zu denen sehr viel Wasser auf einmal ben\u00f6tigt wird. Druckerh\u00f6hungspumpen sorgen auf Festivals dann f\u00fcr den richtigen Wasserdruck. Reichen die vorhandenen Rohre nicht aus, installieren wir entsprechende Wasserspeicher schon lange vor dem Veranstaltungsbeginn. Rund 2,4 Millionen Liter Wasser haben wir etwa bei \u00bbRock in Rio\u00ab, einem der gr\u00f6\u00dften Festivals der Welt, gespeichert und regelm\u00e4\u00dfig \u00fcberpr\u00fcft. Wir checken die Qualit\u00e4t des Wassers t\u00e4glich. Das ist unsere wichtigste Aufgabe: Egal, ob in K\u00fcchen, Bars, Duschen, Toiletten oder an Trinkwasserh\u00e4hnen \u2013 die Wasserqualit\u00e4t muss einwandfrei sein.<\/p>\n<p>F\u00fcr die [memo_kategorie id=2323]tempor\u00e4re Wasserversorgung[\/memo_kategorie] f\u00fcr Festivals sind unsere Experten rund um die Uhr direkt auf dem Gel\u00e4nde im Einsatz und jederzeit f\u00fcr die Veranstalter da. Damit die Qualit\u00e4t sichergestellt ist, werden Schl\u00e4uche und Leitungen desinfiziert. Das Einhalten der im jeweiligen Land herrschenden Gesetze und die regelm\u00e4\u00dfige Kontrolle der Wassertemperatur geh\u00f6ren ebenso zu unserem Job. Dinge, die ein Veranstalter selbst gar nicht leisten kann, auf die er sich aber zu einhundert Prozent verlassen muss. Und das nicht nur bei Mega-Festivals wie \u00bbRock in Rio\u00ab oder dem belgischen \u00bbGrasspop-Festival\u00ab, sondern auch bei kleineren Veranstaltungen, bei denen eine tempor\u00e4re Wasserversorgung notwendig ist \u2013 bis hin zum einfachen Stra\u00dfenfest.<\/p>\n<div id=\"attachment_10141\" style=\"width: 310px\" class=\"wp-caption alignright\"><a href=\"https:\/\/www.memo-media.de\/blog\/wp-content\/uploads\/2019\/10\/tr_mtd-3-1024x682-custom.jpg\"><img aria-describedby=\"caption-attachment-10141\" decoding=\"async\" loading=\"lazy\" class=\"wp-image-10141 size-medium\" src=\"https:\/\/www.memo-media.de\/blog\/wp-content\/uploads\/2019\/10\/tr_mtd-3-1024x682-custom-300x200.jpg\" alt=\"Nicht nur das Trinkwasser, sonder auch das Abwasser ist wichtig bei der Wasserversorgung f\u00fcr Festivals.\" width=\"300\" height=\"200\" srcset=\"https:\/\/www.memo-media.de\/blog\/wp-content\/uploads\/2019\/10\/tr_mtd-3-1024x682-custom-300x200.jpg 300w, https:\/\/www.memo-media.de\/blog\/wp-content\/uploads\/2019\/10\/tr_mtd-3-1024x682-custom-768x511.jpg 768w, https:\/\/www.memo-media.de\/blog\/wp-content\/uploads\/2019\/10\/tr_mtd-3-1024x682-custom-335x223.jpg 335w, https:\/\/www.memo-media.de\/blog\/wp-content\/uploads\/2019\/10\/tr_mtd-3-1024x682-custom.jpg 1000w\" sizes=\"(max-width: 300px) 100vw, 300px\" \/><\/a><p id=\"caption-attachment-10141\" class=\"wp-caption-text\">Nicht nur das Trinkwasser, sonder auch das Abwasser ist wichtig bei der Wasserversorgung f\u00fcr Festivals.<\/p><\/div>\n<p>Und wer sich nach drei Tagen Festival zu Hause unter die Dusche stellt, der wei\u00df: Mindestens genauso wichtig wie die Versorgung mit Trinkwasser ist auch die sachgerechte [memo_kategorie id=2327]Entsorgung von Abwasser[\/memo_kategorie]. Auch daf\u00fcr gibt es verschiedene L\u00f6sungen. Gebrauchtes Wasser wird \u2013 wenn keine Infrastrukturen vorhanden sind \u2013 in speziellen Tanks und S\u00e4cken gespeichert und dann \u00fcber Partnerfirmen entsorgt. Das Abwasser kann aber auch so aufbereitet werden, dass es direkt in die Natur zur\u00fcckgef\u00fchrt werden kann. Wer denkt, Wasser sei nur eine Frage f\u00fcr den Sommer, der irrt. Wir versorgen auch Gro\u00dfevents im Winter bei Minus 35 Grad.<\/p>\n<p>Seit mehr als 25 Jahren versorgt [memo_eintrag kundennummer=149820]MTD[\/memo_eintrag] Projekte auf der ganzen Welt mit Wasser und bereitet Abwasser auf. Daf\u00fcr hat das Unternehmen erfahrene und engagierte Mitarbeiter, hochwertige Produkte und modernste Technologien. Sie sorgen f\u00fcr mobile [memo_kategorie id=2322]Infrastrukturen f\u00fcr Trinkwasser und Abwasser[\/memo_kategorie], vorwiegend in den Kernbranchen Events, Messen &amp; Ausstellungen und Industrie. Wenn es um Trinkwasser geht, ist Sicherheit das oberste Gebot.<\/p>\n<p>\u00dcbrigens! Das richtige Unterhaltungsprogramm macht jede Veranstaltung unvergesslich. Wenn du auf der Suche nach einer Idee f\u00fcr deine n\u00e4chste Feier bist, schau doch mal bei <a href=\"http:\/\/www.goforartists.com\">www.goforartists.com<\/a> vorbei. Ein Angebot f\u00fcr die kinderleichte K\u00fcnstlerbuchung vom Team von memo-media.<\/p>\n","protected":false},"excerpt":{"rendered":"<p>Wer ein Festival oder ein Konzert organisiert, braucht Erfahrung und Spezialwissen ums Wasser. Denn jedes Event braucht eine Garantie auf&#8230;<\/p>\n","protected":false},"author":2,"featured_media":10140,"comment_status":"closed","ping_status":"open","sticky":false,"template":"","format":"standard","meta":[],"categories":[42,7,10],"tags":[1400,2131,121,1846,961,1847],"yoast_head":"<!-- This site is optimized with the Yoast SEO Premium plugin v20.5 (Yoast SEO v20.5) - https:\/\/yoast.com\/wordpress\/plugins\/seo\/ -->\n<title>Wasserversorgung f\u00fcr Festivals - Darum ist das so wichtig<\/title>\n<meta name=\"description\" content=\"Als eines der gr\u00f6\u00dften Unternehmen f\u00fcr tempor\u00e4re Wasserversorgung kennt sich MTD nat\u00fcrlich auch mit Wasserversorgung f\u00fcr Festivals aus.\" \/>\n<meta name=\"robots\" content=\"index, follow, max-snippet:-1, max-image-preview:large, max-video-preview:-1\" \/>\n<link rel=\"canonical\" href=\"https:\/\/www.memo-media.de\/blog\/wasserversorgung-fuer-festivals\/\" \/>\n<meta property=\"og:locale\" content=\"de_DE\" \/>\n<meta property=\"og:type\" content=\"article\" \/>\n<meta property=\"og:title\" content=\"Wasser marsch! \u2013 Die Versorgung von Festivals mit dem k\u00fchlen Nass\" \/>\n<meta property=\"og:description\" content=\"Als eines der gr\u00f6\u00dften Unternehmen f\u00fcr tempor\u00e4re Wasserversorgung kennt sich MTD nat\u00fcrlich auch mit Wasserversorgung f\u00fcr Festivals aus.\" \/>\n<meta property=\"og:url\" content=\"https:\/\/www.memo-media.de\/blog\/wasserversorgung-fuer-festivals\/\" \/>\n<meta property=\"og:site_name\" content=\"memo-media Blog f\u00fcr die Eventplanung\" \/>\n<meta property=\"article:author\" content=\"https:\/\/www.facebook.com\/memomedia\" \/>\n<meta property=\"article:published_time\" content=\"2019-10-27T10:00:20+00:00\" \/>\n<meta property=\"article:modified_time\" content=\"2024-03-28T08:17:41+00:00\" \/>\n<meta property=\"og:image\" content=\"https:\/\/www.memo-media.de\/blog\/wp-content\/uploads\/2019\/10\/tr_mtd-2-1024x682-custom.jpg\" \/>\n\t<meta property=\"og:image:width\" content=\"1050\" \/>\n\t<meta property=\"og:image:height\" content=\"699\" \/>\n\t<meta property=\"og:image:type\" content=\"image\/jpeg\" \/>\n<meta name=\"author\" content=\"Kerstin Meisner\" \/>\n<meta name=\"twitter:label1\" content=\"Verfasst von\" \/>\n\t<meta name=\"twitter:data1\" content=\"Kerstin Meisner\" \/>\n\t<meta name=\"twitter:label2\" content=\"Gesch\u00e4tzte Lesezeit\" \/>\n\t<meta name=\"twitter:data2\" content=\"4\u00a0Minuten\" \/>\n<script type=\"application\/ld+json\" class=\"yoast-schema-graph\">{\"@context\":\"https:\/\/schema.org\",\"@graph\":[{\"@type\":\"WebPage\",\"@id\":\"https:\/\/www.memo-media.de\/blog\/wasserversorgung-fuer-festivals\/\",\"url\":\"https:\/\/www.memo-media.de\/blog\/wasserversorgung-fuer-festivals\/\",\"name\":\"Wasserversorgung f\u00fcr Festivals - Darum ist das so wichtig\",\"isPartOf\":{\"@id\":\"https:\/\/www.memo-media.de\/blog\/#website\"},\"datePublished\":\"2019-10-27T10:00:20+00:00\",\"dateModified\":\"2024-03-28T08:17:41+00:00\",\"author\":{\"@id\":\"https:\/\/www.memo-media.de\/blog\/#\/schema\/person\/4a9ebc406469558526f2f3e5dd7a7ab0\"},\"description\":\"Als eines der gr\u00f6\u00dften Unternehmen f\u00fcr tempor\u00e4re Wasserversorgung kennt sich MTD nat\u00fcrlich auch mit Wasserversorgung f\u00fcr Festivals aus.\",\"breadcrumb\":{\"@id\":\"https:\/\/www.memo-media.de\/blog\/wasserversorgung-fuer-festivals\/#breadcrumb\"},\"inLanguage\":\"de\",\"potentialAction\":[{\"@type\":\"ReadAction\",\"target\":[\"https:\/\/www.memo-media.de\/blog\/wasserversorgung-fuer-festivals\/\"]}]},{\"@type\":\"BreadcrumbList\",\"@id\":\"https:\/\/www.memo-media.de\/blog\/wasserversorgung-fuer-festivals\/#breadcrumb\",\"itemListElement\":[{\"@type\":\"ListItem\",\"position\":1,\"name\":\"Home\",\"item\":\"https:\/\/www.memo-media.de\/blog\/\"},{\"@type\":\"ListItem\",\"position\":2,\"name\":\"Wasser marsch! \u2013 Die Versorgung von Festivals mit dem k\u00fchlen Nass\"}]},{\"@type\":\"WebSite\",\"@id\":\"https:\/\/www.memo-media.de\/blog\/#website\",\"url\":\"https:\/\/www.memo-media.de\/blog\/\",\"name\":\"memo-media Blog f\u00fcr die Eventplanung\",\"description\":\"News und Facts aus der Eventbranche f\u00fcr die Eventbranche\",\"potentialAction\":[{\"@type\":\"SearchAction\",\"target\":{\"@type\":\"EntryPoint\",\"urlTemplate\":\"https:\/\/www.memo-media.de\/blog\/?s={search_term_string}\"},\"query-input\":\"required name=search_term_string\"}],\"inLanguage\":\"de\"},{\"@type\":\"Person\",\"@id\":\"https:\/\/www.memo-media.de\/blog\/#\/schema\/person\/4a9ebc406469558526f2f3e5dd7a7ab0\",\"name\":\"Kerstin Meisner\",\"image\":{\"@type\":\"ImageObject\",\"inLanguage\":\"de\",\"@id\":\"https:\/\/www.memo-media.de\/blog\/#\/schema\/person\/image\/\",\"url\":\"https:\/\/www.memo-media.de\/blog\/wp-content\/uploads\/2022\/10\/kerstin-meisner_2022_03-mittel-150x150.jpg\",\"contentUrl\":\"https:\/\/www.memo-media.de\/blog\/wp-content\/uploads\/2022\/10\/kerstin-meisner_2022_03-mittel-150x150.jpg\",\"caption\":\"Kerstin Meisner\"},\"description\":\"Kerstin Meisner hat memo-media im Dezember 2000 gegr\u00fcndet. Die Website www.memo-media.de ist im Juni 2001 online gegangen und das erste Handbuch memo-media erschien im Herbst 2001. Seit 2007 wird das Magazin showcases von ihr als Herausgeberin herausgebracht, 2016 folgten die Eventmoods. Kerstin Meisner ist auch Chefredakteurin des memo-media Blogs f\u00fcr die Eventplanung und des monatlichen Eventbranchenbriefs, dem memoLetter.\",\"sameAs\":[\"https:\/\/www.memo-media.de\",\"https:\/\/www.facebook.com\/memomedia\"],\"url\":\"https:\/\/www.memo-media.de\/blog\/author\/kerstin-meisner\/\"}]}<\/script>\n<!-- \/ Yoast SEO Premium plugin. -->","yoast_head_json":{"title":"Wasserversorgung f\u00fcr Festivals - Darum ist das so wichtig","description":"Als eines der gr\u00f6\u00dften Unternehmen f\u00fcr tempor\u00e4re Wasserversorgung kennt sich MTD nat\u00fcrlich auch mit Wasserversorgung f\u00fcr Festivals aus.","robots":{"index":"index","follow":"follow","max-snippet":"max-snippet:-1","max-image-preview":"max-image-preview:large","max-video-preview":"max-video-preview:-1"},"canonical":"https:\/\/www.memo-media.de\/blog\/wasserversorgung-fuer-festivals\/","og_locale":"de_DE","og_type":"article","og_title":"Wasser marsch! \u2013 Die Versorgung von Festivals mit dem k\u00fchlen Nass","og_description":"Als eines der gr\u00f6\u00dften Unternehmen f\u00fcr tempor\u00e4re Wasserversorgung kennt sich MTD nat\u00fcrlich auch mit Wasserversorgung f\u00fcr Festivals aus.","og_url":"https:\/\/www.memo-media.de\/blog\/wasserversorgung-fuer-festivals\/","og_site_name":"memo-media Blog f\u00fcr die Eventplanung","article_author":"https:\/\/www.facebook.com\/memomedia","article_published_time":"2019-10-27T10:00:20+00:00","article_modified_time":"2024-03-28T08:17:41+00:00","og_image":[{"width":1050,"height":699,"url":"https:\/\/www.memo-media.de\/blog\/wp-content\/uploads\/2019\/10\/tr_mtd-2-1024x682-custom.jpg","type":"image\/jpeg"}],"author":"Kerstin Meisner","twitter_misc":{"Verfasst von":"Kerstin Meisner","Gesch\u00e4tzte Lesezeit":"4\u00a0Minuten"},"schema":{"@context":"https:\/\/schema.org","@graph":[{"@type":"WebPage","@id":"https:\/\/www.memo-media.de\/blog\/wasserversorgung-fuer-festivals\/","url":"https:\/\/www.memo-media.de\/blog\/wasserversorgung-fuer-festivals\/","name":"Wasserversorgung f\u00fcr Festivals - Darum ist das so wichtig","isPartOf":{"@id":"https:\/\/www.memo-media.de\/blog\/#website"},"datePublished":"2019-10-27T10:00:20+00:00","dateModified":"2024-03-28T08:17:41+00:00","author":{"@id":"https:\/\/www.memo-media.de\/blog\/#\/schema\/person\/4a9ebc406469558526f2f3e5dd7a7ab0"},"description":"Als eines der gr\u00f6\u00dften Unternehmen f\u00fcr tempor\u00e4re Wasserversorgung kennt sich MTD nat\u00fcrlich auch mit Wasserversorgung f\u00fcr Festivals aus.","breadcrumb":{"@id":"https:\/\/www.memo-media.de\/blog\/wasserversorgung-fuer-festivals\/#breadcrumb"},"inLanguage":"de","potentialAction":[{"@type":"ReadAction","target":["https:\/\/www.memo-media.de\/blog\/wasserversorgung-fuer-festivals\/"]}]},{"@type":"BreadcrumbList","@id":"https:\/\/www.memo-media.de\/blog\/wasserversorgung-fuer-festivals\/#breadcrumb","itemListElement":[{"@type":"ListItem","position":1,"name":"Home","item":"https:\/\/www.memo-media.de\/blog\/"},{"@type":"ListItem","position":2,"name":"Wasser marsch! \u2013 Die Versorgung von Festivals mit dem k\u00fchlen Nass"}]},{"@type":"WebSite","@id":"https:\/\/www.memo-media.de\/blog\/#website","url":"https:\/\/www.memo-media.de\/blog\/","name":"memo-media Blog f\u00fcr die Eventplanung","description":"News und Facts aus der Eventbranche f\u00fcr die Eventbranche","potentialAction":[{"@type":"SearchAction","target":{"@type":"EntryPoint","urlTemplate":"https:\/\/www.memo-media.de\/blog\/?s={search_term_string}"},"query-input":"required name=search_term_string"}],"inLanguage":"de"},{"@type":"Person","@id":"https:\/\/www.memo-media.de\/blog\/#\/schema\/person\/4a9ebc406469558526f2f3e5dd7a7ab0","name":"Kerstin Meisner","image":{"@type":"ImageObject","inLanguage":"de","@id":"https:\/\/www.memo-media.de\/blog\/#\/schema\/person\/image\/","url":"https:\/\/www.memo-media.de\/blog\/wp-content\/uploads\/2022\/10\/kerstin-meisner_2022_03-mittel-150x150.jpg","contentUrl":"https:\/\/www.memo-media.de\/blog\/wp-content\/uploads\/2022\/10\/kerstin-meisner_2022_03-mittel-150x150.jpg","caption":"Kerstin Meisner"},"description":"Kerstin Meisner hat memo-media im Dezember 2000 gegr\u00fcndet. Die Website www.memo-media.de ist im Juni 2001 online gegangen und das erste Handbuch memo-media erschien im Herbst 2001. Seit 2007 wird das Magazin showcases von ihr als Herausgeberin herausgebracht, 2016 folgten die Eventmoods. Kerstin Meisner ist auch Chefredakteurin des memo-media Blogs f\u00fcr die Eventplanung und des monatlichen Eventbranchenbriefs, dem memoLetter.","sameAs":["https:\/\/www.memo-media.de","https:\/\/www.facebook.com\/memomedia"],"url":"https:\/\/www.memo-media.de\/blog\/author\/kerstin-meisner\/"}]}},"_links":{"self":[{"href":"https:\/\/www.memo-media.de\/blog\/wp-json\/wp\/v2\/posts\/10131"}],"collection":[{"href":"https:\/\/www.memo-media.de\/blog\/wp-json\/wp\/v2\/posts"}],"about":[{"href":"https:\/\/www.memo-media.de\/blog\/wp-json\/wp\/v2\/types\/post"}],"author":[{"embeddable":true,"href":"https:\/\/www.memo-media.de\/blog\/wp-json\/wp\/v2\/users\/2"}],"replies":[{"embeddable":true,"href":"https:\/\/www.memo-media.de\/blog\/wp-json\/wp\/v2\/comments?post=10131"}],"version-history":[{"count":6,"href":"https:\/\/www.memo-media.de\/blog\/wp-json\/wp\/v2\/posts\/10131\/revisions"}],"predecessor-version":[{"id":17213,"href":"https:\/\/www.memo-media.de\/blog\/wp-json\/wp\/v2\/posts\/10131\/revisions\/17213"}],"wp:featuredmedia":[{"embeddable":true,"href":"https:\/\/www.memo-media.de\/blog\/wp-json\/wp\/v2\/media\/10140"}],"wp:attachment":[{"href":"https:\/\/www.memo-media.de\/blog\/wp-json\/wp\/v2\/media?parent=10131"}],"wp:term":[{"taxonomy":"category","embeddable":true,"href":"https:\/\/www.memo-media.de\/blog\/wp-json\/wp\/v2\/categories?post=10131"},{"taxonomy":"post_tag","embeddable":true,"href":"https:\/\/www.memo-media.de\/blog\/wp-json\/wp\/v2\/tags?post=10131"}],"curies":[{"name":"wp","href":"https:\/\/api.w.org\/{rel}","templated":true}]}}