{"id":1013,"date":"2014-11-18T13:18:19","date_gmt":"2014-11-18T11:18:19","guid":{"rendered":"http:\/\/www.memo-media.de\/blog\/?p=1013"},"modified":"2020-04-09T09:46:30","modified_gmt":"2020-04-09T07:46:30","slug":"eventex-awards-die-eventbranche-schaut-nach-sofia","status":"publish","type":"post","link":"https:\/\/www.memo-media.de\/blog\/eventex-awards-die-eventbranche-schaut-nach-sofia\/","title":{"rendered":"Eventex Awards: Die Eventbranche schaut nach Sofia"},"content":{"rendered":"<p>Die <a title=\"www.eventex.co\" href=\"https:\/\/eventex.co\/\" target=\"_blank\" rel=\"noopener noreferrer\">Eventex Awards<\/a>, die am 25. Februar 2015 im Rahmen des Eventex Congress in Sofia vergeben werden, haben das hehre Ziel, zu einer der wichtigsten internationalen Awardverleihungen der Eventbranche zu werden. Was 2009 als Meet and Greet der bulgarischen Veranstaltungsszene begann, hat sich im Laufe der Jahre zu einem zweit\u00e4gigen Kongress samt Awardshow mit Teilnehmern aus ganz Europa entwickelt. Seit letztem Jahr stehen nun auch Beitr\u00e4ge aus den USA und Asien zur Wahl.<\/p>\n<p>Wir haben uns mit Event Director Iva Nedelcheva unterhalten und mit ihr \u00fcber die rasante Entwicklung der Veranstaltung, die Akzeptanz der internationalen Eventszene und die Vorz\u00fcge Bulgariens f\u00fcr die Eventbranche gesprochen.<\/p>\n<div id=\"attachment_1016\" style=\"width: 310px\" class=\"wp-caption alignright\"><a href=\"https:\/\/www.memo-media.de\/blog\/wp-content\/uploads\/2014\/11\/eventex2.jpg\"><img aria-describedby=\"caption-attachment-1016\" decoding=\"async\" loading=\"lazy\" class=\"size-medium wp-image-1016\" src=\"https:\/\/www.memo-media.de\/blog\/wp-content\/uploads\/2014\/11\/eventex2-300x229.jpg\" alt=\"Die Agentur, die den Eventex Kongress seit 2009 ausrichtet.\" width=\"300\" height=\"229\" srcset=\"https:\/\/www.memo-media.de\/blog\/wp-content\/uploads\/2014\/11\/eventex2-300x229.jpg 300w, https:\/\/www.memo-media.de\/blog\/wp-content\/uploads\/2014\/11\/eventex2-1024x784.jpg 1024w, https:\/\/www.memo-media.de\/blog\/wp-content\/uploads\/2014\/11\/eventex2-335x256.jpg 335w, https:\/\/www.memo-media.de\/blog\/wp-content\/uploads\/2014\/11\/eventex2-72x54.jpg 72w, https:\/\/www.memo-media.de\/blog\/wp-content\/uploads\/2014\/11\/eventex2-1050x804.jpg 1050w, https:\/\/www.memo-media.de\/blog\/wp-content\/uploads\/2014\/11\/eventex2.jpg 1500w\" sizes=\"(max-width: 300px) 100vw, 300px\" \/><\/a><p id=\"caption-attachment-1016\" class=\"wp-caption-text\">Die Agentur, die den Eventex Kongress seit 2009 ausrichtet.<\/p><\/div>\n<h4>Der Eventex Kongress geht bereits in die siebte Auflage. Die Eventex Awards werden aber erst zum f\u00fcnften Mal verliehen. Wie kam es dazu?<\/h4>\n<p>Eventex ist eine Marke, die seit ihrer Entstehung stark gewachsen ist. Gegr\u00fcndet wurde sie 2009 als \u201cEvent f\u00fcr alle Events\u201d und richtete sich ausschlie\u00dflich an die bulgarische Eventbranche. Dann wurde f\u00fcr zwei Jahre daraus ein Seminar mit bulgarischen Rednern f\u00fcr bulgarische Veranstalter. Als das Interesse gr\u00f6\u00dfer wurde, verwandelte sich Eventex in eine Konferenz mit internationalen Rednern und dann weiter in einen gro\u00dfen internationalen Kongress f\u00fcr Eventprofis aus Bulgarien und ganz Europa. Wir arbeiten hart daran, diesen Weg weiterzugehen, um die Marke Eventex weltweit bekannt zu machen.<\/p>\n<h4>Was k\u00f6nnen wir von den Eventex Awards 2014 erwarten?<\/h4>\n<p>Bei den Eventex Awards 2014 wollen wir im Rahmen einer herausragenden Feierlichkeit die bedeutendsten Erfolge der Event-Branche weltweit in diesem Jahr feiern. In zehn Kategorien ehren wir die gr\u00f6\u00dften Events und durch drei weitere Kategorien unterst\u00fctzen wir die Eventtechnologie. Die Eventex Awards 2014 sind die Quelle der Inspiration und Ausdruck der unersch\u00f6pflichen Kreativit\u00e4t, die die Eventprofis im Laufe des Jahres in ihre Arbeit stecken. Die Gala, bei der wir die Gewinner bekannt geben, wird ein ganz besonders faszinierendes Ereignis.<\/p>\n<h4><a href=\"https:\/\/www.memo-media.de\/blog\/wp-content\/uploads\/2014\/11\/eventex1.jpg\"><img decoding=\"async\" loading=\"lazy\" class=\"size-medium wp-image-1017 alignleft\" src=\"https:\/\/www.memo-media.de\/blog\/wp-content\/uploads\/2014\/11\/eventex1-300x229.jpg\" alt=\"eventex\" width=\"300\" height=\"229\" srcset=\"https:\/\/www.memo-media.de\/blog\/wp-content\/uploads\/2014\/11\/eventex1-300x229.jpg 300w, https:\/\/www.memo-media.de\/blog\/wp-content\/uploads\/2014\/11\/eventex1-1024x784.jpg 1024w, https:\/\/www.memo-media.de\/blog\/wp-content\/uploads\/2014\/11\/eventex1-335x256.jpg 335w, https:\/\/www.memo-media.de\/blog\/wp-content\/uploads\/2014\/11\/eventex1-72x54.jpg 72w, https:\/\/www.memo-media.de\/blog\/wp-content\/uploads\/2014\/11\/eventex1-1050x804.jpg 1050w, https:\/\/www.memo-media.de\/blog\/wp-content\/uploads\/2014\/11\/eventex1.jpg 1500w\" sizes=\"(max-width: 300px) 100vw, 300px\" \/><\/a>Was wird bei den Eventex Awards 2014 anders sein als 2013?<\/h4>\n<p>Wir haben eine gr\u00f6\u00dfere Jury und ein paar neue Kategorien wie zum Beispiel den Preis f\u00fcr den Best Cause Event, das Best Event Technology Start Up oder den Best Musical Event. F\u00fcr die neuen Kategorien sind bereits Bewerbungen eingegangen, wir denken also, dass die Neuerungen bei unserem Publikum gut ankommen sind.<\/p>\n<h4>Haben Sie bereits interessante Einsendungen bekommen?<\/h4>\n<p>Bei uns ist es Tradition, die Einsendungen nicht vor dem 1. Dezember zu sichten. Es ist f\u00fcr uns wie ein Weihnachtsgeschenk: Das ganze Team kommt zusammen, um sich die Beitr\u00e4ge anzuschauen und dann in einer internen, geheimen Abstimmung unseren pers\u00f6nlichen Favoriten f\u00fcr jede Kategorie zu ermitteln. Wenn dann die Jury bereit ist und die \u00f6ffentliche Wahl startet, stellen wir die Einsendungen vor. Unsere Top-Favoriten stellen wir auch auf <a title=\"Eventex auf Twitter\" href=\"mailto:twitter@eventex.co\" target=\"_blank\" rel=\"noopener noreferrer\">twitter@eventex.co<\/a> vor. Also halten Sie sich nach der ersten Dezemberwoche bereit.<\/p>\n<h4>Wo sehen Sie die Gemeinsamkeiten und Unterschiede zwischen den Eventex Awards und den European Best Event Awards (EuBEA), die vor einigen Wochen in Sevilla stattfanden?<\/h4>\n<p>EuBEA ist ein gro\u00dfartiges Event und wir sind immer sehr interessiert an deren Preisverleihung. Aber unser Ansatz unterscheidet sich in vielen Aspekten. EuBEA richtet sich ausschlie\u00dflich an die europ\u00e4ische Eventbranche, w\u00e4hrend wir f\u00fcr Beitr\u00e4ge aus der ganzen Welt offen sind. Die Jury der Eventex Awards hat nicht so sehr den Unternehmensfokus wie bei der EuBEA, wir sprechen Eventprofis aus allen Bereichen an. Und die Eventex Awards 2014 besch\u00e4ftigen sich besonders mit Startups &#8211; vor allem aus dem Technologiesektor.<\/p>\n<h4>Welche gro\u00dfen Trends sehen Sie derzeit in der Eventbranche?<\/h4>\n<p>Eventtechnologie ist momentan der gr\u00f6\u00dfte Trend. Deshalb haben wir uns dazu entschlossen, diesem Thema den ersten Konferenztag zu widmen. So viele neue Applikationen und Softwarel\u00f6sungen k\u00f6nnen die Arbeit der Eventprofis k\u00fcnftig vereinfachen. Es ist \u00e4u\u00dferst wichtig, an diesem Trend dranzubleiben. Das ist auch der Grund, warum wir unsere Preiskategorien aufteilen und k\u00fcnftig drei zus\u00e4tzliche Technologie-Awards verleihen.<\/p>\n<h4><a href=\"https:\/\/www.memo-media.de\/blog\/wp-content\/uploads\/2014\/11\/eventex4.jpg\"><img decoding=\"async\" loading=\"lazy\" class=\"size-medium wp-image-1018 alignright\" src=\"https:\/\/www.memo-media.de\/blog\/wp-content\/uploads\/2014\/11\/eventex4-300x229.jpg\" alt=\"eventex\" width=\"300\" height=\"229\" srcset=\"https:\/\/www.memo-media.de\/blog\/wp-content\/uploads\/2014\/11\/eventex4-300x229.jpg 300w, https:\/\/www.memo-media.de\/blog\/wp-content\/uploads\/2014\/11\/eventex4-1024x784.jpg 1024w, https:\/\/www.memo-media.de\/blog\/wp-content\/uploads\/2014\/11\/eventex4-335x256.jpg 335w, https:\/\/www.memo-media.de\/blog\/wp-content\/uploads\/2014\/11\/eventex4-72x54.jpg 72w, https:\/\/www.memo-media.de\/blog\/wp-content\/uploads\/2014\/11\/eventex4-1050x804.jpg 1050w, https:\/\/www.memo-media.de\/blog\/wp-content\/uploads\/2014\/11\/eventex4.jpg 1500w\" sizes=\"(max-width: 300px) 100vw, 300px\" \/><\/a>Wie nimmt die internationale Eventbranche die Eventex Awards an? Sind Sie zufrieden mit der Aufmerksamkeit und der Anzahl der Bewerbungen, die Sie bekommen?<\/h4>\n<p>Die Eventex Awards sind seit dem vergangenen Jahr international. Wir haben immer noch viel Arbeit vor uns, die Marke zu etablieren, freuen uns aber riesig, dass wir immer mehr internationale Partner haben und eine Menge Unterst\u00fctzung beim Ausbau unserer weltweiten Anerkennung. Wir haben jetzt schon Einsendungen aus 15 europ\u00e4ischen L\u00e4ndern, einige aus den USA und eine aus Saudi-Arabien. Wir sind also ziemlich zufrieden mit unserer Arbeit.<\/p>\n<h4>Warum ist Bulgarien und vor allem Sofia Ihrer Meinung nach besonders gut daf\u00fcr geeignet, einen solchen Event auszurichten?<\/h4>\n<p>Bulgarien ist ein sehr sch\u00f6nes Land, aber leider wirtschaftlich gesehen kein besonders beliebter Standort. Die Voraussetzungen sind aber bestens geeignet, dieses Paradigma zu \u00e4ndern. Wir haben viel Brainpower und dabei sehr g\u00fcnstige Lebenshaltungskosten und niedrige Steuern. Das ist wahrscheinlich auch der Grund, warum wir unter den Top-10 der besten Outsourcing-L\u00e4nder Europas sind. Unser Internet ist eines der besten und schnellsten in Europa mit der h\u00f6chsten Dichte an kostenlosen Hotspots. Insbesondere Sofia hat viele tolle Kongresszentren, Hotels und Orte, an denen man Spa\u00df haben oder die faszinierende Geschichte Europas erkunden kann.<\/p>\n<h4>Vielen Dank f\u00fcr das Interview.<\/h4>\n<p>Alle weiteren Informationen zum Eventex Award 2014 und dem Eventex Congress 2015 finden Sie auf <a title=\"www.eventex.co\" href=\"https:\/\/eventex.co\/\" target=\"_blank\" rel=\"noopener noreferrer\">www.eventex.co<\/a> oder auf der <a title=\"Eventex auf Facebook\" href=\"https:\/\/www.facebook.com\/eventex\" target=\"_blank\" rel=\"noopener noreferrer\">Facebookseite von Eventex<\/a>.<\/p>\n","protected":false},"excerpt":{"rendered":"<p>Die Eventex Awards, die am 25. Februar 2015 im Rahmen des Eventex Congress in Sofia vergeben werden, haben das hehre&#8230;<\/p>\n","protected":false},"author":2,"featured_media":1015,"comment_status":"closed","ping_status":"closed","sticky":false,"template":"","format":"standard","meta":[],"categories":[42,4],"tags":[201,202,200,203],"yoast_head":"<!-- This site is optimized with the Yoast SEO Premium plugin v20.5 (Yoast SEO v20.5) - https:\/\/yoast.com\/wordpress\/plugins\/seo\/ -->\n<title>Eventex Awards: Die Eventbranche schaut nach Sofia<\/title>\n<meta name=\"description\" content=\"Der Eventex Award ist ein seit 2014 internationaler Eventaward, der in Sofia, Bulgarien, verliehen wird. Dazu ein Interview mit der ausrichtenden Agentur.\" \/>\n<meta name=\"robots\" content=\"index, follow, max-snippet:-1, max-image-preview:large, max-video-preview:-1\" \/>\n<link rel=\"canonical\" href=\"https:\/\/www.memo-media.de\/blog\/eventex-awards-die-eventbranche-schaut-nach-sofia\/\" \/>\n<meta property=\"og:locale\" content=\"de_DE\" \/>\n<meta property=\"og:type\" content=\"article\" \/>\n<meta property=\"og:title\" content=\"Eventex Awards: Die Eventbranche schaut nach Sofia\" \/>\n<meta property=\"og:description\" content=\"Der Eventex Award ist ein seit 2014 internationaler Eventaward, der in Sofia, Bulgarien, verliehen wird. Dazu ein Interview mit der ausrichtenden Agentur.\" \/>\n<meta property=\"og:url\" content=\"https:\/\/www.memo-media.de\/blog\/eventex-awards-die-eventbranche-schaut-nach-sofia\/\" \/>\n<meta property=\"og:site_name\" content=\"memo-media Blog f\u00fcr die Eventplanung\" \/>\n<meta property=\"article:author\" content=\"https:\/\/www.facebook.com\/memomedia\" \/>\n<meta property=\"article:published_time\" content=\"2014-11-18T11:18:19+00:00\" \/>\n<meta property=\"article:modified_time\" content=\"2020-04-09T07:46:30+00:00\" \/>\n<meta property=\"og:image\" content=\"https:\/\/www.memo-media.de\/blog\/wp-content\/uploads\/2014\/11\/eventex_header1heller.jpg\" \/>\n\t<meta property=\"og:image:width\" content=\"1500\" \/>\n\t<meta property=\"og:image:height\" content=\"1149\" \/>\n\t<meta property=\"og:image:type\" content=\"image\/jpeg\" \/>\n<meta name=\"author\" content=\"Kerstin Meisner\" \/>\n<meta name=\"twitter:label1\" content=\"Verfasst von\" \/>\n\t<meta name=\"twitter:data1\" content=\"Kerstin Meisner\" \/>\n\t<meta name=\"twitter:label2\" content=\"Gesch\u00e4tzte Lesezeit\" \/>\n\t<meta name=\"twitter:data2\" content=\"4\u00a0Minuten\" \/>\n<script type=\"application\/ld+json\" class=\"yoast-schema-graph\">{\"@context\":\"https:\/\/schema.org\",\"@graph\":[{\"@type\":\"WebPage\",\"@id\":\"https:\/\/www.memo-media.de\/blog\/eventex-awards-die-eventbranche-schaut-nach-sofia\/\",\"url\":\"https:\/\/www.memo-media.de\/blog\/eventex-awards-die-eventbranche-schaut-nach-sofia\/\",\"name\":\"Eventex Awards: Die Eventbranche schaut nach Sofia\",\"isPartOf\":{\"@id\":\"https:\/\/www.memo-media.de\/blog\/#website\"},\"datePublished\":\"2014-11-18T11:18:19+00:00\",\"dateModified\":\"2020-04-09T07:46:30+00:00\",\"author\":{\"@id\":\"https:\/\/www.memo-media.de\/blog\/#\/schema\/person\/4a9ebc406469558526f2f3e5dd7a7ab0\"},\"description\":\"Der Eventex Award ist ein seit 2014 internationaler Eventaward, der in Sofia, Bulgarien, verliehen wird. Dazu ein Interview mit der ausrichtenden Agentur.\",\"breadcrumb\":{\"@id\":\"https:\/\/www.memo-media.de\/blog\/eventex-awards-die-eventbranche-schaut-nach-sofia\/#breadcrumb\"},\"inLanguage\":\"de\",\"potentialAction\":[{\"@type\":\"ReadAction\",\"target\":[\"https:\/\/www.memo-media.de\/blog\/eventex-awards-die-eventbranche-schaut-nach-sofia\/\"]}]},{\"@type\":\"BreadcrumbList\",\"@id\":\"https:\/\/www.memo-media.de\/blog\/eventex-awards-die-eventbranche-schaut-nach-sofia\/#breadcrumb\",\"itemListElement\":[{\"@type\":\"ListItem\",\"position\":1,\"name\":\"Home\",\"item\":\"https:\/\/www.memo-media.de\/blog\/\"},{\"@type\":\"ListItem\",\"position\":2,\"name\":\"Eventex Awards: Die Eventbranche schaut nach Sofia\"}]},{\"@type\":\"WebSite\",\"@id\":\"https:\/\/www.memo-media.de\/blog\/#website\",\"url\":\"https:\/\/www.memo-media.de\/blog\/\",\"name\":\"memo-media Blog f\u00fcr die Eventplanung\",\"description\":\"News und Facts aus der Eventbranche f\u00fcr die Eventbranche\",\"potentialAction\":[{\"@type\":\"SearchAction\",\"target\":{\"@type\":\"EntryPoint\",\"urlTemplate\":\"https:\/\/www.memo-media.de\/blog\/?s={search_term_string}\"},\"query-input\":\"required name=search_term_string\"}],\"inLanguage\":\"de\"},{\"@type\":\"Person\",\"@id\":\"https:\/\/www.memo-media.de\/blog\/#\/schema\/person\/4a9ebc406469558526f2f3e5dd7a7ab0\",\"name\":\"Kerstin Meisner\",\"image\":{\"@type\":\"ImageObject\",\"inLanguage\":\"de\",\"@id\":\"https:\/\/www.memo-media.de\/blog\/#\/schema\/person\/image\/\",\"url\":\"https:\/\/www.memo-media.de\/blog\/wp-content\/uploads\/2022\/10\/kerstin-meisner_2022_03-mittel-150x150.jpg\",\"contentUrl\":\"https:\/\/www.memo-media.de\/blog\/wp-content\/uploads\/2022\/10\/kerstin-meisner_2022_03-mittel-150x150.jpg\",\"caption\":\"Kerstin Meisner\"},\"description\":\"Kerstin Meisner hat memo-media im Dezember 2000 gegr\u00fcndet. Die Website www.memo-media.de ist im Juni 2001 online gegangen und das erste Handbuch memo-media erschien im Herbst 2001. Seit 2007 wird das Magazin showcases von ihr als Herausgeberin herausgebracht, 2016 folgten die Eventmoods. Kerstin Meisner ist auch Chefredakteurin des memo-media Blogs f\u00fcr die Eventplanung und des monatlichen Eventbranchenbriefs, dem memoLetter.\",\"sameAs\":[\"https:\/\/www.memo-media.de\",\"https:\/\/www.facebook.com\/memomedia\"],\"url\":\"https:\/\/www.memo-media.de\/blog\/author\/kerstin-meisner\/\"}]}<\/script>\n<!-- \/ Yoast SEO Premium plugin. -->","yoast_head_json":{"title":"Eventex Awards: Die Eventbranche schaut nach Sofia","description":"Der Eventex Award ist ein seit 2014 internationaler Eventaward, der in Sofia, Bulgarien, verliehen wird. Dazu ein Interview mit der ausrichtenden Agentur.","robots":{"index":"index","follow":"follow","max-snippet":"max-snippet:-1","max-image-preview":"max-image-preview:large","max-video-preview":"max-video-preview:-1"},"canonical":"https:\/\/www.memo-media.de\/blog\/eventex-awards-die-eventbranche-schaut-nach-sofia\/","og_locale":"de_DE","og_type":"article","og_title":"Eventex Awards: Die Eventbranche schaut nach Sofia","og_description":"Der Eventex Award ist ein seit 2014 internationaler Eventaward, der in Sofia, Bulgarien, verliehen wird. Dazu ein Interview mit der ausrichtenden Agentur.","og_url":"https:\/\/www.memo-media.de\/blog\/eventex-awards-die-eventbranche-schaut-nach-sofia\/","og_site_name":"memo-media Blog f\u00fcr die Eventplanung","article_author":"https:\/\/www.facebook.com\/memomedia","article_published_time":"2014-11-18T11:18:19+00:00","article_modified_time":"2020-04-09T07:46:30+00:00","og_image":[{"width":1500,"height":1149,"url":"https:\/\/www.memo-media.de\/blog\/wp-content\/uploads\/2014\/11\/eventex_header1heller.jpg","type":"image\/jpeg"}],"author":"Kerstin Meisner","twitter_misc":{"Verfasst von":"Kerstin Meisner","Gesch\u00e4tzte Lesezeit":"4\u00a0Minuten"},"schema":{"@context":"https:\/\/schema.org","@graph":[{"@type":"WebPage","@id":"https:\/\/www.memo-media.de\/blog\/eventex-awards-die-eventbranche-schaut-nach-sofia\/","url":"https:\/\/www.memo-media.de\/blog\/eventex-awards-die-eventbranche-schaut-nach-sofia\/","name":"Eventex Awards: Die Eventbranche schaut nach Sofia","isPartOf":{"@id":"https:\/\/www.memo-media.de\/blog\/#website"},"datePublished":"2014-11-18T11:18:19+00:00","dateModified":"2020-04-09T07:46:30+00:00","author":{"@id":"https:\/\/www.memo-media.de\/blog\/#\/schema\/person\/4a9ebc406469558526f2f3e5dd7a7ab0"},"description":"Der Eventex Award ist ein seit 2014 internationaler Eventaward, der in Sofia, Bulgarien, verliehen wird. Dazu ein Interview mit der ausrichtenden Agentur.","breadcrumb":{"@id":"https:\/\/www.memo-media.de\/blog\/eventex-awards-die-eventbranche-schaut-nach-sofia\/#breadcrumb"},"inLanguage":"de","potentialAction":[{"@type":"ReadAction","target":["https:\/\/www.memo-media.de\/blog\/eventex-awards-die-eventbranche-schaut-nach-sofia\/"]}]},{"@type":"BreadcrumbList","@id":"https:\/\/www.memo-media.de\/blog\/eventex-awards-die-eventbranche-schaut-nach-sofia\/#breadcrumb","itemListElement":[{"@type":"ListItem","position":1,"name":"Home","item":"https:\/\/www.memo-media.de\/blog\/"},{"@type":"ListItem","position":2,"name":"Eventex Awards: Die Eventbranche schaut nach Sofia"}]},{"@type":"WebSite","@id":"https:\/\/www.memo-media.de\/blog\/#website","url":"https:\/\/www.memo-media.de\/blog\/","name":"memo-media Blog f\u00fcr die Eventplanung","description":"News und Facts aus der Eventbranche f\u00fcr die Eventbranche","potentialAction":[{"@type":"SearchAction","target":{"@type":"EntryPoint","urlTemplate":"https:\/\/www.memo-media.de\/blog\/?s={search_term_string}"},"query-input":"required name=search_term_string"}],"inLanguage":"de"},{"@type":"Person","@id":"https:\/\/www.memo-media.de\/blog\/#\/schema\/person\/4a9ebc406469558526f2f3e5dd7a7ab0","name":"Kerstin Meisner","image":{"@type":"ImageObject","inLanguage":"de","@id":"https:\/\/www.memo-media.de\/blog\/#\/schema\/person\/image\/","url":"https:\/\/www.memo-media.de\/blog\/wp-content\/uploads\/2022\/10\/kerstin-meisner_2022_03-mittel-150x150.jpg","contentUrl":"https:\/\/www.memo-media.de\/blog\/wp-content\/uploads\/2022\/10\/kerstin-meisner_2022_03-mittel-150x150.jpg","caption":"Kerstin Meisner"},"description":"Kerstin Meisner hat memo-media im Dezember 2000 gegr\u00fcndet. Die Website www.memo-media.de ist im Juni 2001 online gegangen und das erste Handbuch memo-media erschien im Herbst 2001. Seit 2007 wird das Magazin showcases von ihr als Herausgeberin herausgebracht, 2016 folgten die Eventmoods. Kerstin Meisner ist auch Chefredakteurin des memo-media Blogs f\u00fcr die Eventplanung und des monatlichen Eventbranchenbriefs, dem memoLetter.","sameAs":["https:\/\/www.memo-media.de","https:\/\/www.facebook.com\/memomedia"],"url":"https:\/\/www.memo-media.de\/blog\/author\/kerstin-meisner\/"}]}},"_links":{"self":[{"href":"https:\/\/www.memo-media.de\/blog\/wp-json\/wp\/v2\/posts\/1013"}],"collection":[{"href":"https:\/\/www.memo-media.de\/blog\/wp-json\/wp\/v2\/posts"}],"about":[{"href":"https:\/\/www.memo-media.de\/blog\/wp-json\/wp\/v2\/types\/post"}],"author":[{"embeddable":true,"href":"https:\/\/www.memo-media.de\/blog\/wp-json\/wp\/v2\/users\/2"}],"replies":[{"embeddable":true,"href":"https:\/\/www.memo-media.de\/blog\/wp-json\/wp\/v2\/comments?post=1013"}],"version-history":[{"count":7,"href":"https:\/\/www.memo-media.de\/blog\/wp-json\/wp\/v2\/posts\/1013\/revisions"}],"predecessor-version":[{"id":11159,"href":"https:\/\/www.memo-media.de\/blog\/wp-json\/wp\/v2\/posts\/1013\/revisions\/11159"}],"wp:featuredmedia":[{"embeddable":true,"href":"https:\/\/www.memo-media.de\/blog\/wp-json\/wp\/v2\/media\/1015"}],"wp:attachment":[{"href":"https:\/\/www.memo-media.de\/blog\/wp-json\/wp\/v2\/media?parent=1013"}],"wp:term":[{"taxonomy":"category","embeddable":true,"href":"https:\/\/www.memo-media.de\/blog\/wp-json\/wp\/v2\/categories?post=1013"},{"taxonomy":"post_tag","embeddable":true,"href":"https:\/\/www.memo-media.de\/blog\/wp-json\/wp\/v2\/tags?post=1013"}],"curies":[{"name":"wp","href":"https:\/\/api.w.org\/{rel}","templated":true}]}}