{"id":10095,"date":"2019-11-08T12:00:49","date_gmt":"2019-11-08T10:00:49","guid":{"rendered":"https:\/\/www.memo-media.de\/blog\/?p=10095"},"modified":"2020-04-09T08:51:56","modified_gmt":"2020-04-09T06:51:56","slug":"nachhaltigkeit-in-der-eventbranche-bb-eventtechnik-auf-dem-weg-zum-green-supplier","status":"publish","type":"post","link":"https:\/\/www.memo-media.de\/blog\/nachhaltigkeit-in-der-eventbranche-bb-eventtechnik-auf-dem-weg-zum-green-supplier\/","title":{"rendered":"Nachhaltigkeit in der Eventbranche: b&#038;b eventtechnik auf dem Weg zum Green Supplier"},"content":{"rendered":"<p>Machen wir einen Test: Als wie nachhaltig w\u00fcrden Sie Ihr t\u00e4gliches Handeln bezeichnen, auf einer Skala von eins bis zehn? Vermutlich denken Sie jetzt mit schlechtem Gewissen an die letzte Flugreise, das l\u00e4ngst verstaubte Monatsticket oder Himbeeren im Plastikbeh\u00e4lter. Die gute Nachricht: Vermutlich tun Sie schon mehr, als Ihnen bewusst ist. Nehmen Sie eine Mehrwegtasche zum Einkaufen mit, trennen den M\u00fcll und trocknen Ihre W\u00e4sche in der Sonne? So \u00e4hnlich ging es Jonathan Huff, der als neuer <a href=\"https:\/\/www.bb-et.de\/unternehmen\/nachhaltigkeit.html\">Nachhaltigkeitsbeauftragter<\/a> bei b&amp;b eventtechnik das Unternehmen auf dem Weg zum Green Supplier begleiten soll. Denn: Was Nachhaltigkeit betrifft, sei bei dem Dienstleister f\u00fcr die Messe- und Veranstaltungsbranche noch \u201enichts\u201c vorhanden, hie\u00df es dort vor gut einem Jahr. Beim n\u00e4heren Hinsehen merkte Jonathan Huff schnell: Die Grundlagen sind da, man muss sie nur \u201eherauskitzeln\u201c \u2013 und im Unternehmen als k\u00fcnftige Philosophie in Sachen Nachhaltigkeit in der Eventbranche verankern.<\/p>\n<h3>Nachhaltigkeit in der Eventbranche nicht nur \u00f6kologisch<\/h3>\n<div id=\"attachment_10101\" style=\"width: 310px\" class=\"wp-caption alignleft\"><a href=\"https:\/\/www.memo-media.de\/blog\/wp-content\/uploads\/2019\/11\/bb4.jpg\"><img aria-describedby=\"caption-attachment-10101\" decoding=\"async\" loading=\"lazy\" class=\"wp-image-10101 size-medium\" src=\"https:\/\/www.memo-media.de\/blog\/wp-content\/uploads\/2019\/11\/bb4-300x198.jpg\" alt=\"Nachhaltigkeitsbeauftragter mit Plan: Jonathan Huff. \" width=\"300\" height=\"198\" srcset=\"https:\/\/www.memo-media.de\/blog\/wp-content\/uploads\/2019\/11\/bb4-300x198.jpg 300w, https:\/\/www.memo-media.de\/blog\/wp-content\/uploads\/2019\/11\/bb4-768x507.jpg 768w, https:\/\/www.memo-media.de\/blog\/wp-content\/uploads\/2019\/11\/bb4-335x221.jpg 335w, https:\/\/www.memo-media.de\/blog\/wp-content\/uploads\/2019\/11\/bb4.jpg 1000w\" sizes=\"(max-width: 300px) 100vw, 300px\" \/><\/a><p id=\"caption-attachment-10101\" class=\"wp-caption-text\">Nachhaltigkeitsbeauftragter mit Plan: Jonathan Huff.<\/p><\/div>\n<p>F\u00fcr unseren Blog wollten wir erfahren, wie das in der Praxis geht &#8211; und haben b&amp;b eventtechnik in Filderstadt besucht. \u201eNachhaltigkeit in der Eventbranche muss man ganzheitlich betrachten, nicht nur \u00f6kologisch\u201c, erkl\u00e4rt Jonathan Huff. \u201eAuch die \u00f6konomische Komponente ist wichtig \u2013 und nat\u00fcrlich die soziale.\u201c Und das f\u00e4ngt schon bei Kleinigkeiten an, sagt der Veranstaltungskaufmann, der neben seiner Stelle als Nachhaltigkeitsbeauftragter auch als Projektleiter t\u00e4tig ist. \u201eSchon ein simples \u201aDanke\u2018 oder \u201aBitte\u2018 kann <a href=\"https:\/\/www.bb-et.de\/unternehmen\/nachhaltigkeit.html\">ein Anfang zur Nachhaltigkeit<\/a> sein\u201c, sagt er. Denn wer seine Mitarbeiter wertsch\u00e4tzt, motiviert sie \u2013 und hat am Ende selbst mehr davon. Oder eine gratis Kiste mit Bio-Obst und -Gem\u00fcse f\u00fcr die Kollegen: Eine kleine Geste, mit der man viel bewirken kann. Ergonomische St\u00fchle f\u00fcr die Mitarbeiter und eine Wand aus Islandmoos, die sich positiv auf die Raumakustik und das Raumklima auswirkt. \u00d6kostrom, Betriebsverpflegung in biologisch abbaubaren Schalen, Fahrgemeinschaften \u2013 in unserem Gespr\u00e4ch wird mir bewusst, wie viele Punkte es gibt, an denen man eigentlich mit wenig Aufwand schon etwas bewirken kann.<\/p>\n<h3>Eint\u00e4giger Workshop f\u00fcr alle Mitarbeiter<\/h3>\n<div id=\"attachment_10099\" style=\"width: 310px\" class=\"wp-caption alignright\"><a href=\"https:\/\/www.memo-media.de\/blog\/wp-content\/uploads\/2019\/11\/bb2.jpg\"><img aria-describedby=\"caption-attachment-10099\" decoding=\"async\" loading=\"lazy\" class=\"wp-image-10099 size-medium\" src=\"https:\/\/www.memo-media.de\/blog\/wp-content\/uploads\/2019\/11\/bb2-300x200.jpg\" alt=\"Einen ganzen Tag lang wurden die b&amp;b-Mitarbeiter geschult. \" width=\"300\" height=\"200\" srcset=\"https:\/\/www.memo-media.de\/blog\/wp-content\/uploads\/2019\/11\/bb2-300x200.jpg 300w, https:\/\/www.memo-media.de\/blog\/wp-content\/uploads\/2019\/11\/bb2-768x511.jpg 768w, https:\/\/www.memo-media.de\/blog\/wp-content\/uploads\/2019\/11\/bb2-335x223.jpg 335w, https:\/\/www.memo-media.de\/blog\/wp-content\/uploads\/2019\/11\/bb2.jpg 1000w\" sizes=\"(max-width: 300px) 100vw, 300px\" \/><\/a><p id=\"caption-attachment-10099\" class=\"wp-caption-text\">Einen ganzen Tag lang wurden die b&amp;b-Mitarbeiter geschult.<\/p><\/div>\n<p>Auch ein <a href=\"https:\/\/www.bb-et.de\/bildung-mit-einem-innovativen-workshop.html\">eint\u00e4giger Workshop<\/a>, in dem s\u00e4mtliche Mitarbeiter \u00fcber Nachhaltigkeit in der Eventbrache geschult wurden, fand bei b&amp;b statt. Zudem unterst\u00fctze das Unternehmen f\u00fcr Messe- und Veranstaltungstechnik die Bildungsoffensive \u201esustainable \u2013 Future \u2013 Education\u201c als Locationpartner und Sponsor um Nachwuchskr\u00e4fte der Veranstaltungswirtschaft zum Thema Nachhaltigkeit zu schulen. Nachhaltigkeit in der Eventbranche ist bei b&amp;b nicht mehr wegzudenken \u2013 das Thema geh\u00f6rt dazu, und zwar f\u00fcr <a href=\"https:\/\/www.bb-et.de\/unternehmen\/team.html\">alle Mitarbeiter<\/a> ganz selbstverst\u00e4ndlich. Und das zeigt sich jetzt schon in der Energiebilanz des Unternehmens: Seit 2017 konnte der Bedarf an Heiz\u00f6l um 40,0 Prozent gesenkt werden! Die Mitgliedschaft in der WIN-Charta, der Wirtschaftsinitiative Nachhaltigkeit Baden-W\u00fcrttemberg und die Zertifizierung zum klimaneutralen Unternehmen seit 2016 sowie die Anschaffung eines Elektrofahrzeuges, zeigen au\u00dferdem, wie ernst man das Thema bei b&amp;b nimmt.<\/p>\n<h3>Wissenstransfer an Lieferanten und Kunden<\/h3>\n<div id=\"attachment_10100\" style=\"width: 310px\" class=\"wp-caption alignleft\"><a href=\"https:\/\/www.memo-media.de\/blog\/wp-content\/uploads\/2019\/11\/bb3.jpg\"><img aria-describedby=\"caption-attachment-10100\" decoding=\"async\" loading=\"lazy\" class=\"wp-image-10100 size-medium\" src=\"https:\/\/www.memo-media.de\/blog\/wp-content\/uploads\/2019\/11\/bb3-300x201.jpg\" alt=\"Am Ende gab es ein Zertifikat. \" width=\"300\" height=\"201\" srcset=\"https:\/\/www.memo-media.de\/blog\/wp-content\/uploads\/2019\/11\/bb3-300x201.jpg 300w, https:\/\/www.memo-media.de\/blog\/wp-content\/uploads\/2019\/11\/bb3-768x515.jpg 768w, https:\/\/www.memo-media.de\/blog\/wp-content\/uploads\/2019\/11\/bb3-335x225.jpg 335w, https:\/\/www.memo-media.de\/blog\/wp-content\/uploads\/2019\/11\/bb3.jpg 1000w\" sizes=\"(max-width: 300px) 100vw, 300px\" \/><\/a><p id=\"caption-attachment-10100\" class=\"wp-caption-text\">Am Ende gab es ein Zertifikat.<\/p><\/div>\n<p>Wichtig ist auch das Thema Wissenstransfer an Lieferanten und Kunden zur Nachhaltigkeit in der Eventbranche. \u201eWir wollen \u00fcberall einen <a href=\"https:\/\/www.bb-et.de\/bildung-mit-einem-innovativen-workshop.html\">bewussteren Umgang mit den Dingen<\/a> schaffen\u201c, sagt der Nachhaltigkeitsbeauftragte, \u201enicht nur innerhalb unserer eigenen vier W\u00e4nde.\u201c In Zukunft plant b&amp;b eventtechnik ein Nachhaltigkeitsnetzwerk f\u00fcr den Gro\u00dfraum Stuttgart aufzubauen um den Austausch untereinander zu f\u00f6rdern.<\/p>\n<p>Eins steht f\u00fcr <a href=\"https:\/\/www.bb-et.de\/unternehmen\/team.html\">Jonathan Huff und seine Kollegen<\/a> fest: Nachhaltigkeit ist ein dynamischer Prozess, der immer weitergeht. Fertig ist man damit nie. \u201eEs ist eine t\u00e4gliche Herausforderung und ein st\u00e4ndiger Lernprozess\u201c, ist er \u00fcberzeugt. Denn niemand muss gleich die Welt retten \u2013 das Wichtigste ist, dass man einfach mal anf\u00e4ngt \u2013 egal, wie viele Punkte man sich auf einer Skala gibt.<\/p>\n<p>Mehr Infos gibt es <a href=\"https:\/\/www.eventbranchenverzeichnis.de\/details\/b-b-eventtechnik-gmbh-32208.html\" target=\"_blank\" rel=\"noopener noreferrer\">hier<\/a>.<\/p>\n","protected":false},"excerpt":{"rendered":"<p>Machen wir einen Test: Als wie nachhaltig w\u00fcrden Sie Ihr t\u00e4gliches Handeln bezeichnen, auf einer Skala von eins bis zehn?&#8230;<\/p>\n","protected":false},"author":29,"featured_media":10102,"comment_status":"closed","ping_status":"open","sticky":false,"template":"","format":"standard","meta":[],"categories":[10],"tags":[2101,67,1837,1238,1835,874,1836],"yoast_head":"<!-- This site is optimized with the Yoast SEO Premium plugin v20.5 (Yoast SEO v20.5) - https:\/\/yoast.com\/wordpress\/plugins\/seo\/ -->\n<title>Nachhaltigkeit in der Eventbranche: b&amp;b eventtechnik auf dem Weg zum Green Supplier<\/title>\n<meta name=\"description\" content=\"b&amp;b eventtechnik macht vor, wie es geht und ist mit gro\u00dfen Schritten unterwegs in Richtung Green Supplier. Das f\u00e4ngt bei Kleinigkeiten an.\" \/>\n<meta name=\"robots\" content=\"index, follow, max-snippet:-1, max-image-preview:large, max-video-preview:-1\" \/>\n<link rel=\"canonical\" href=\"https:\/\/www.memo-media.de\/blog\/nachhaltigkeit-in-der-eventbranche-bb-eventtechnik-auf-dem-weg-zum-green-supplier\/\" \/>\n<meta property=\"og:locale\" content=\"de_DE\" \/>\n<meta property=\"og:type\" content=\"article\" \/>\n<meta property=\"og:title\" content=\"Nachhaltigkeit in der Eventbranche: b&amp;b eventtechnik auf dem Weg zum Green Supplier\" \/>\n<meta property=\"og:description\" content=\"b&amp;b eventtechnik macht vor, wie es geht und ist mit gro\u00dfen Schritten unterwegs in Richtung Green Supplier. Das f\u00e4ngt bei Kleinigkeiten an.\" \/>\n<meta property=\"og:url\" content=\"https:\/\/www.memo-media.de\/blog\/nachhaltigkeit-in-der-eventbranche-bb-eventtechnik-auf-dem-weg-zum-green-supplier\/\" \/>\n<meta property=\"og:site_name\" content=\"memo-media Blog f\u00fcr die Eventplanung\" \/>\n<meta property=\"article:published_time\" content=\"2019-11-08T10:00:49+00:00\" \/>\n<meta property=\"article:modified_time\" content=\"2020-04-09T06:51:56+00:00\" \/>\n<meta property=\"og:image\" content=\"https:\/\/www.memo-media.de\/blog\/wp-content\/uploads\/2019\/11\/bbaufm.jpg\" \/>\n\t<meta property=\"og:image:width\" content=\"1050\" \/>\n\t<meta property=\"og:image:height\" content=\"804\" \/>\n\t<meta property=\"og:image:type\" content=\"image\/jpeg\" \/>\n<meta name=\"author\" content=\"Julia Gundelach\" \/>\n<meta name=\"twitter:label1\" content=\"Verfasst von\" \/>\n\t<meta name=\"twitter:data1\" content=\"Julia Gundelach\" \/>\n\t<meta name=\"twitter:label2\" content=\"Gesch\u00e4tzte Lesezeit\" \/>\n\t<meta name=\"twitter:data2\" content=\"3\u00a0Minuten\" \/>\n<script type=\"application\/ld+json\" class=\"yoast-schema-graph\">{\"@context\":\"https:\/\/schema.org\",\"@graph\":[{\"@type\":\"WebPage\",\"@id\":\"https:\/\/www.memo-media.de\/blog\/nachhaltigkeit-in-der-eventbranche-bb-eventtechnik-auf-dem-weg-zum-green-supplier\/\",\"url\":\"https:\/\/www.memo-media.de\/blog\/nachhaltigkeit-in-der-eventbranche-bb-eventtechnik-auf-dem-weg-zum-green-supplier\/\",\"name\":\"Nachhaltigkeit in der Eventbranche: b&b eventtechnik auf dem Weg zum Green Supplier\",\"isPartOf\":{\"@id\":\"https:\/\/www.memo-media.de\/blog\/#website\"},\"datePublished\":\"2019-11-08T10:00:49+00:00\",\"dateModified\":\"2020-04-09T06:51:56+00:00\",\"author\":{\"@id\":\"https:\/\/www.memo-media.de\/blog\/#\/schema\/person\/b01cd365604b7a1226e889d3e8e6f56d\"},\"description\":\"b&b eventtechnik macht vor, wie es geht und ist mit gro\u00dfen Schritten unterwegs in Richtung Green Supplier. Das f\u00e4ngt bei Kleinigkeiten an.\",\"breadcrumb\":{\"@id\":\"https:\/\/www.memo-media.de\/blog\/nachhaltigkeit-in-der-eventbranche-bb-eventtechnik-auf-dem-weg-zum-green-supplier\/#breadcrumb\"},\"inLanguage\":\"de\",\"potentialAction\":[{\"@type\":\"ReadAction\",\"target\":[\"https:\/\/www.memo-media.de\/blog\/nachhaltigkeit-in-der-eventbranche-bb-eventtechnik-auf-dem-weg-zum-green-supplier\/\"]}]},{\"@type\":\"BreadcrumbList\",\"@id\":\"https:\/\/www.memo-media.de\/blog\/nachhaltigkeit-in-der-eventbranche-bb-eventtechnik-auf-dem-weg-zum-green-supplier\/#breadcrumb\",\"itemListElement\":[{\"@type\":\"ListItem\",\"position\":1,\"name\":\"Home\",\"item\":\"https:\/\/www.memo-media.de\/blog\/\"},{\"@type\":\"ListItem\",\"position\":2,\"name\":\"Nachhaltigkeit in der Eventbranche: b&#038;b eventtechnik auf dem Weg zum Green Supplier\"}]},{\"@type\":\"WebSite\",\"@id\":\"https:\/\/www.memo-media.de\/blog\/#website\",\"url\":\"https:\/\/www.memo-media.de\/blog\/\",\"name\":\"memo-media Blog f\u00fcr die Eventplanung\",\"description\":\"News und Facts aus der Eventbranche f\u00fcr die Eventbranche\",\"potentialAction\":[{\"@type\":\"SearchAction\",\"target\":{\"@type\":\"EntryPoint\",\"urlTemplate\":\"https:\/\/www.memo-media.de\/blog\/?s={search_term_string}\"},\"query-input\":\"required name=search_term_string\"}],\"inLanguage\":\"de\"},{\"@type\":\"Person\",\"@id\":\"https:\/\/www.memo-media.de\/blog\/#\/schema\/person\/b01cd365604b7a1226e889d3e8e6f56d\",\"name\":\"Julia Gundelach\",\"image\":{\"@type\":\"ImageObject\",\"inLanguage\":\"de\",\"@id\":\"https:\/\/www.memo-media.de\/blog\/#\/schema\/person\/image\/\",\"url\":\"https:\/\/www.memo-media.de\/blog\/wp-content\/uploads\/2021\/05\/julia-gundelach-150x150.jpg\",\"contentUrl\":\"https:\/\/www.memo-media.de\/blog\/wp-content\/uploads\/2021\/05\/julia-gundelach-150x150.jpg\",\"caption\":\"Julia Gundelach\"},\"description\":\"Julia Gundelach ist seit 2016 Teil des memo-media-Teams und bloggt am liebsten \u00fcber actionreiche Eventformate, die sie auch selbst mal testen darf. Als freie Redakteurin ist sie spezialisiert auf die Bereiche Marketing, PR und Werbung, aber auch auf neue Themen in der Veranstaltungswirtschaft. Zum Gl\u00fcck, denn eine buntere, vielf\u00e4ltigere und \u00fcberraschendere Welt, als das Event-Business kann sie sich nicht vorstellen!\",\"url\":\"https:\/\/www.memo-media.de\/blog\/author\/anna-steinberg\/\"}]}<\/script>\n<!-- \/ Yoast SEO Premium plugin. -->","yoast_head_json":{"title":"Nachhaltigkeit in der Eventbranche: b&b eventtechnik auf dem Weg zum Green Supplier","description":"b&b eventtechnik macht vor, wie es geht und ist mit gro\u00dfen Schritten unterwegs in Richtung Green Supplier. Das f\u00e4ngt bei Kleinigkeiten an.","robots":{"index":"index","follow":"follow","max-snippet":"max-snippet:-1","max-image-preview":"max-image-preview:large","max-video-preview":"max-video-preview:-1"},"canonical":"https:\/\/www.memo-media.de\/blog\/nachhaltigkeit-in-der-eventbranche-bb-eventtechnik-auf-dem-weg-zum-green-supplier\/","og_locale":"de_DE","og_type":"article","og_title":"Nachhaltigkeit in der Eventbranche: b&b eventtechnik auf dem Weg zum Green Supplier","og_description":"b&b eventtechnik macht vor, wie es geht und ist mit gro\u00dfen Schritten unterwegs in Richtung Green Supplier. Das f\u00e4ngt bei Kleinigkeiten an.","og_url":"https:\/\/www.memo-media.de\/blog\/nachhaltigkeit-in-der-eventbranche-bb-eventtechnik-auf-dem-weg-zum-green-supplier\/","og_site_name":"memo-media Blog f\u00fcr die Eventplanung","article_published_time":"2019-11-08T10:00:49+00:00","article_modified_time":"2020-04-09T06:51:56+00:00","og_image":[{"width":1050,"height":804,"url":"https:\/\/www.memo-media.de\/blog\/wp-content\/uploads\/2019\/11\/bbaufm.jpg","type":"image\/jpeg"}],"author":"Julia Gundelach","twitter_misc":{"Verfasst von":"Julia Gundelach","Gesch\u00e4tzte Lesezeit":"3\u00a0Minuten"},"schema":{"@context":"https:\/\/schema.org","@graph":[{"@type":"WebPage","@id":"https:\/\/www.memo-media.de\/blog\/nachhaltigkeit-in-der-eventbranche-bb-eventtechnik-auf-dem-weg-zum-green-supplier\/","url":"https:\/\/www.memo-media.de\/blog\/nachhaltigkeit-in-der-eventbranche-bb-eventtechnik-auf-dem-weg-zum-green-supplier\/","name":"Nachhaltigkeit in der Eventbranche: b&b eventtechnik auf dem Weg zum Green Supplier","isPartOf":{"@id":"https:\/\/www.memo-media.de\/blog\/#website"},"datePublished":"2019-11-08T10:00:49+00:00","dateModified":"2020-04-09T06:51:56+00:00","author":{"@id":"https:\/\/www.memo-media.de\/blog\/#\/schema\/person\/b01cd365604b7a1226e889d3e8e6f56d"},"description":"b&b eventtechnik macht vor, wie es geht und ist mit gro\u00dfen Schritten unterwegs in Richtung Green Supplier. Das f\u00e4ngt bei Kleinigkeiten an.","breadcrumb":{"@id":"https:\/\/www.memo-media.de\/blog\/nachhaltigkeit-in-der-eventbranche-bb-eventtechnik-auf-dem-weg-zum-green-supplier\/#breadcrumb"},"inLanguage":"de","potentialAction":[{"@type":"ReadAction","target":["https:\/\/www.memo-media.de\/blog\/nachhaltigkeit-in-der-eventbranche-bb-eventtechnik-auf-dem-weg-zum-green-supplier\/"]}]},{"@type":"BreadcrumbList","@id":"https:\/\/www.memo-media.de\/blog\/nachhaltigkeit-in-der-eventbranche-bb-eventtechnik-auf-dem-weg-zum-green-supplier\/#breadcrumb","itemListElement":[{"@type":"ListItem","position":1,"name":"Home","item":"https:\/\/www.memo-media.de\/blog\/"},{"@type":"ListItem","position":2,"name":"Nachhaltigkeit in der Eventbranche: b&#038;b eventtechnik auf dem Weg zum Green Supplier"}]},{"@type":"WebSite","@id":"https:\/\/www.memo-media.de\/blog\/#website","url":"https:\/\/www.memo-media.de\/blog\/","name":"memo-media Blog f\u00fcr die Eventplanung","description":"News und Facts aus der Eventbranche f\u00fcr die Eventbranche","potentialAction":[{"@type":"SearchAction","target":{"@type":"EntryPoint","urlTemplate":"https:\/\/www.memo-media.de\/blog\/?s={search_term_string}"},"query-input":"required name=search_term_string"}],"inLanguage":"de"},{"@type":"Person","@id":"https:\/\/www.memo-media.de\/blog\/#\/schema\/person\/b01cd365604b7a1226e889d3e8e6f56d","name":"Julia Gundelach","image":{"@type":"ImageObject","inLanguage":"de","@id":"https:\/\/www.memo-media.de\/blog\/#\/schema\/person\/image\/","url":"https:\/\/www.memo-media.de\/blog\/wp-content\/uploads\/2021\/05\/julia-gundelach-150x150.jpg","contentUrl":"https:\/\/www.memo-media.de\/blog\/wp-content\/uploads\/2021\/05\/julia-gundelach-150x150.jpg","caption":"Julia Gundelach"},"description":"Julia Gundelach ist seit 2016 Teil des memo-media-Teams und bloggt am liebsten \u00fcber actionreiche Eventformate, die sie auch selbst mal testen darf. Als freie Redakteurin ist sie spezialisiert auf die Bereiche Marketing, PR und Werbung, aber auch auf neue Themen in der Veranstaltungswirtschaft. Zum Gl\u00fcck, denn eine buntere, vielf\u00e4ltigere und \u00fcberraschendere Welt, als das Event-Business kann sie sich nicht vorstellen!","url":"https:\/\/www.memo-media.de\/blog\/author\/anna-steinberg\/"}]}},"_links":{"self":[{"href":"https:\/\/www.memo-media.de\/blog\/wp-json\/wp\/v2\/posts\/10095"}],"collection":[{"href":"https:\/\/www.memo-media.de\/blog\/wp-json\/wp\/v2\/posts"}],"about":[{"href":"https:\/\/www.memo-media.de\/blog\/wp-json\/wp\/v2\/types\/post"}],"author":[{"embeddable":true,"href":"https:\/\/www.memo-media.de\/blog\/wp-json\/wp\/v2\/users\/29"}],"replies":[{"embeddable":true,"href":"https:\/\/www.memo-media.de\/blog\/wp-json\/wp\/v2\/comments?post=10095"}],"version-history":[{"count":9,"href":"https:\/\/www.memo-media.de\/blog\/wp-json\/wp\/v2\/posts\/10095\/revisions"}],"predecessor-version":[{"id":10285,"href":"https:\/\/www.memo-media.de\/blog\/wp-json\/wp\/v2\/posts\/10095\/revisions\/10285"}],"wp:featuredmedia":[{"embeddable":true,"href":"https:\/\/www.memo-media.de\/blog\/wp-json\/wp\/v2\/media\/10102"}],"wp:attachment":[{"href":"https:\/\/www.memo-media.de\/blog\/wp-json\/wp\/v2\/media?parent=10095"}],"wp:term":[{"taxonomy":"category","embeddable":true,"href":"https:\/\/www.memo-media.de\/blog\/wp-json\/wp\/v2\/categories?post=10095"},{"taxonomy":"post_tag","embeddable":true,"href":"https:\/\/www.memo-media.de\/blog\/wp-json\/wp\/v2\/tags?post=10095"}],"curies":[{"name":"wp","href":"https:\/\/api.w.org\/{rel}","templated":true}]}}