{"id":10059,"date":"2019-08-04T12:00:46","date_gmt":"2019-08-04T10:00:46","guid":{"rendered":"https:\/\/www.memo-media.de\/blog\/?p=10059"},"modified":"2020-04-27T09:50:45","modified_gmt":"2020-04-27T07:50:45","slug":"gauklerfest-2019-koblenz","status":"publish","type":"post","link":"https:\/\/www.memo-media.de\/blog\/gauklerfest-2019-koblenz\/","title":{"rendered":"Die Festung lebt und bebt! &#8211; Das 28. Gauklerfest 2019 in Koblenz"},"content":{"rendered":"<p>Bereits zum 28. Mal fand in diesem Jahr das Gauklerfest in Koblenz statt. Fr\u00fcher noch weit verteilt in den Koblenzer Einkaufsg\u00e4sschen, findet das Festival nun allj\u00e4hrlich auf der imposanten Festung Ehrenbreitstein als [memo_eintrag kundennummer=133584]GAUKLERFESTung[\/memo_eintrag] hoch \u00fcber dem Deutschen Eck statt. Hier flie\u00dfen nicht nur Rhein und Mosel zusammen, sondern auch in unz\u00e4hligen Veranstaltungen Kunst und Kultur.<\/p>\n<div id=\"attachment_10061\" style=\"width: 310px\" class=\"wp-caption alignleft\"><a href=\"https:\/\/www.memo-media.de\/blog\/wp-content\/uploads\/2019\/10\/dsc_6322-custom.jpg\"><img aria-describedby=\"caption-attachment-10061\" decoding=\"async\" loading=\"lazy\" class=\"wp-image-10061 size-medium\" src=\"https:\/\/www.memo-media.de\/blog\/wp-content\/uploads\/2019\/10\/dsc_6322-custom-300x200.jpg\" alt=\"Otto il Bassotto belegte beim Gauklerfest 2019 den ersten Platz.\" width=\"300\" height=\"200\" srcset=\"https:\/\/www.memo-media.de\/blog\/wp-content\/uploads\/2019\/10\/dsc_6322-custom-300x200.jpg 300w, https:\/\/www.memo-media.de\/blog\/wp-content\/uploads\/2019\/10\/dsc_6322-custom-768x511.jpg 768w, https:\/\/www.memo-media.de\/blog\/wp-content\/uploads\/2019\/10\/dsc_6322-custom-335x223.jpg 335w, https:\/\/www.memo-media.de\/blog\/wp-content\/uploads\/2019\/10\/dsc_6322-custom.jpg 1000w\" sizes=\"(max-width: 300px) 100vw, 300px\" \/><\/a><p id=\"caption-attachment-10061\" class=\"wp-caption-text\">Otto il Bassotto belegte beim Gauklerfest 2019 den ersten Platz.<\/p><\/div>\n<p>All das ist der Vision und dem Engagement von Berti Hahn geschuldet, der mit seinem Caf\u00e9 Hahn l\u00e4ngst Kultstatus in Koblenz erreicht hat. Er und sein Team k\u00fcmmern sich jedes Jahr darum, ein buntes und abwechslungsreiches Programm f\u00fcr die Gauklerfestung auf die Beine zu stellen. In diesem Jahr bestritten 150 K\u00fcnstler aller m\u00f6glichen Genres das Programm. Darunter auch viele internationale K\u00fcnstler. Die mit der weitesten Anreise kamen aus Argentinien.<\/p>\n<p>Die etwa 18.000 Besucher an diesem Wochenende bekamen nicht nur ein traumhaftes Panorama, sondern auch hochklassige Shows geboten. An neun Spielorten, die sich \u00fcber die gesamte Festungsanlage verteilt haben, gab es von [memo_kategorie id=1416]Comedy[\/memo_kategorie] \u00fcber Artistik bis hin zu lustigen Walk-Acts viel zu sehen. Namhafte Gr\u00f6\u00dfen wie Ausbilder Schmidt oder Roberto Capitoni brachten die Besucher ebenso zum Lachen wie die Akteure des noch recht jungen Genres des Poetry Slam.<\/p>\n<div id=\"attachment_10063\" style=\"width: 310px\" class=\"wp-caption alignright\"><a href=\"https:\/\/www.memo-media.de\/blog\/wp-content\/uploads\/2019\/10\/dsc_6597_bearb-custom.jpg\"><img aria-describedby=\"caption-attachment-10063\" decoding=\"async\" loading=\"lazy\" class=\"wp-image-10063 size-medium\" src=\"https:\/\/www.memo-media.de\/blog\/wp-content\/uploads\/2019\/10\/dsc_6597_bearb-custom-300x200.jpg\" alt=\"Am Pole konnte die junge Sophia Drgala \u00fcberzeugen und gewann den dritten Platz.\" width=\"300\" height=\"200\" srcset=\"https:\/\/www.memo-media.de\/blog\/wp-content\/uploads\/2019\/10\/dsc_6597_bearb-custom-300x200.jpg 300w, https:\/\/www.memo-media.de\/blog\/wp-content\/uploads\/2019\/10\/dsc_6597_bearb-custom-768x511.jpg 768w, https:\/\/www.memo-media.de\/blog\/wp-content\/uploads\/2019\/10\/dsc_6597_bearb-custom-335x223.jpg 335w, https:\/\/www.memo-media.de\/blog\/wp-content\/uploads\/2019\/10\/dsc_6597_bearb-custom.jpg 1000w\" sizes=\"(max-width: 300px) 100vw, 300px\" \/><\/a><p id=\"caption-attachment-10063\" class=\"wp-caption-text\">Am Pole konnte die junge Sophia Drgala \u00fcberzeugen und gewann den dritten Platz.<\/p><\/div>\n<p>Eine Jury w\u00e4hlt aus allen Auftritten dann sieben Finalteilnehmer aus, die bei der Abschlussgala nochmal ihr K\u00f6nnen zum Besten gaben. Die Abschlussgala am Sonntagabend wurde von [memo_kategorie id=795]Travestiek\u00fcnstler[\/memo_kategorie] D\u00f6rthe Dutt moderiert. Den ersten Platz belegte Otto il Bassotto, der mit seiner Performance im knatschrosa Ganzk\u00f6rper-Ballon die Festung zum Beben gebracht hat, Platz zwei ging an Niklas Bothe, der die Jury mit seiner [memo_kategorie id=1322]Vertikalseil-Performance[\/memo_kategorie] beeindruckte und der dritte Platz ging an eine junge Artistin, [memo_eintrag kundennummer=510707]Sophia Drgala[\/memo_eintrag], die am [memo_kategorie id=1281]Chinese Pole[\/memo_kategorie] performte. Dar\u00fcber hinaus wurde noch der \u201eArsch mit Ohren\u201c verliehen \u2013 eine Art Wanderpokal, den Jury-Vorsitz Dr. Frank Tiedemann vor 28 Jahren ins Leben gerufen hat. Dieser wurde an J\u00fcrgen B. Hausmann verliehen. Den Sonderpreis f\u00fcr die Walk-Acts gewannen in diesem Jahr Merkel &amp; Vannix, die somit zum n\u00e4chsten Festival auch wieder eingeladen werden.<\/p>\n<div id=\"attachment_10060\" style=\"width: 310px\" class=\"wp-caption alignleft\"><a href=\"https:\/\/www.memo-media.de\/blog\/wp-content\/uploads\/2019\/10\/dsc_6228-custom.jpg\"><img aria-describedby=\"caption-attachment-10060\" decoding=\"async\" loading=\"lazy\" class=\"size-medium wp-image-10060\" src=\"https:\/\/www.memo-media.de\/blog\/wp-content\/uploads\/2019\/10\/dsc_6228-custom-300x199.jpg\" alt=\"Die Jury des Gauklerfests\" width=\"300\" height=\"199\" srcset=\"https:\/\/www.memo-media.de\/blog\/wp-content\/uploads\/2019\/10\/dsc_6228-custom-300x199.jpg 300w, https:\/\/www.memo-media.de\/blog\/wp-content\/uploads\/2019\/10\/dsc_6228-custom-768x511.jpg 768w, https:\/\/www.memo-media.de\/blog\/wp-content\/uploads\/2019\/10\/dsc_6228-custom-1024x681.jpg 1024w, https:\/\/www.memo-media.de\/blog\/wp-content\/uploads\/2019\/10\/dsc_6228-custom-335x223.jpg 335w, https:\/\/www.memo-media.de\/blog\/wp-content\/uploads\/2019\/10\/dsc_6228-custom.jpg 1050w\" sizes=\"(max-width: 300px) 100vw, 300px\" \/><\/a><p id=\"caption-attachment-10060\" class=\"wp-caption-text\">Die Jury des Gauklerfests<\/p><\/div>\n<p>Auch memo-media war in diesem Jahr Teil der Jury und hat einen Sonderpreis verliehen, den sich das Duo Charisma mit ihrer Feuerwer gesichert hat. Die n\u00e4chste GAUKLERFESTung gibt es vom 31. Juli bis zum 2. August 2020.<\/p>\n<p>&nbsp;<\/p>\n<p>&nbsp;<\/p>\n<p>&nbsp;<\/p>\n<p>&nbsp;<\/p>\n<p><a href=\"https:\/\/www.memo-media.de\/blog\/wp-content\/uploads\/2019\/08\/dsc_6542-custom.jpg\"><img decoding=\"async\" loading=\"lazy\" class=\"size-medium wp-image-10090 alignleft\" src=\"https:\/\/www.memo-media.de\/blog\/wp-content\/uploads\/2019\/08\/dsc_6542-custom-200x300.jpg\" alt=\"\" width=\"200\" height=\"300\" srcset=\"https:\/\/www.memo-media.de\/blog\/wp-content\/uploads\/2019\/08\/dsc_6542-custom-200x300.jpg 200w, https:\/\/www.memo-media.de\/blog\/wp-content\/uploads\/2019\/08\/dsc_6542-custom-335x504.jpg 335w, https:\/\/www.memo-media.de\/blog\/wp-content\/uploads\/2019\/08\/dsc_6542-custom.jpg 665w\" sizes=\"(max-width: 200px) 100vw, 200px\" \/><\/a><a href=\"https:\/\/www.memo-media.de\/blog\/wp-content\/uploads\/2019\/08\/dsc_6484-custom.jpg\"><img decoding=\"async\" loading=\"lazy\" class=\"size-medium wp-image-10089 alignleft\" src=\"https:\/\/www.memo-media.de\/blog\/wp-content\/uploads\/2019\/08\/dsc_6484-custom-200x300.jpg\" alt=\"\" width=\"200\" height=\"300\" srcset=\"https:\/\/www.memo-media.de\/blog\/wp-content\/uploads\/2019\/08\/dsc_6484-custom-200x300.jpg 200w, https:\/\/www.memo-media.de\/blog\/wp-content\/uploads\/2019\/08\/dsc_6484-custom-335x504.jpg 335w, https:\/\/www.memo-media.de\/blog\/wp-content\/uploads\/2019\/08\/dsc_6484-custom.jpg 665w\" sizes=\"(max-width: 200px) 100vw, 200px\" \/><\/a><a href=\"https:\/\/www.memo-media.de\/blog\/wp-content\/uploads\/2019\/08\/dsc_6423-custom.jpg\"><img decoding=\"async\" loading=\"lazy\" class=\"size-medium wp-image-10088 alignleft\" src=\"https:\/\/www.memo-media.de\/blog\/wp-content\/uploads\/2019\/08\/dsc_6423-custom-200x300.jpg\" alt=\"\" width=\"200\" height=\"300\" srcset=\"https:\/\/www.memo-media.de\/blog\/wp-content\/uploads\/2019\/08\/dsc_6423-custom-200x300.jpg 200w, https:\/\/www.memo-media.de\/blog\/wp-content\/uploads\/2019\/08\/dsc_6423-custom-335x504.jpg 335w, https:\/\/www.memo-media.de\/blog\/wp-content\/uploads\/2019\/08\/dsc_6423-custom.jpg 665w\" sizes=\"(max-width: 200px) 100vw, 200px\" \/><\/a><a href=\"https:\/\/www.memo-media.de\/blog\/wp-content\/uploads\/2019\/08\/dsc_6617-custom.jpg\"><img decoding=\"async\" loading=\"lazy\" class=\"size-medium wp-image-10091 alignleft\" src=\"https:\/\/www.memo-media.de\/blog\/wp-content\/uploads\/2019\/08\/dsc_6617-custom-200x300.jpg\" alt=\"\" width=\"200\" height=\"300\" srcset=\"https:\/\/www.memo-media.de\/blog\/wp-content\/uploads\/2019\/08\/dsc_6617-custom-200x300.jpg 200w, https:\/\/www.memo-media.de\/blog\/wp-content\/uploads\/2019\/08\/dsc_6617-custom-335x504.jpg 335w, https:\/\/www.memo-media.de\/blog\/wp-content\/uploads\/2019\/08\/dsc_6617-custom.jpg 665w\" sizes=\"(max-width: 200px) 100vw, 200px\" \/><\/a><\/p>\n<p>&nbsp;<\/p>\n<p>&nbsp;<\/p>\n<p>&nbsp;<\/p>\n<p>&nbsp;<\/p>\n<p>&nbsp;<\/p>\n<p>&nbsp;<\/p>\n<p>&nbsp;<\/p>\n<p><a href=\"https:\/\/www.memo-media.de\/blog\/wp-content\/uploads\/2019\/08\/dsc_6397-custom.jpg\"><img decoding=\"async\" loading=\"lazy\" class=\"size-medium wp-image-10087 alignleft\" src=\"https:\/\/www.memo-media.de\/blog\/wp-content\/uploads\/2019\/08\/dsc_6397-custom-300x200.jpg\" alt=\"\" width=\"300\" height=\"200\" srcset=\"https:\/\/www.memo-media.de\/blog\/wp-content\/uploads\/2019\/08\/dsc_6397-custom-300x200.jpg 300w, https:\/\/www.memo-media.de\/blog\/wp-content\/uploads\/2019\/08\/dsc_6397-custom-768x511.jpg 768w, https:\/\/www.memo-media.de\/blog\/wp-content\/uploads\/2019\/08\/dsc_6397-custom-335x223.jpg 335w, https:\/\/www.memo-media.de\/blog\/wp-content\/uploads\/2019\/08\/dsc_6397-custom.jpg 1000w\" sizes=\"(max-width: 300px) 100vw, 300px\" \/><\/a><a href=\"https:\/\/www.memo-media.de\/blog\/wp-content\/uploads\/2019\/08\/dsc_6242-custom.jpg\"><img decoding=\"async\" loading=\"lazy\" class=\"size-medium wp-image-10086 alignleft\" src=\"https:\/\/www.memo-media.de\/blog\/wp-content\/uploads\/2019\/08\/dsc_6242-custom-300x200.jpg\" alt=\"\" width=\"300\" height=\"200\" srcset=\"https:\/\/www.memo-media.de\/blog\/wp-content\/uploads\/2019\/08\/dsc_6242-custom-300x200.jpg 300w, https:\/\/www.memo-media.de\/blog\/wp-content\/uploads\/2019\/08\/dsc_6242-custom-768x511.jpg 768w, https:\/\/www.memo-media.de\/blog\/wp-content\/uploads\/2019\/08\/dsc_6242-custom-335x223.jpg 335w, https:\/\/www.memo-media.de\/blog\/wp-content\/uploads\/2019\/08\/dsc_6242-custom.jpg 1000w\" sizes=\"(max-width: 300px) 100vw, 300px\" \/><\/a><\/p>\n","protected":false},"excerpt":{"rendered":"<p>Bereits zum 28. Mal fand in diesem Jahr das Gauklerfest in Koblenz statt. Fr\u00fcher noch weit verteilt in den Koblenzer&#8230;<\/p>\n","protected":false},"author":6,"featured_media":10084,"comment_status":"closed","ping_status":"open","sticky":false,"template":"","format":"standard","meta":[],"categories":[12,42,9],"tags":[387,119,1834,209,39,1832,1833,150,245,183,121,2201],"yoast_head":"<!-- This site is optimized with the Yoast SEO Premium plugin v20.5 (Yoast SEO v20.5) - https:\/\/yoast.com\/wordpress\/plugins\/seo\/ -->\n<title>Die Festung lebt und bebt! - Das 28. Gauklerfest 2019 in Koblenz<\/title>\n<meta name=\"description\" content=\"2019 bestritten 150 K\u00fcnstler aller m\u00f6glichen Genres das Programm des Gauklerfestes in der Festung Ehrenbreitstein in Koblenz.\" \/>\n<meta name=\"robots\" content=\"index, follow, max-snippet:-1, max-image-preview:large, max-video-preview:-1\" \/>\n<link rel=\"canonical\" href=\"https:\/\/www.memo-media.de\/blog\/gauklerfest-2019-koblenz\/\" \/>\n<meta property=\"og:locale\" content=\"de_DE\" \/>\n<meta property=\"og:type\" content=\"article\" \/>\n<meta property=\"og:title\" content=\"Die Festung lebt und bebt! - Das 28. Gauklerfest 2019 in Koblenz\" \/>\n<meta property=\"og:description\" content=\"2019 bestritten 150 K\u00fcnstler aller m\u00f6glichen Genres das Programm des Gauklerfestes in der Festung Ehrenbreitstein in Koblenz.\" \/>\n<meta property=\"og:url\" content=\"https:\/\/www.memo-media.de\/blog\/gauklerfest-2019-koblenz\/\" \/>\n<meta property=\"og:site_name\" content=\"memo-media Blog f\u00fcr die Eventplanung\" \/>\n<meta property=\"article:published_time\" content=\"2019-08-04T10:00:46+00:00\" \/>\n<meta property=\"article:modified_time\" content=\"2020-04-27T07:50:45+00:00\" \/>\n<meta property=\"og:image\" content=\"https:\/\/www.memo-media.de\/blog\/wp-content\/uploads\/2019\/08\/dsc_6429.jpg\" \/>\n\t<meta property=\"og:image:width\" content=\"1052\" \/>\n\t<meta property=\"og:image:height\" content=\"892\" \/>\n\t<meta property=\"og:image:type\" content=\"image\/jpeg\" \/>\n<meta name=\"author\" content=\"Jens Kahnert\" \/>\n<meta name=\"twitter:label1\" content=\"Verfasst von\" \/>\n\t<meta name=\"twitter:data1\" content=\"Jens Kahnert\" \/>\n\t<meta name=\"twitter:label2\" content=\"Gesch\u00e4tzte Lesezeit\" \/>\n\t<meta name=\"twitter:data2\" content=\"2\u00a0Minuten\" \/>\n<script type=\"application\/ld+json\" class=\"yoast-schema-graph\">{\"@context\":\"https:\/\/schema.org\",\"@graph\":[{\"@type\":\"WebPage\",\"@id\":\"https:\/\/www.memo-media.de\/blog\/gauklerfest-2019-koblenz\/\",\"url\":\"https:\/\/www.memo-media.de\/blog\/gauklerfest-2019-koblenz\/\",\"name\":\"Die Festung lebt und bebt! - Das 28. Gauklerfest 2019 in Koblenz\",\"isPartOf\":{\"@id\":\"https:\/\/www.memo-media.de\/blog\/#website\"},\"datePublished\":\"2019-08-04T10:00:46+00:00\",\"dateModified\":\"2020-04-27T07:50:45+00:00\",\"author\":{\"@id\":\"https:\/\/www.memo-media.de\/blog\/#\/schema\/person\/2bd97aa8e803bdc43a71994ce8840098\"},\"description\":\"2019 bestritten 150 K\u00fcnstler aller m\u00f6glichen Genres das Programm des Gauklerfestes in der Festung Ehrenbreitstein in Koblenz.\",\"breadcrumb\":{\"@id\":\"https:\/\/www.memo-media.de\/blog\/gauklerfest-2019-koblenz\/#breadcrumb\"},\"inLanguage\":\"de\",\"potentialAction\":[{\"@type\":\"ReadAction\",\"target\":[\"https:\/\/www.memo-media.de\/blog\/gauklerfest-2019-koblenz\/\"]}]},{\"@type\":\"BreadcrumbList\",\"@id\":\"https:\/\/www.memo-media.de\/blog\/gauklerfest-2019-koblenz\/#breadcrumb\",\"itemListElement\":[{\"@type\":\"ListItem\",\"position\":1,\"name\":\"Home\",\"item\":\"https:\/\/www.memo-media.de\/blog\/\"},{\"@type\":\"ListItem\",\"position\":2,\"name\":\"Die Festung lebt und bebt! &#8211; Das 28. Gauklerfest 2019 in Koblenz\"}]},{\"@type\":\"WebSite\",\"@id\":\"https:\/\/www.memo-media.de\/blog\/#website\",\"url\":\"https:\/\/www.memo-media.de\/blog\/\",\"name\":\"memo-media Blog f\u00fcr die Eventplanung\",\"description\":\"News und Facts aus der Eventbranche f\u00fcr die Eventbranche\",\"potentialAction\":[{\"@type\":\"SearchAction\",\"target\":{\"@type\":\"EntryPoint\",\"urlTemplate\":\"https:\/\/www.memo-media.de\/blog\/?s={search_term_string}\"},\"query-input\":\"required name=search_term_string\"}],\"inLanguage\":\"de\"},{\"@type\":\"Person\",\"@id\":\"https:\/\/www.memo-media.de\/blog\/#\/schema\/person\/2bd97aa8e803bdc43a71994ce8840098\",\"name\":\"Jens Kahnert\",\"image\":{\"@type\":\"ImageObject\",\"inLanguage\":\"de\",\"@id\":\"https:\/\/www.memo-media.de\/blog\/#\/schema\/person\/image\/\",\"url\":\"https:\/\/www.memo-media.de\/blog\/wp-content\/uploads\/2024\/02\/0137_web-150x150.jpg\",\"contentUrl\":\"https:\/\/www.memo-media.de\/blog\/wp-content\/uploads\/2024\/02\/0137_web-150x150.jpg\",\"caption\":\"Jens Kahnert\"},\"description\":\"Jens ist euer Experte in Sachen Event- und K\u00fcnstlerideen. In fast 20 Jahren memo-media lernt man nicht nur viele tolle und interessante Leute kennen, sondern sieht und erlebt auch eine ganze Menge. Neben dem Besuch von unz\u00e4hligen Messen, Veranstaltungen, Festivals, Variet\u00e9s und Konzerten, sitzt Jens auch seit einigen Jahren in der Jury des Internationalen Kleinkunstfestivals Usedom, bei der Gauklerfestung Koblenz und beim Eventex-Award. Dazu die j\u00e4hrliche Produktion des Eventbranchenbuchs und die Betreuung der Kunden auf www.memo-media.de als auch der Anzeigenkunden des Magazins showcases und der Eventmoods collected by memo-media: Da sammelt sich so einiges an Wissen \u00fcber ausgefallene K\u00fcnstler, spannende Geheimtipps und einzigartige Event-Ideen an! Als staatlich gepr\u00fcfter Betriebswirt f\u00fcr Marketing-Kommunikation hat er auch immer eine Idee, wie wir euch aktiv bei der Vermarktung \u00fcber memo-media unterst\u00fctzen k\u00f6nnen. Und wenn er gerade nicht im Einsatz f\u00fcr memo-media ist, findet ihr ihn wahrscheinlich auf seinem E-MTB oder mit einem Handball auf dem Feld \u2013 egal ob Beachplatz im Sommer oder Halle im Winter.\",\"url\":\"https:\/\/www.memo-media.de\/blog\/author\/jens-kahnert\/\"}]}<\/script>\n<!-- \/ Yoast SEO Premium plugin. -->","yoast_head_json":{"title":"Die Festung lebt und bebt! - Das 28. Gauklerfest 2019 in Koblenz","description":"2019 bestritten 150 K\u00fcnstler aller m\u00f6glichen Genres das Programm des Gauklerfestes in der Festung Ehrenbreitstein in Koblenz.","robots":{"index":"index","follow":"follow","max-snippet":"max-snippet:-1","max-image-preview":"max-image-preview:large","max-video-preview":"max-video-preview:-1"},"canonical":"https:\/\/www.memo-media.de\/blog\/gauklerfest-2019-koblenz\/","og_locale":"de_DE","og_type":"article","og_title":"Die Festung lebt und bebt! - Das 28. Gauklerfest 2019 in Koblenz","og_description":"2019 bestritten 150 K\u00fcnstler aller m\u00f6glichen Genres das Programm des Gauklerfestes in der Festung Ehrenbreitstein in Koblenz.","og_url":"https:\/\/www.memo-media.de\/blog\/gauklerfest-2019-koblenz\/","og_site_name":"memo-media Blog f\u00fcr die Eventplanung","article_published_time":"2019-08-04T10:00:46+00:00","article_modified_time":"2020-04-27T07:50:45+00:00","og_image":[{"width":1052,"height":892,"url":"https:\/\/www.memo-media.de\/blog\/wp-content\/uploads\/2019\/08\/dsc_6429.jpg","type":"image\/jpeg"}],"author":"Jens Kahnert","twitter_misc":{"Verfasst von":"Jens Kahnert","Gesch\u00e4tzte Lesezeit":"2\u00a0Minuten"},"schema":{"@context":"https:\/\/schema.org","@graph":[{"@type":"WebPage","@id":"https:\/\/www.memo-media.de\/blog\/gauklerfest-2019-koblenz\/","url":"https:\/\/www.memo-media.de\/blog\/gauklerfest-2019-koblenz\/","name":"Die Festung lebt und bebt! - Das 28. Gauklerfest 2019 in Koblenz","isPartOf":{"@id":"https:\/\/www.memo-media.de\/blog\/#website"},"datePublished":"2019-08-04T10:00:46+00:00","dateModified":"2020-04-27T07:50:45+00:00","author":{"@id":"https:\/\/www.memo-media.de\/blog\/#\/schema\/person\/2bd97aa8e803bdc43a71994ce8840098"},"description":"2019 bestritten 150 K\u00fcnstler aller m\u00f6glichen Genres das Programm des Gauklerfestes in der Festung Ehrenbreitstein in Koblenz.","breadcrumb":{"@id":"https:\/\/www.memo-media.de\/blog\/gauklerfest-2019-koblenz\/#breadcrumb"},"inLanguage":"de","potentialAction":[{"@type":"ReadAction","target":["https:\/\/www.memo-media.de\/blog\/gauklerfest-2019-koblenz\/"]}]},{"@type":"BreadcrumbList","@id":"https:\/\/www.memo-media.de\/blog\/gauklerfest-2019-koblenz\/#breadcrumb","itemListElement":[{"@type":"ListItem","position":1,"name":"Home","item":"https:\/\/www.memo-media.de\/blog\/"},{"@type":"ListItem","position":2,"name":"Die Festung lebt und bebt! &#8211; Das 28. Gauklerfest 2019 in Koblenz"}]},{"@type":"WebSite","@id":"https:\/\/www.memo-media.de\/blog\/#website","url":"https:\/\/www.memo-media.de\/blog\/","name":"memo-media Blog f\u00fcr die Eventplanung","description":"News und Facts aus der Eventbranche f\u00fcr die Eventbranche","potentialAction":[{"@type":"SearchAction","target":{"@type":"EntryPoint","urlTemplate":"https:\/\/www.memo-media.de\/blog\/?s={search_term_string}"},"query-input":"required name=search_term_string"}],"inLanguage":"de"},{"@type":"Person","@id":"https:\/\/www.memo-media.de\/blog\/#\/schema\/person\/2bd97aa8e803bdc43a71994ce8840098","name":"Jens Kahnert","image":{"@type":"ImageObject","inLanguage":"de","@id":"https:\/\/www.memo-media.de\/blog\/#\/schema\/person\/image\/","url":"https:\/\/www.memo-media.de\/blog\/wp-content\/uploads\/2024\/02\/0137_web-150x150.jpg","contentUrl":"https:\/\/www.memo-media.de\/blog\/wp-content\/uploads\/2024\/02\/0137_web-150x150.jpg","caption":"Jens Kahnert"},"description":"Jens ist euer Experte in Sachen Event- und K\u00fcnstlerideen. In fast 20 Jahren memo-media lernt man nicht nur viele tolle und interessante Leute kennen, sondern sieht und erlebt auch eine ganze Menge. Neben dem Besuch von unz\u00e4hligen Messen, Veranstaltungen, Festivals, Variet\u00e9s und Konzerten, sitzt Jens auch seit einigen Jahren in der Jury des Internationalen Kleinkunstfestivals Usedom, bei der Gauklerfestung Koblenz und beim Eventex-Award. Dazu die j\u00e4hrliche Produktion des Eventbranchenbuchs und die Betreuung der Kunden auf www.memo-media.de als auch der Anzeigenkunden des Magazins showcases und der Eventmoods collected by memo-media: Da sammelt sich so einiges an Wissen \u00fcber ausgefallene K\u00fcnstler, spannende Geheimtipps und einzigartige Event-Ideen an! Als staatlich gepr\u00fcfter Betriebswirt f\u00fcr Marketing-Kommunikation hat er auch immer eine Idee, wie wir euch aktiv bei der Vermarktung \u00fcber memo-media unterst\u00fctzen k\u00f6nnen. Und wenn er gerade nicht im Einsatz f\u00fcr memo-media ist, findet ihr ihn wahrscheinlich auf seinem E-MTB oder mit einem Handball auf dem Feld \u2013 egal ob Beachplatz im Sommer oder Halle im Winter.","url":"https:\/\/www.memo-media.de\/blog\/author\/jens-kahnert\/"}]}},"_links":{"self":[{"href":"https:\/\/www.memo-media.de\/blog\/wp-json\/wp\/v2\/posts\/10059"}],"collection":[{"href":"https:\/\/www.memo-media.de\/blog\/wp-json\/wp\/v2\/posts"}],"about":[{"href":"https:\/\/www.memo-media.de\/blog\/wp-json\/wp\/v2\/types\/post"}],"author":[{"embeddable":true,"href":"https:\/\/www.memo-media.de\/blog\/wp-json\/wp\/v2\/users\/6"}],"replies":[{"embeddable":true,"href":"https:\/\/www.memo-media.de\/blog\/wp-json\/wp\/v2\/comments?post=10059"}],"version-history":[{"count":3,"href":"https:\/\/www.memo-media.de\/blog\/wp-json\/wp\/v2\/posts\/10059\/revisions"}],"predecessor-version":[{"id":10092,"href":"https:\/\/www.memo-media.de\/blog\/wp-json\/wp\/v2\/posts\/10059\/revisions\/10092"}],"wp:featuredmedia":[{"embeddable":true,"href":"https:\/\/www.memo-media.de\/blog\/wp-json\/wp\/v2\/media\/10084"}],"wp:attachment":[{"href":"https:\/\/www.memo-media.de\/blog\/wp-json\/wp\/v2\/media?parent=10059"}],"wp:term":[{"taxonomy":"category","embeddable":true,"href":"https:\/\/www.memo-media.de\/blog\/wp-json\/wp\/v2\/categories?post=10059"},{"taxonomy":"post_tag","embeddable":true,"href":"https:\/\/www.memo-media.de\/blog\/wp-json\/wp\/v2\/tags?post=10059"}],"curies":[{"name":"wp","href":"https:\/\/api.w.org\/{rel}","templated":true}]}}